{"id":250,"date":"2014-10-20T21:40:20","date_gmt":"2014-10-20T21:40:20","guid":{"rendered":"http:\/\/www.iuma.ulpgc.es\/carballo\/?p=250"},"modified":"2014-10-20T22:14:26","modified_gmt":"2014-10-20T22:14:26","slug":"directiva-raee","status":"publish","type":"post","link":"https:\/\/www.iuma.ulpgc.es\/carballo\/directiva-raee\/","title":{"rendered":"Residuos de aparatos el\u00e9ctricos y electr\u00f3nicos (RAEE)"},"content":{"rendered":"<p><a href=\"https:\/\/www.iuma.ulpgc.es\/carballo\/wp-content\/uploads\/2014\/10\/RAEE.jpg\"><img loading=\"lazy\" decoding=\"async\" class=\"wp-image-255  alignleft\" src=\"https:\/\/www.iuma.ulpgc.es\/carballo\/wp-content\/uploads\/2014\/10\/RAEE.jpg\" alt=\"Directica RAEE\" width=\"381\" height=\"167\" srcset=\"https:\/\/www.iuma.ulpgc.es\/carballo\/wp-content\/uploads\/2014\/10\/RAEE.jpg 459w, https:\/\/www.iuma.ulpgc.es\/carballo\/wp-content\/uploads\/2014\/10\/RAEE-300x131.jpg 300w, https:\/\/www.iuma.ulpgc.es\/carballo\/wp-content\/uploads\/2014\/10\/RAEE-100x43.jpg 100w, https:\/\/www.iuma.ulpgc.es\/carballo\/wp-content\/uploads\/2014\/10\/RAEE-150x65.jpg 150w, https:\/\/www.iuma.ulpgc.es\/carballo\/wp-content\/uploads\/2014\/10\/RAEE-200x87.jpg 200w, https:\/\/www.iuma.ulpgc.es\/carballo\/wp-content\/uploads\/2014\/10\/RAEE-450x197.jpg 450w\" sizes=\"auto, (max-width: 381px) 100vw, 381px\" \/><\/a><\/p>\n<p style=\"text-align: justify;\">Europa aprob\u00f3 en el a\u00f1o 2012 la nueva directiva sobre residuos de aparatos el\u00e9ctricos y electr\u00f3nicos (RAEE) que deber\u00eda ser incorporada a las legislaciones nacionales con fecha 14 de febrero de 2014. Recientemente la Comisi\u00f3n ha pedido a Espa\u00f1a (y a Letonia, Polonia y Ruman\u00eda) que adopten la normativa de la UE sobre residuos de aparatos el\u00e9ctricos y electr\u00f3nicos.<\/p>\n<p style=\"text-align: justify;\"><!--more--><\/p>\n<p style=\"text-align: justify;\">La Comisi\u00f3n pide a Espa\u00f1a, Letonia, Polonia y Ruman\u00eda que detallen c\u00f3mo incorporan la normativa de la UE sobre residuos de aparatos el\u00e9ctricos y electr\u00f3nicos (RAEE) a su legislaci\u00f3n nacional, obligaci\u00f3n que ten\u00edan que haber cumplido para el 14 de febrero de 2014. La nueva Directiva RAEE actualiza y sustituye normativas anteriores sobre residuos de aparatos el\u00e9ctricos y electr\u00f3nicos, y persigue prevenir o reducir los impactos adversos de la generaci\u00f3n y gesti\u00f3n de los RAEE en la salud humana y en el medio ambiente, as\u00ed como reducir los impactos globales del uso de los recursos y mejorar la eficiencia de dicho uso. Espa\u00f1a, Letonia, Polonia y Ruman\u00eda no respetaron el plazo original, por lo que la Comisi\u00f3n envi\u00f3 cartas de emplazamiento el 31 de marzo de 2014. La Comisi\u00f3n env\u00eda ahora dict\u00e1menes motivados; si estos Estados miembros no cumplen dicha obligaci\u00f3n jur\u00eddica en un plazo de dos meses, los casos pueden llevarse ante el Tribunal.<\/p>\n<p style=\"text-align: justify;\">Enlaces: \u00a0<a title=\"Directiva RAEE\" href=\"http:\/\/eur-lex.europa.eu\/legal-content\/ES\/TXT\/PDF\/?uri=CELEX:32012L0019&amp;rid=1\" target=\"_blank\">Directiva RAEE de la UE<\/a><\/p>\n","protected":false},"excerpt":{"rendered":"<p>Europa aprob\u00f3 en el a\u00f1o 2012 la nueva directiva sobre residuos de aparatos el\u00e9ctricos y electr\u00f3nicos (RAEE) que deber\u00eda ser incorporada a las legislaciones nacionales con fecha 14 de febrero de 2014. Recientemente la Comisi\u00f3n ha pedido a Espa\u00f1a (y a Letonia, Polonia y Ruman\u00eda) que adopten la normativa de la UE sobre residuos de &hellip; <\/p>\n<p class=\"link-more\"><a href=\"https:\/\/www.iuma.ulpgc.es\/carballo\/directiva-raee\/\" class=\"more-link\">Continuar leyendo<span class=\"screen-reader-text\"> \u00abResiduos de aparatos el\u00e9ctricos y electr\u00f3nicos (RAEE)\u00bb<\/span><\/a><\/p>\n","protected":false},"author":1,"featured_media":0,"comment_status":"open","ping_status":"open","sticky":false,"template":"","format":"standard","meta":{"footnotes":""},"categories":[7],"tags":[],"class_list":["post-250","post","type-post","status-publish","format-standard","hentry","category-blog"],"_links":{"self":[{"href":"https:\/\/www.iuma.ulpgc.es\/carballo\/wp-json\/wp\/v2\/posts\/250","targetHints":{"allow":["GET"]}}],"collection":[{"href":"https:\/\/www.iuma.ulpgc.es\/carballo\/wp-json\/wp\/v2\/posts"}],"about":[{"href":"https:\/\/www.iuma.ulpgc.es\/carballo\/wp-json\/wp\/v2\/types\/post"}],"author":[{"embeddable":true,"href":"https:\/\/www.iuma.ulpgc.es\/carballo\/wp-json\/wp\/v2\/users\/1"}],"replies":[{"embeddable":true,"href":"https:\/\/www.iuma.ulpgc.es\/carballo\/wp-json\/wp\/v2\/comments?post=250"}],"version-history":[{"count":6,"href":"https:\/\/www.iuma.ulpgc.es\/carballo\/wp-json\/wp\/v2\/posts\/250\/revisions"}],"predecessor-version":[{"id":257,"href":"https:\/\/www.iuma.ulpgc.es\/carballo\/wp-json\/wp\/v2\/posts\/250\/revisions\/257"}],"wp:attachment":[{"href":"https:\/\/www.iuma.ulpgc.es\/carballo\/wp-json\/wp\/v2\/media?parent=250"}],"wp:term":[{"taxonomy":"category","embeddable":true,"href":"https:\/\/www.iuma.ulpgc.es\/carballo\/wp-json\/wp\/v2\/categories?post=250"},{"taxonomy":"post_tag","embeddable":true,"href":"https:\/\/www.iuma.ulpgc.es\/carballo\/wp-json\/wp\/v2\/tags?post=250"}],"curies":[{"name":"wp","href":"https:\/\/api.w.org\/{rel}","templated":true}]}}