{"id":3004,"date":"2011-05-20T14:19:02","date_gmt":"2011-05-20T13:19:02","guid":{"rendered":"https:\/\/www.prueba.local\/comisie-garantde-calidad\/"},"modified":"2021-02-01T10:33:50","modified_gmt":"2021-02-01T10:33:50","slug":"comisie-garantde-calidad","status":"publish","type":"post","link":"https:\/\/www.iuma.ulpgc.es\/en\/comisie-garantde-calidad\/","title":{"rendered":"Sistema de Garant\u00eda de Calidad &#8211; Comisi\u00f3n de Garant\u00eda de Calidad"},"content":{"rendered":"<div align=\"justify\">\n<h3>Sistema de Garant\u00eda de Calidad del Instituto Universitario de Microelectr\u00f3nica Aplicada<\/h3>\n<\/div>\n<hr \/>\n<h2>Comisi\u00f3n de Garant\u00eda de Calidad<br \/>  <\/h2>\n<ul>\n<li><font size=\"2\" face=\"trebuchet ms,geneva\">El Director del IUMA que act\u00faa como Presidente de la Comisi\u00f3n:<\/font><\/li>\n<ul>\n<li><font size=\"2\" face=\"trebuchet ms,geneva\">&nbsp;Dr. D. Antonio N\u00fa&ntilde;ez Ord\u00f3&ntilde;ez (email: nunez@iuma.ulpgc.es)<br \/>  <\/font><\/li>\n<\/ul>\n<li><font size=\"2\" face=\"trebuchet ms,geneva\">El Subdirector de Calidad del IUMA, elegido por la Comisi\u00f3n Ejecutiva del Instituto:<\/font><\/li>\n<ul>\n<li><font size=\"2\" face=\"trebuchet ms,geneva\">Dr. D. Sebasti\u00e1n L\u00f3pez Su\u00e1rez (email: seblopez@iuma.ulpgc.es)<br \/>  <\/font><\/li>\n<\/ul>\n<li><font size=\"2\" face=\"trebuchet ms,geneva\">Un representante, profesor doctor adscrito al IUMA, por cada una de las siete divisiones del Instituto, elegidos por la Comisi\u00f3n Ejecutiva del Instituto, a propuesta de cada divisi\u00f3n:<\/font><\/li>\n<ul>\n<li><font size=\"2\" face=\"trebuchet ms,geneva\">Por la <\/font><font size=\"2\" face=\"trebuchet ms,geneva\">Divisi\u00f3n de Equipos y Sistemas de Comunicaci\u00f3n (COM): <br \/>  <\/font><\/li>\n<ul>\n<li><font size=\"2\" face=\"trebuchet ms,geneva\">Dr. D. Roberto Esper-Cha\u00edn Falc\u00f3n (email: esper@iuma.ulpgc.es)<br \/>  <\/font><\/li>\n<\/ul>\n<li><font size=\"2\" face=\"trebuchet ms,geneva\">Por la Divisi\u00f3n de Dise&ntilde;o de Sistemas Integrados (DSI): <br \/>  <\/font><\/li>\n<ul>\n<li><font size=\"2\" face=\"trebuchet ms,geneva\">Dr. D.&nbsp; Valent\u00edn de Armas Sosa (email: armas@iuma.ulpgc.es) <br \/>  <\/font><\/li>\n<\/ul>\n<li><font size=\"2\" face=\"trebuchet ms,geneva\">Por la Divisi\u00f3n de Tecnolog\u00eda de la Informaci\u00f3n (TI): <br \/>  <\/font><\/li>\n<ul>\n<li><font size=\"2\" face=\"trebuchet ms,geneva\">Dr. D. Fernando de la Puente Arrate (email: fpuente@iuma.ulpgc.es)<br \/>  <\/font><\/li>\n<\/ul>\n<li><font size=\"2\" face=\"trebuchet ms,geneva\">Por la Divisi\u00f3n de Microelectr\u00f3nica y Microsistemas (MEMS): <br \/>  <\/font><\/li>\n<ul>\n<li><font size=\"2\" face=\"trebuchet ms,geneva\">Dr. D. Carlos Javier Sosa Gonz\u00e1lez (email: jsosa@iuma.ulpgc.es)<br \/>  <\/font><\/li>\n<\/ul>\n<li><font size=\"2\" face=\"trebuchet ms,geneva\">Por la Divisi\u00f3n de sistemas industriales y CAD (SICAD): <br \/>  <\/font><\/li>\n<ul>\n<li><font size=\"2\" face=\"trebuchet ms,geneva\">Dr. D. Aurelio Vega Mart\u00ednez (email: avega@iuma.ulpgc.es)<br \/>  <\/font><\/li>\n<\/ul>\n<li><font size=\"2\" face=\"trebuchet ms,geneva\">Por la Divisi\u00f3n de Tecnolog\u00eda Microelectr\u00f3nica (TME): <br \/>  <\/font><\/li>\n<ul>\n<li><font size=\"2\" face=\"trebuchet ms,geneva\">Dr. D. Benito Gonz\u00e1lez P&eacute;rez (email: benito@iuma.ulpgc.es)<br \/>  <\/font><\/li>\n<\/ul>\n<li><font size=\"2\" face=\"trebuchet ms,geneva\">Por la Divisi\u00f3n de <\/font><font size=\"2\" face=\"trebuchet ms,geneva\">Matem\u00e1ticas, Gr\u00e1ficos y Computaci\u00f3n (<font size=\"2\">M<font size=\"2\">AGi<font size=\"2\">C<\/font><\/font><\/font>): <br \/>  <\/font><\/li>\n<ul>\n<li><font size=\"2\" face=\"trebuchet ms,geneva\">Dr. D. Miguel Angel Padr\u00f3n Medina (email: mpadron@iuma.ulpgc.es)<br \/>  <\/font><\/li>\n<\/ul>\n<\/ul>\n<\/ul>\n<p>  <font size=\"2\" face=\"trebuchet ms,geneva\">  <\/p>\n<ul>\n<li><font size=\"2\" face=\"trebuchet ms,geneva\">Un representante del PAS. <br \/>  <\/font><\/li>\n<ul>\n<li><font size=\"2\" face=\"trebuchet ms,geneva\">D. Enrique Montesdeoca Ojeda (email: enrique@iuma.ulpgc.es)<br \/>  <\/font><\/li>\n<\/ul>\n<li><font size=\"2\" face=\"trebuchet ms,geneva\">Un representante de entre los estudiantes de postgrado del IUMA. <\/font><\/li>\n<ul>\n<li><font size=\"2\" face=\"trebuchet ms,geneva\">Vacant<br \/>  <\/font><\/li>\n<\/ul>\n<\/ul>\n<p>  <font size=\"2\" face=\"trebuchet ms,geneva\"><br \/>  <\/font><\/font><\/p>","protected":false},"excerpt":{"rendered":"<p>Sistema de Garant\u00eda de Calidad del Instituto Universitario de Microelectr\u00f3nica Aplicada Comisi\u00f3n de Garant\u00eda de Calidad El Director del IUMA que act\u00faa como Presidente de la Comisi\u00f3n: &nbsp;Dr. D. Antonio N\u00fa&ntilde;ez Ord\u00f3&ntilde;ez (email: nunez@iuma.ulpgc.es) El Subdirector de Calidad del IUMA, elegido por la Comisi\u00f3n Ejecutiva del Instituto: Dr. D. Sebasti\u00e1n L\u00f3pez Su\u00e1rez (email: seblopez@iuma.ulpgc.es) Un [&hellip;]<\/p>\n","protected":false},"author":1,"featured_media":2209,"comment_status":"closed","ping_status":"open","sticky":false,"template":"","format":"standard","meta":{"_crdt_document":"","footnotes":""},"categories":[30],"tags":[],"class_list":["post-3004","post","type-post","status-publish","format-standard","has-post-thumbnail","hentry","category-sin-categoria"],"yoast_head":"<!-- This site is optimized with the Yoast SEO plugin v27.4 - https:\/\/yoast.com\/product\/yoast-seo-wordpress\/ -->\n<title>Sistema de Garant\u00eda de Calidad - Comisi\u00f3n de Garant\u00eda de Calidad - Instituto Universitario de Microelectr\u00f3nica Aplicada<\/title>\n<meta name=\"robots\" content=\"index, follow, max-snippet:-1, max-image-preview:large, max-video-preview:-1\" \/>\n<link rel=\"canonical\" href=\"https:\/\/www.iuma.ulpgc.es\/en\/comisie-garantde-calidad\/\" \/>\n<meta property=\"og:locale\" content=\"en_US\" \/>\n<meta property=\"og:type\" content=\"article\" \/>\n<meta property=\"og:title\" content=\"Sistema de Garant\u00eda de Calidad - Comisi\u00f3n de Garant\u00eda de Calidad - Instituto Universitario de Microelectr\u00f3nica Aplicada\" \/>\n<meta property=\"og:description\" content=\"Sistema de Garant\u00eda de Calidad del Instituto Universitario de Microelectr\u00f3nica Aplicada Comisi\u00f3n de Garant\u00eda de Calidad El Director del IUMA que act\u00faa como Presidente de la Comisi\u00f3n: &nbsp;Dr. D. Antonio N\u00fa&ntilde;ez Ord\u00f3&ntilde;ez (email: nunez@iuma.ulpgc.es) El Subdirector de Calidad del IUMA, elegido por la Comisi\u00f3n Ejecutiva del Instituto: Dr. D. Sebasti\u00e1n L\u00f3pez Su\u00e1rez (email: seblopez@iuma.ulpgc.es) Un [&hellip;]\" \/>\n<meta property=\"og:url\" content=\"https:\/\/www.iuma.ulpgc.es\/en\/comisie-garantde-calidad\/\" \/>\n<meta property=\"og:site_name\" content=\"Instituto Universitario de Microelectr\u00f3nica Aplicada\" \/>\n<meta property=\"article:publisher\" content=\"https:\/\/www.facebook.com\/IUMA.ulpgc\" \/>\n<meta property=\"article:published_time\" content=\"2011-05-20T13:19:02+00:00\" \/>\n<meta property=\"article:modified_time\" content=\"2021-02-01T10:33:50+00:00\" \/>\n<meta property=\"og:image\" content=\"https:\/\/www.iuma.ulpgc.es\/wp-content\/uploads\/2024\/02\/noticias-4-new.jpg\" \/>\n\t<meta property=\"og:image:width\" content=\"1081\" \/>\n\t<meta property=\"og:image:height\" content=\"721\" \/>\n\t<meta property=\"og:image:type\" content=\"image\/jpeg\" \/>\n<meta name=\"author\" content=\"wordpress\" \/>\n<meta name=\"twitter:card\" content=\"summary_large_image\" \/>\n<meta name=\"twitter:creator\" content=\"@iumanews\" \/>\n<meta name=\"twitter:site\" content=\"@iumanews\" \/>\n<meta name=\"twitter:label1\" content=\"Written by\" \/>\n\t<meta name=\"twitter:data1\" content=\"wordpress\" \/>\n\t<meta name=\"twitter:label2\" content=\"Est. reading time\" \/>\n\t<meta name=\"twitter:data2\" content=\"1 minute\" \/>\n<script type=\"application\/ld+json\" class=\"yoast-schema-graph\">{\"@context\":\"https:\\\/\\\/schema.org\",\"@graph\":[{\"@type\":\"Article\",\"@id\":\"https:\\\/\\\/www.iuma.ulpgc.es\\\/comisie-garantde-calidad\\\/#article\",\"isPartOf\":{\"@id\":\"https:\\\/\\\/www.iuma.ulpgc.es\\\/comisie-garantde-calidad\\\/\"},\"author\":{\"name\":\"wordpress\",\"@id\":\"https:\\\/\\\/www.iuma.ulpgc.es\\\/en\\\/#\\\/schema\\\/person\\\/37a33ecac9f83ab10f19329140aca8d8\"},\"headline\":\"Sistema de Garant\u00eda de Calidad &#8211; Comisi\u00f3n de Garant\u00eda de Calidad\",\"datePublished\":\"2011-05-20T13:19:02+00:00\",\"dateModified\":\"2021-02-01T10:33:50+00:00\",\"mainEntityOfPage\":{\"@id\":\"https:\\\/\\\/www.iuma.ulpgc.es\\\/comisie-garantde-calidad\\\/\"},\"wordCount\":307,\"image\":{\"@id\":\"https:\\\/\\\/www.iuma.ulpgc.es\\\/comisie-garantde-calidad\\\/#primaryimage\"},\"thumbnailUrl\":\"https:\\\/\\\/www.iuma.ulpgc.es\\\/wp-content\\\/uploads\\\/2024\\\/02\\\/noticias-4-new.jpg\",\"articleSection\":[\"Sin categor\u00eda\"],\"inLanguage\":\"en-US\"},{\"@type\":\"WebPage\",\"@id\":\"https:\\\/\\\/www.iuma.ulpgc.es\\\/comisie-garantde-calidad\\\/\",\"url\":\"https:\\\/\\\/www.iuma.ulpgc.es\\\/comisie-garantde-calidad\\\/\",\"name\":\"Sistema de Garant\u00eda de Calidad - Comisi\u00f3n de Garant\u00eda de Calidad - Instituto Universitario de Microelectr\u00f3nica Aplicada\",\"isPartOf\":{\"@id\":\"https:\\\/\\\/www.iuma.ulpgc.es\\\/en\\\/#website\"},\"primaryImageOfPage\":{\"@id\":\"https:\\\/\\\/www.iuma.ulpgc.es\\\/comisie-garantde-calidad\\\/#primaryimage\"},\"image\":{\"@id\":\"https:\\\/\\\/www.iuma.ulpgc.es\\\/comisie-garantde-calidad\\\/#primaryimage\"},\"thumbnailUrl\":\"https:\\\/\\\/www.iuma.ulpgc.es\\\/wp-content\\\/uploads\\\/2024\\\/02\\\/noticias-4-new.jpg\",\"datePublished\":\"2011-05-20T13:19:02+00:00\",\"dateModified\":\"2021-02-01T10:33:50+00:00\",\"author\":{\"@id\":\"https:\\\/\\\/www.iuma.ulpgc.es\\\/en\\\/#\\\/schema\\\/person\\\/37a33ecac9f83ab10f19329140aca8d8\"},\"breadcrumb\":{\"@id\":\"https:\\\/\\\/www.iuma.ulpgc.es\\\/comisie-garantde-calidad\\\/#breadcrumb\"},\"inLanguage\":\"en-US\",\"potentialAction\":[{\"@type\":\"ReadAction\",\"target\":[\"https:\\\/\\\/www.iuma.ulpgc.es\\\/comisie-garantde-calidad\\\/\"]}]},{\"@type\":\"ImageObject\",\"inLanguage\":\"en-US\",\"@id\":\"https:\\\/\\\/www.iuma.ulpgc.es\\\/comisie-garantde-calidad\\\/#primaryimage\",\"url\":\"https:\\\/\\\/www.iuma.ulpgc.es\\\/wp-content\\\/uploads\\\/2024\\\/02\\\/noticias-4-new.jpg\",\"contentUrl\":\"https:\\\/\\\/www.iuma.ulpgc.es\\\/wp-content\\\/uploads\\\/2024\\\/02\\\/noticias-4-new.jpg\",\"width\":1081,\"height\":721},{\"@type\":\"BreadcrumbList\",\"@id\":\"https:\\\/\\\/www.iuma.ulpgc.es\\\/comisie-garantde-calidad\\\/#breadcrumb\",\"itemListElement\":[{\"@type\":\"ListItem\",\"position\":1,\"name\":\"Home\",\"item\":\"https:\\\/\\\/www.iuma.ulpgc.es\\\/\"},{\"@type\":\"ListItem\",\"position\":2,\"name\":\"Sistema de Garant\u00eda de Calidad &#8211; Comisi\u00f3n de Garant\u00eda de Calidad\"}]},{\"@type\":\"WebSite\",\"@id\":\"https:\\\/\\\/www.iuma.ulpgc.es\\\/en\\\/#website\",\"url\":\"https:\\\/\\\/www.iuma.ulpgc.es\\\/en\\\/\",\"name\":\"Instituto Universitario de Microelectr\u00f3nica Aplicada\",\"description\":\"El IUMA es un centro de I+D+i de la ULPGC\",\"potentialAction\":[{\"@type\":\"SearchAction\",\"target\":{\"@type\":\"EntryPoint\",\"urlTemplate\":\"https:\\\/\\\/www.iuma.ulpgc.es\\\/en\\\/?s={search_term_string}\"},\"query-input\":{\"@type\":\"PropertyValueSpecification\",\"valueRequired\":true,\"valueName\":\"search_term_string\"}}],\"inLanguage\":\"en-US\"},{\"@type\":\"Person\",\"@id\":\"https:\\\/\\\/www.iuma.ulpgc.es\\\/en\\\/#\\\/schema\\\/person\\\/37a33ecac9f83ab10f19329140aca8d8\",\"name\":\"wordpress\",\"image\":{\"@type\":\"ImageObject\",\"inLanguage\":\"en-US\",\"@id\":\"https:\\\/\\\/secure.gravatar.com\\\/avatar\\\/df170964f67a2c1ea1f378c66f11bd551d50391502d817967ef2c8c9f2c3ef43?s=96&d=mm&r=g\",\"url\":\"https:\\\/\\\/secure.gravatar.com\\\/avatar\\\/df170964f67a2c1ea1f378c66f11bd551d50391502d817967ef2c8c9f2c3ef43?s=96&d=mm&r=g\",\"contentUrl\":\"https:\\\/\\\/secure.gravatar.com\\\/avatar\\\/df170964f67a2c1ea1f378c66f11bd551d50391502d817967ef2c8c9f2c3ef43?s=96&d=mm&r=g\",\"caption\":\"wordpress\"},\"sameAs\":[\"https:\\\/\\\/www.iuma.ulpgc.es\"],\"url\":\"https:\\\/\\\/www.iuma.ulpgc.es\\\/en\\\/author\\\/wordpress-2\\\/\"}]}<\/script>\n<!-- \/ Yoast SEO plugin. -->","yoast_head_json":{"title":"Sistema de Garant\u00eda de Calidad - Comisi\u00f3n de Garant\u00eda de Calidad - Instituto Universitario de Microelectr\u00f3nica Aplicada","robots":{"index":"index","follow":"follow","max-snippet":"max-snippet:-1","max-image-preview":"max-image-preview:large","max-video-preview":"max-video-preview:-1"},"canonical":"https:\/\/www.iuma.ulpgc.es\/en\/comisie-garantde-calidad\/","og_locale":"en_US","og_type":"article","og_title":"Sistema de Garant\u00eda de Calidad - Comisi\u00f3n de Garant\u00eda de Calidad - Instituto Universitario de Microelectr\u00f3nica Aplicada","og_description":"Sistema de Garant\u00eda de Calidad del Instituto Universitario de Microelectr\u00f3nica Aplicada Comisi\u00f3n de Garant\u00eda de Calidad El Director del IUMA que act\u00faa como Presidente de la Comisi\u00f3n: &nbsp;Dr. D. Antonio N\u00fa&ntilde;ez Ord\u00f3&ntilde;ez (email: nunez@iuma.ulpgc.es) El Subdirector de Calidad del IUMA, elegido por la Comisi\u00f3n Ejecutiva del Instituto: Dr. D. Sebasti\u00e1n L\u00f3pez Su\u00e1rez (email: seblopez@iuma.ulpgc.es) Un [&hellip;]","og_url":"https:\/\/www.iuma.ulpgc.es\/en\/comisie-garantde-calidad\/","og_site_name":"Instituto Universitario de Microelectr\u00f3nica Aplicada","article_publisher":"https:\/\/www.facebook.com\/IUMA.ulpgc","article_published_time":"2011-05-20T13:19:02+00:00","article_modified_time":"2021-02-01T10:33:50+00:00","og_image":[{"width":1081,"height":721,"url":"https:\/\/www.iuma.ulpgc.es\/wp-content\/uploads\/2024\/02\/noticias-4-new.jpg","type":"image\/jpeg"}],"author":"wordpress","twitter_card":"summary_large_image","twitter_creator":"@iumanews","twitter_site":"@iumanews","twitter_misc":{"Written by":"wordpress","Est. reading time":"1 minute"},"schema":{"@context":"https:\/\/schema.org","@graph":[{"@type":"Article","@id":"https:\/\/www.iuma.ulpgc.es\/comisie-garantde-calidad\/#article","isPartOf":{"@id":"https:\/\/www.iuma.ulpgc.es\/comisie-garantde-calidad\/"},"author":{"name":"wordpress","@id":"https:\/\/www.iuma.ulpgc.es\/en\/#\/schema\/person\/37a33ecac9f83ab10f19329140aca8d8"},"headline":"Sistema de Garant\u00eda de Calidad &#8211; Comisi\u00f3n de Garant\u00eda de Calidad","datePublished":"2011-05-20T13:19:02+00:00","dateModified":"2021-02-01T10:33:50+00:00","mainEntityOfPage":{"@id":"https:\/\/www.iuma.ulpgc.es\/comisie-garantde-calidad\/"},"wordCount":307,"image":{"@id":"https:\/\/www.iuma.ulpgc.es\/comisie-garantde-calidad\/#primaryimage"},"thumbnailUrl":"https:\/\/www.iuma.ulpgc.es\/wp-content\/uploads\/2024\/02\/noticias-4-new.jpg","articleSection":["Sin categor\u00eda"],"inLanguage":"en-US"},{"@type":"WebPage","@id":"https:\/\/www.iuma.ulpgc.es\/comisie-garantde-calidad\/","url":"https:\/\/www.iuma.ulpgc.es\/comisie-garantde-calidad\/","name":"Sistema de Garant\u00eda de Calidad - Comisi\u00f3n de Garant\u00eda de Calidad - Instituto Universitario de Microelectr\u00f3nica Aplicada","isPartOf":{"@id":"https:\/\/www.iuma.ulpgc.es\/en\/#website"},"primaryImageOfPage":{"@id":"https:\/\/www.iuma.ulpgc.es\/comisie-garantde-calidad\/#primaryimage"},"image":{"@id":"https:\/\/www.iuma.ulpgc.es\/comisie-garantde-calidad\/#primaryimage"},"thumbnailUrl":"https:\/\/www.iuma.ulpgc.es\/wp-content\/uploads\/2024\/02\/noticias-4-new.jpg","datePublished":"2011-05-20T13:19:02+00:00","dateModified":"2021-02-01T10:33:50+00:00","author":{"@id":"https:\/\/www.iuma.ulpgc.es\/en\/#\/schema\/person\/37a33ecac9f83ab10f19329140aca8d8"},"breadcrumb":{"@id":"https:\/\/www.iuma.ulpgc.es\/comisie-garantde-calidad\/#breadcrumb"},"inLanguage":"en-US","potentialAction":[{"@type":"ReadAction","target":["https:\/\/www.iuma.ulpgc.es\/comisie-garantde-calidad\/"]}]},{"@type":"ImageObject","inLanguage":"en-US","@id":"https:\/\/www.iuma.ulpgc.es\/comisie-garantde-calidad\/#primaryimage","url":"https:\/\/www.iuma.ulpgc.es\/wp-content\/uploads\/2024\/02\/noticias-4-new.jpg","contentUrl":"https:\/\/www.iuma.ulpgc.es\/wp-content\/uploads\/2024\/02\/noticias-4-new.jpg","width":1081,"height":721},{"@type":"BreadcrumbList","@id":"https:\/\/www.iuma.ulpgc.es\/comisie-garantde-calidad\/#breadcrumb","itemListElement":[{"@type":"ListItem","position":1,"name":"Home","item":"https:\/\/www.iuma.ulpgc.es\/"},{"@type":"ListItem","position":2,"name":"Sistema de Garant\u00eda de Calidad &#8211; Comisi\u00f3n de Garant\u00eda de Calidad"}]},{"@type":"WebSite","@id":"https:\/\/www.iuma.ulpgc.es\/en\/#website","url":"https:\/\/www.iuma.ulpgc.es\/en\/","name":"Institute for Applied Microelectronics","description":"El IUMA es un centro de I+D+i de la ULPGC","potentialAction":[{"@type":"SearchAction","target":{"@type":"EntryPoint","urlTemplate":"https:\/\/www.iuma.ulpgc.es\/en\/?s={search_term_string}"},"query-input":{"@type":"PropertyValueSpecification","valueRequired":true,"valueName":"search_term_string"}}],"inLanguage":"en-US"},{"@type":"Person","@id":"https:\/\/www.iuma.ulpgc.es\/en\/#\/schema\/person\/37a33ecac9f83ab10f19329140aca8d8","name":"wordpress","image":{"@type":"ImageObject","inLanguage":"en-US","@id":"https:\/\/secure.gravatar.com\/avatar\/df170964f67a2c1ea1f378c66f11bd551d50391502d817967ef2c8c9f2c3ef43?s=96&d=mm&r=g","url":"https:\/\/secure.gravatar.com\/avatar\/df170964f67a2c1ea1f378c66f11bd551d50391502d817967ef2c8c9f2c3ef43?s=96&d=mm&r=g","contentUrl":"https:\/\/secure.gravatar.com\/avatar\/df170964f67a2c1ea1f378c66f11bd551d50391502d817967ef2c8c9f2c3ef43?s=96&d=mm&r=g","caption":"wordpress"},"sameAs":["https:\/\/www.iuma.ulpgc.es"],"url":"https:\/\/www.iuma.ulpgc.es\/en\/author\/wordpress-2\/"}]}},"post_mailing_queue_ids":[],"_links":{"self":[{"href":"https:\/\/www.iuma.ulpgc.es\/en\/wp-json\/wp\/v2\/posts\/3004","targetHints":{"allow":["GET"]}}],"collection":[{"href":"https:\/\/www.iuma.ulpgc.es\/en\/wp-json\/wp\/v2\/posts"}],"about":[{"href":"https:\/\/www.iuma.ulpgc.es\/en\/wp-json\/wp\/v2\/types\/post"}],"author":[{"embeddable":true,"href":"https:\/\/www.iuma.ulpgc.es\/en\/wp-json\/wp\/v2\/users\/1"}],"replies":[{"embeddable":true,"href":"https:\/\/www.iuma.ulpgc.es\/en\/wp-json\/wp\/v2\/comments?post=3004"}],"version-history":[{"count":0,"href":"https:\/\/www.iuma.ulpgc.es\/en\/wp-json\/wp\/v2\/posts\/3004\/revisions"}],"wp:featuredmedia":[{"embeddable":true,"href":"https:\/\/www.iuma.ulpgc.es\/en\/wp-json\/wp\/v2\/media\/2209"}],"wp:attachment":[{"href":"https:\/\/www.iuma.ulpgc.es\/en\/wp-json\/wp\/v2\/media?parent=3004"}],"wp:term":[{"taxonomy":"category","embeddable":true,"href":"https:\/\/www.iuma.ulpgc.es\/en\/wp-json\/wp\/v2\/categories?post=3004"},{"taxonomy":"post_tag","embeddable":true,"href":"https:\/\/www.iuma.ulpgc.es\/en\/wp-json\/wp\/v2\/tags?post=3004"}],"curies":[{"name":"wp","href":"https:\/\/api.w.org\/{rel}","templated":true}]}}