{"id":3005,"date":"2011-05-09T00:00:00","date_gmt":"2011-05-08T23:00:00","guid":{"rendered":"https:\/\/www.prueba.local\/investigadoras-en-centros-lres-de-investigaci\/"},"modified":"2021-02-01T10:34:10","modified_gmt":"2021-02-01T10:34:10","slug":"investigadoras-en-centros-lres-de-investigaci","status":"publish","type":"post","link":"https:\/\/www.iuma.ulpgc.es\/en\/investigadoras-en-centros-lres-de-investigaci\/","title":{"rendered":"Researchers at leading research centers"},"content":{"rendered":"<div align=\"justify\"><font size=\"2\" face=\"trebuchet ms,geneva\">Tres investigadoras del Instituto Universitario de Microelectr\u00f3nica Aplicada (<strong>IUMA<\/strong>) de la ULPGC inician estancias en centros l\u00edderes de investigaci\u00f3n en <strong>Estados Unidos, Holanda e Italia. <\/strong><\/font>  <\/div>\n<p align=\"justify\"><font size=\"2\" face=\"trebuchet ms,geneva\">Trabajar\u00e1n en <strong>sistemas de informaci\u00f3n y comunicaciones<\/strong> basados en l\u00f3gica difusa, t&eacute;cnicas hiperespectrales de tratamiento de im\u00e1genes, redes l\u00f3gicas programables y unidades de procesado gr\u00e1fico GPU de muy bajo consumo, con aplicaciones en dispositivos m\u00f3viles y en sat&eacute;lites.<\/font><\/p>\n<p>     <!--more--> <!--[if gte mso 9]><xml>     Normal   0         21         false   false   false      ES   X-NONE   X-NONE                                                     MicrosoftInternetExplorer4                                                   <\/xml><![endif]--><!--[if gte mso 9]><xml>                                                                                                                                                                                                                                                                                                                                                                                                                                <\/xml><![endif]--><!--[if gte mso 10]> \n\n<style>  \/* Style Definitions *\/  table.MsoNormalTable \t{mso-style-name:\"Tabla normal\"; \tmso-tstyle-rowband-size:0; \tmso-tstyle-colband-size:0; \tmso-style-noshow:yes; \tmso-style-priority:99; \tmso-style-qformat:yes; \tmso-style-parent:\"\"; \tmso-padding-alt:0cm 5.4pt 0cm 5.4pt; \tmso-para-margin:0cm; \tmso-para-margin-bottom:.0001pt; \tmso-pagination:widow-orphan; \tfont-size:11.0pt; \tfont-family:\"Calibri\",\"sans-serif\"; \tmso-ascii-font-family:Calibri; \tmso-ascii-theme-font:minor-latin; \tmso-fareast-font-family:\"Times New Roman\"; \tmso-fareast-theme-font:minor-fareast; \tmso-hansi-font-family:Calibri; \tmso-hansi-theme-font:minor-latin; \tmso-bidi-font-family:\"Times New Roman\"; \tmso-bidi-theme-font:minor-bidi;} <\/style>\n\n <![endif]-->  <\/p>\n<div align=\"justify\">  <\/div>\n<div align=\"justify\"><font size=\"2\" face=\"trebuchet ms,geneva\">Tres investigadoras del IUMA realizar\u00e1n estancias en centros l\u00edderes de investigaci\u00f3n en Estados Unidos, Holanda e Italia. Trabajar\u00e1n en <strong>Sistemas de Informaci\u00f3n y Comunicaciones<\/strong> basados en l\u00f3gica difusa, t&eacute;cnicas hiperespectrales de tratamiento de im\u00e1genes, redes l\u00f3gicas programables y unidades de procesado gr\u00e1fico GPUs de muy bajo consumo, para aplicaciones en dispositivos m\u00f3viles y en sat&eacute;lites. Las estancias se inician ahora y se extienden en unos casos hasta marzo y en otros casos hasta junio de 2012.<\/font><\/div>\n<div align=\"justify\">&nbsp;<\/div>\n<div align=\"justify\"><font size=\"2\" face=\"trebuchet ms,geneva\"><strong>Virginia Tech, ESA y Universidad de Pisa.<\/strong> <\/font><\/div>\n<p align=\"justify\"><font size=\"2\" face=\"trebuchet ms,geneva\"><font size=\"2\" face=\"trebuchet ms,geneva\"><font size=\"2\" face=\"trebuchet ms,geneva\"><img decoding=\"async\" width=\"181px\" vspace=\"5\" hspace=\"5\" height=\"92px\" border=\"0\" align=\"left\" style=\"width: 181px; height: 92px;\" title=\"vt.jpg\" alt=\"vt.jpg\" src=\"images\/stories\/vt.jpg\" \/>La investigadora y doctorando del Instituto Universitario de Microelectr\u00f3nica Aplicada (IUMA) de la ULPGC <strong>Teresa Cervero<\/strong> ha obtenido financiaci\u00f3n para realizar una estancia de investigaci\u00f3n de su especialidad en el Instituto Tecnol\u00f3gico de Virginia (VirginiaTech), Blacksburg, Montgomery, Virginia, en Estados Unidos, con el grupo del profesor Peter Athanas. Teresa dedicar\u00e1 los pr\u00f3ximos 6 meses a trabajar en reconfiguraci\u00f3n din\u00e1mica de redes l\u00f3gicas programables para sistemas escalables de compresi\u00f3n de v\u00eddeo.<\/font><\/font><\/font><\/p>\n<p align=\"justify\"><font size=\"2\" face=\"trebuchet ms,geneva\"><font size=\"2\" face=\"trebuchet ms,geneva\"><font size=\"2\" face=\"trebuchet ms,geneva\"><font size=\"2\" face=\"trebuchet ms,geneva\"><font size=\"2\" face=\"trebuchet ms,geneva\"><font size=\"2\" face=\"trebuchet ms,geneva\"><font size=\"2\" face=\"trebuchet ms,geneva\"><font size=\"2\" face=\"trebuchet ms,geneva\"><font size=\"2\" face=\"trebuchet ms,geneva\"><font size=\"2\" face=\"trebuchet ms,geneva\"><font size=\"2\" face=\"trebuchet ms,geneva\">Por su parte la investigadora y doctorando del IUMA <strong>Lucana<\/strong><\/font><\/font><\/font><\/font><\/font><\/font><\/font><\/font><\/font><\/font><\/font><font size=\"2\" face=\"trebuchet ms,geneva\"><font size=\"2\" face=\"trebuchet ms,geneva\"><font size=\"2\" face=\"trebuchet ms,geneva\"><font size=\"2\" face=\"trebuchet ms,geneva\"><font size=\"2\" face=\"trebuchet ms,geneva\"><font size=\"2\" face=\"trebuchet ms,geneva\"><font size=\"2\" face=\"trebuchet ms,geneva\"><font size=\"2\" face=\"trebuchet ms,geneva\"><font size=\"2\" face=\"trebuchet ms,geneva\"><font size=\"2\" face=\"trebuchet ms,geneva\"><font size=\"2\" face=\"trebuchet ms,geneva\"><img decoding=\"async\" width=\"161px\" vspace=\"5\" hspace=\"5\" height=\"82px\" border=\"0\" align=\"right\" style=\"width: 161px; height: 82px;\" title=\"esa.jpg\" alt=\"esa.jpg\" src=\"images\/stories\/esa.jpg\" \/><\/font><\/font><\/font><\/font><\/font><\/font><\/font><\/font><\/font><\/font><\/font><font size=\"2\" face=\"trebuchet ms,geneva\"><font size=\"2\" face=\"trebuchet ms,geneva\"><font size=\"2\" face=\"trebuchet ms,geneva\"><font size=\"2\" face=\"trebuchet ms,geneva\"><font size=\"2\" face=\"trebuchet ms,geneva\"><font size=\"2\" face=\"trebuchet ms,geneva\"><font size=\"2\" face=\"trebuchet ms,geneva\"><font size=\"2\" face=\"trebuchet ms,geneva\"><font size=\"2\" face=\"trebuchet ms,geneva\"><font size=\"2\" face=\"trebuchet ms,geneva\"><font size=\"2\" face=\"trebuchet ms,geneva\"><strong> Santos<\/strong> viaja a la Agencia Espacial Europea, Centro Europeo de Tecnolog\u00eda e Investigaci\u00f3n Espacial (ESTEC) en Holanda, al norte de Roterdam, para trabajar otros 6 meses con <\/font><\/font><\/font><\/font><\/font><\/font><\/font><\/font><\/font><\/font><\/font><font size=\"2\" face=\"trebuchet ms,geneva\"><font size=\"2\" face=\"trebuchet ms,geneva\"><font size=\"2\" face=\"trebuchet ms,geneva\"><font size=\"2\" face=\"trebuchet ms,geneva\"><font size=\"2\" face=\"trebuchet ms,geneva\"><font size=\"2\" face=\"trebuchet ms,geneva\"><font size=\"2\" face=\"trebuchet ms,geneva\"><font size=\"2\" face=\"trebuchet ms,geneva\"><font size=\"2\" face=\"trebuchet ms,geneva\"><font size=\"2\" face=\"trebuchet ms,geneva\"><font size=\"2\" face=\"trebuchet ms,geneva\">el gru<\/font><\/font><\/font><\/font><\/font><\/font><\/font><\/font><\/font><\/font><\/font><font size=\"2\" face=\"trebuchet ms,geneva\"><font size=\"2\" face=\"trebuchet ms,geneva\"><font size=\"2\" face=\"trebuchet ms,geneva\"><font size=\"2\" face=\"trebuchet ms,geneva\"><font size=\"2\" face=\"trebuchet ms,geneva\"><font size=\"2\" face=\"trebuchet ms,geneva\"><font size=\"2\" face=\"trebuchet ms,geneva\"><font size=\"2\" face=\"trebuchet ms,geneva\"><font size=\"2\" face=\"trebuchet ms,geneva\"><font size=\"2\" face=\"trebuchet ms,geneva\"><font size=\"2\" face=\"trebuchet ms,geneva\">po de los cient\u00edficos Luca Fossa<\/font><\/font><\/font><\/font><\/font><\/font><\/font><\/font><\/font><\/font><\/font><font size=\"2\" face=\"trebuchet ms,geneva\"><font size=\"2\" face=\"trebuchet ms,geneva\"><font size=\"2\" face=\"trebuchet ms,geneva\"><font size=\"2\" face=\"trebuchet ms,geneva\"><font size=\"2\" face=\"trebuchet ms,geneva\"><font size=\"2\" face=\"trebuchet ms,geneva\"><font size=\"2\" face=\"trebuchet ms,geneva\"><font size=\"2\" face=\"trebuchet ms,geneva\"><font size=\"2\" face=\"trebuchet ms,geneva\"><font size=\"2\" face=\"trebuchet ms,geneva\"><font size=\"2\" face=\"trebuchet ms,geneva\">ti y Raffaele Vitulli. Lucana estudiar\u00e1 nuevas t&eacute;cnicas de compresi\u00f3n de im\u00e1genes hiperespectrales basadas en sistemas FPGA y GPU de ultra bajo consumo y su aplicaci\u00f3n a sat&eacute;lites de observaci\u00f3n de la Tierra.&nbsp;<\/font><\/font><\/font><\/font><\/font><\/font><\/font><\/font><\/font><\/font><\/font><\/p>\n<div align=\"justify\"><font size=\"2\" face=\"trebuchet ms,geneva\"><font size=\"2\" face=\"trebuchet ms,geneva\"><font size=\"2\" face=\"trebuchet ms,geneva\"><font size=\"2\" face=\"trebuchet ms,geneva\">  <\/font><\/font><\/font><\/font><\/div>\n<div align=\"justify\"><font size=\"2\" face=\"trebuchet ms,geneva\"><font size=\"2\" face=\"trebuchet ms,geneva\"><font size=\"2\" face=\"trebuchet ms,geneva\"><font size=\"2\" face=\"trebuchet ms,geneva\">  <\/font><\/font><\/font><\/font><\/div>\n<div align=\"justify\"><font size=\"2\" face=\"trebuchet ms,geneva\"><font size=\"2\" face=\"trebuchet ms,geneva\"><font size=\"2\" face=\"trebuchet ms,geneva\"><font size=\"2\" face=\"trebuchet ms,geneva\"><font size=\"2\" face=\"trebuchet ms,geneva\">Ambas estancias corresponden a l\u00edneas de investigaci\u00f3n de la <strong>Divisi\u00f3n de Sistemas Integrados<\/strong> del IUMA, que dirige el catedr\u00e1tico Roberto Sarmiento.<\/font><\/font><\/font><\/font><\/font><\/div>\n<p><font size=\"2\" face=\"trebuchet ms,geneva\"><font size=\"2\" face=\"trebuchet ms,geneva\"><font size=\"2\" face=\"trebuchet ms,geneva\"><font size=\"2\" face=\"trebuchet ms,geneva\">  <\/font><\/font><\/font><\/font><\/p>\n<p align=\"justify\"><font size=\"2\" face=\"trebuchet ms,geneva\"><font size=\"2\" face=\"trebuchet ms,geneva\"><font size=\"2\" face=\"trebuchet ms,geneva\"><font size=\"2\" face=\"trebuchet ms,geneva\"><font size=\"2\" face=\"trebuchet ms,geneva\"><img decoding=\"async\" width=\"139px\" vspace=\"5\" hspace=\"5\" height=\"122px\" border=\"0\" align=\"left\" style=\"width: 139px; height: 122px;\" title=\"pisa.jpg\" alt=\"pisa.jpg\" src=\"images\/stories\/pisa.jpg\" \/>Por otra parte la investigadora del IUMA <strong>Sonia Le\u00f3n del Rosario<\/strong> realizar\u00e1 otra estancia hasta junio del pr\u00f3ximo curso en Pisa, Italia, con el grupo de Inteligencia Computacional que lidera la profesora Beatrice Lazzerini, de la Facultad de Ingenier\u00eda de la Universidad de Pisa. Sonia estudiar\u00e1 nuevas t&eacute;cnicas de clasificaci\u00f3n y agrupaci\u00f3n relacional de datos y optimizaci\u00f3n multiobjetivo mediante algoritmos gen&eacute;ticos, redes neuronales y l\u00f3gica difusa.<\/font><\/font><\/font><\/font><\/font><\/p>\n<p><font size=\"2\" face=\"trebuchet ms,geneva\"><font size=\"2\" face=\"trebuchet ms,geneva\"><font size=\"2\" face=\"trebuchet ms,geneva\"><font size=\"2\" face=\"trebuchet ms,geneva\"><font size=\"2\" face=\"trebuchet ms,geneva\"><\/p>\n<div align=\"justify\"><font size=\"2\" face=\"trebuchet ms,geneva\"><font size=\"2\" face=\"trebuchet ms,geneva\"><font size=\"2\" face=\"trebuchet ms,geneva\"><font size=\"2\" face=\"trebuchet ms,geneva\"><font size=\"2\" face=\"trebuchet ms,geneva\"><font size=\"2\" face=\"trebuchet ms,geneva\">  <\/font><\/font><\/font><\/font><\/font><\/font><\/div>\n<p align=\"justify\"><font size=\"2\" face=\"trebuchet ms,geneva\"><font size=\"2\" face=\"trebuchet ms,geneva\"><font size=\"2\" face=\"trebuchet ms,geneva\"><font size=\"2\" face=\"trebuchet ms,geneva\"><font size=\"2\" face=\"trebuchet ms,geneva\"><font size=\"2\" face=\"trebuchet ms,geneva\"><font size=\"2\" face=\"trebuchet ms,geneva\">Esta estancia corresponde a una l\u00ednea de investigaci\u00f3n de la <strong>Divisi\u00f3n de Sistemas Industriales y CAD<\/strong>, que dirige el profesor Aurelio Vega.<\/font><\/font><\/font><\/font><\/font><\/font><\/font><\/p>\n<div align=\"justify\"><font size=\"2\" face=\"trebuchet ms,geneva\"><font size=\"2\" face=\"trebuchet ms,geneva\"><font size=\"2\" face=\"trebuchet ms,geneva\"><font size=\"2\" face=\"trebuchet ms,geneva\"><font size=\"2\" face=\"trebuchet ms,geneva\"><font size=\"2\" face=\"trebuchet ms,geneva\">  <\/font><\/font><\/font><\/font><\/font><\/font><\/div>\n<p align=\"justify\">&nbsp;<\/p>\n<p align=\"justify\"><strong>Estudios de postgrado y redes de excelencia.<\/strong><\/p>\n<p align=\"justify\"><font size=\"2\" face=\"trebuchet ms,geneva\"><font size=\"2\" face=\"trebuchet ms,geneva\"><font size=\"2\" face=\"trebuchet ms,geneva\"><font size=\"2\" face=\"trebuchet ms,geneva\"><font size=\"2\" face=\"trebuchet ms,geneva\"><font size=\"2\" face=\"trebuchet ms,geneva\"><font size=\"2\" face=\"trebuchet ms,geneva\">El IUMA imparte un <strong>m\u00e1ster de investigaci\u00f3n y doctorado en Tecnolog\u00edas de Telecomunicaci\u00f3n<\/strong> completamente adaptado a Bolonia y con acuerdos de colaboraci\u00f3n con grandes centros de investigaci\u00f3n internacionales que permiten complementar la formaci\u00f3n de los investigadores en tecnolog\u00edas avanzadas.<\/font><\/font><\/font><\/font><\/font><\/font><\/font><\/p>\n<div align=\"justify\"><font size=\"2\" face=\"trebuchet ms,geneva\"><font size=\"2\" face=\"trebuchet ms,geneva\"><font size=\"2\" face=\"trebuchet ms,geneva\"><font size=\"2\" face=\"trebuchet ms,geneva\"><font size=\"2\" face=\"trebuchet ms,geneva\"><font size=\"2\" face=\"trebuchet ms,geneva\">  <\/font><\/font><\/font><\/font><\/font><\/font><\/div>\n<p align=\"justify\"><font size=\"2\" face=\"trebuchet ms,geneva\"><font size=\"2\" face=\"trebuchet ms,geneva\"><font size=\"2\" face=\"trebuchet ms,geneva\"><font size=\"2\" face=\"trebuchet ms,geneva\"><font size=\"2\" face=\"trebuchet ms,geneva\"><font size=\"2\" face=\"trebuchet ms,geneva\"><font size=\"2\" face=\"trebuchet ms,geneva\">Estas estancias son tambi&eacute;n posibles por las <strong>redes de excelencia internacional<\/strong> de las que el IUMA es miembro de pleno derecho. Concretamente y en relaci\u00f3n a estas estancias el IUMA es miembro del grupo de Sistemas de Computaci\u00f3n de la Red europea de investigaci\u00f3n de excelencia (NoE) titulada <strong>HIPEAC<\/strong> (High Performance and Embedded Architecture and Compilation, o arquitectura y compiladores para sistemas integrados y de altas prestaciones). Esta red de excelencia est\u00e1 financiada por el S&eacute;ptimo Programa Marco de Investigaci\u00f3n de la Uni\u00f3n Europea. El IUMA es tambi&eacute;n miembro de la red nacional <strong>PRISMA<\/strong>, sobre procesado de imagen y se&ntilde;al multidimensional, y de la red europea <strong>COST<\/strong> (Complex High Performance Computing), sobre computaci\u00f3n de altas prestaciones en problemas complejos, tambi&eacute;n financiada por el Programa Marco europeo.<\/font><\/font><\/font><\/font><\/font><\/font><\/font><\/p>\n<div align=\"justify\"><font size=\"2\" face=\"trebuchet ms,geneva\"><font size=\"2\" face=\"trebuchet ms,geneva\"><font size=\"2\" face=\"trebuchet ms,geneva\"><font size=\"2\" face=\"trebuchet ms,geneva\"><font size=\"2\" face=\"trebuchet ms,geneva\"><font size=\"2\" face=\"trebuchet ms,geneva\">  <\/font><\/font><\/font><\/font><\/font><\/font><\/div>\n<p align=\"justify\"><font size=\"2\" face=\"trebuchet ms,geneva\"><font size=\"2\" face=\"trebuchet ms,geneva\"><font size=\"2\" face=\"trebuchet ms,geneva\"><font size=\"2\" face=\"trebuchet ms,geneva\"><font size=\"2\" face=\"trebuchet ms,geneva\"><font size=\"2\" face=\"trebuchet ms,geneva\"><font size=\"2\" face=\"trebuchet ms,geneva\">(M\u00e1s informaci\u00f3n: Antonio N\u00fa&ntilde;ez &#8211; Director &#8211; 928451230)<\/font><\/font><\/font><\/font><\/font><\/font><\/font><\/p>\n<p><font size=\"2\" face=\"trebuchet ms,geneva\"><font size=\"2\" face=\"trebuchet ms,geneva\"><font size=\"2\" face=\"trebuchet ms,geneva\"><font size=\"2\" face=\"trebuchet ms,geneva\"><font size=\"2\" face=\"trebuchet ms,geneva\"><font size=\"2\" face=\"trebuchet ms,geneva\">    <\/font><\/font><\/font><\/font><\/font><\/font><\/font><\/font><\/font><\/font><\/font><\/p>\n","protected":false},"excerpt":{"rendered":"<p>Tres investigadoras del Instituto Universitario de Microelectr\u00f3nica Aplicada (IUMA) de la ULPGC inician estancias en centros l\u00edderes de investigaci\u00f3n en Estados Unidos, Holanda e Italia. Trabajar\u00e1n en sistemas de informaci\u00f3n y comunicaciones basados en l\u00f3gica difusa, t&eacute;cnicas hiperespectrales de tratamiento de im\u00e1genes, redes l\u00f3gicas programables y unidades de procesado gr\u00e1fico GPU de muy bajo consumo, [&hellip;]<\/p>\n","protected":false},"author":1,"featured_media":2208,"comment_status":"closed","ping_status":"open","sticky":false,"template":"","format":"standard","meta":{"_crdt_document":"","footnotes":""},"categories":[14],"tags":[],"class_list":["post-3005","post","type-post","status-publish","format-standard","has-post-thumbnail","hentry","category-noticias-recientes"],"yoast_head":"<!-- This site is optimized with the Yoast SEO plugin v27.4 - https:\/\/yoast.com\/product\/yoast-seo-wordpress\/ -->\n<title>Investigadoras en centros l\u00edderes de investigaci\u00f3n - Instituto Universitario de Microelectr\u00f3nica Aplicada<\/title>\n<meta name=\"robots\" content=\"index, follow, max-snippet:-1, max-image-preview:large, max-video-preview:-1\" \/>\n<link rel=\"canonical\" href=\"https:\/\/www.iuma.ulpgc.es\/en\/investigadoras-en-centros-lres-de-investigaci\/\" \/>\n<meta property=\"og:locale\" content=\"en_US\" \/>\n<meta property=\"og:type\" content=\"article\" \/>\n<meta property=\"og:title\" content=\"Investigadoras en centros l\u00edderes de investigaci\u00f3n - Instituto Universitario de Microelectr\u00f3nica Aplicada\" \/>\n<meta property=\"og:description\" content=\"Tres investigadoras del Instituto Universitario de Microelectr\u00f3nica Aplicada (IUMA) de la ULPGC inician estancias en centros l\u00edderes de investigaci\u00f3n en Estados Unidos, Holanda e Italia. Trabajar\u00e1n en sistemas de informaci\u00f3n y comunicaciones basados en l\u00f3gica difusa, t&eacute;cnicas hiperespectrales de tratamiento de im\u00e1genes, redes l\u00f3gicas programables y unidades de procesado gr\u00e1fico GPU de muy bajo consumo, [&hellip;]\" \/>\n<meta property=\"og:url\" content=\"https:\/\/www.iuma.ulpgc.es\/en\/investigadoras-en-centros-lres-de-investigaci\/\" \/>\n<meta property=\"og:site_name\" content=\"Instituto Universitario de Microelectr\u00f3nica Aplicada\" \/>\n<meta property=\"article:publisher\" content=\"https:\/\/www.facebook.com\/IUMA.ulpgc\" \/>\n<meta property=\"article:published_time\" content=\"2011-05-08T23:00:00+00:00\" \/>\n<meta property=\"article:modified_time\" content=\"2021-02-01T10:34:10+00:00\" \/>\n<meta property=\"og:image\" content=\"https:\/\/www.iuma.ulpgc.es\/wp-content\/uploads\/2024\/02\/Noticias-2-new.jpg\" \/>\n\t<meta property=\"og:image:width\" content=\"1037\" \/>\n\t<meta property=\"og:image:height\" content=\"1037\" \/>\n\t<meta property=\"og:image:type\" content=\"image\/jpeg\" \/>\n<meta name=\"author\" content=\"wordpress\" \/>\n<meta name=\"twitter:card\" content=\"summary_large_image\" \/>\n<meta name=\"twitter:creator\" content=\"@iumanews\" \/>\n<meta name=\"twitter:site\" content=\"@iumanews\" \/>\n<meta name=\"twitter:label1\" content=\"Written by\" \/>\n\t<meta name=\"twitter:data1\" content=\"wordpress\" \/>\n\t<meta name=\"twitter:label2\" content=\"Est. reading time\" \/>\n\t<meta name=\"twitter:data2\" content=\"3 minutes\" \/>\n<script type=\"application\/ld+json\" class=\"yoast-schema-graph\">{\"@context\":\"https:\\\/\\\/schema.org\",\"@graph\":[{\"@type\":\"Article\",\"@id\":\"https:\\\/\\\/www.iuma.ulpgc.es\\\/investigadoras-en-centros-lres-de-investigaci\\\/#article\",\"isPartOf\":{\"@id\":\"https:\\\/\\\/www.iuma.ulpgc.es\\\/investigadoras-en-centros-lres-de-investigaci\\\/\"},\"author\":{\"name\":\"wordpress\",\"@id\":\"https:\\\/\\\/www.iuma.ulpgc.es\\\/en\\\/#\\\/schema\\\/person\\\/37a33ecac9f83ab10f19329140aca8d8\"},\"headline\":\"Investigadoras en centros l\u00edderes de investigaci\u00f3n\",\"datePublished\":\"2011-05-08T23:00:00+00:00\",\"dateModified\":\"2021-02-01T10:34:10+00:00\",\"mainEntityOfPage\":{\"@id\":\"https:\\\/\\\/www.iuma.ulpgc.es\\\/investigadoras-en-centros-lres-de-investigaci\\\/\"},\"wordCount\":685,\"image\":{\"@id\":\"https:\\\/\\\/www.iuma.ulpgc.es\\\/investigadoras-en-centros-lres-de-investigaci\\\/#primaryimage\"},\"thumbnailUrl\":\"https:\\\/\\\/www.iuma.ulpgc.es\\\/wp-content\\\/uploads\\\/2024\\\/02\\\/Noticias-2-new.jpg\",\"articleSection\":[\"Noticias Recientes\"],\"inLanguage\":\"en-US\"},{\"@type\":\"WebPage\",\"@id\":\"https:\\\/\\\/www.iuma.ulpgc.es\\\/investigadoras-en-centros-lres-de-investigaci\\\/\",\"url\":\"https:\\\/\\\/www.iuma.ulpgc.es\\\/investigadoras-en-centros-lres-de-investigaci\\\/\",\"name\":\"Investigadoras en centros l\u00edderes de investigaci\u00f3n - Instituto Universitario de Microelectr\u00f3nica Aplicada\",\"isPartOf\":{\"@id\":\"https:\\\/\\\/www.iuma.ulpgc.es\\\/en\\\/#website\"},\"primaryImageOfPage\":{\"@id\":\"https:\\\/\\\/www.iuma.ulpgc.es\\\/investigadoras-en-centros-lres-de-investigaci\\\/#primaryimage\"},\"image\":{\"@id\":\"https:\\\/\\\/www.iuma.ulpgc.es\\\/investigadoras-en-centros-lres-de-investigaci\\\/#primaryimage\"},\"thumbnailUrl\":\"https:\\\/\\\/www.iuma.ulpgc.es\\\/wp-content\\\/uploads\\\/2024\\\/02\\\/Noticias-2-new.jpg\",\"datePublished\":\"2011-05-08T23:00:00+00:00\",\"dateModified\":\"2021-02-01T10:34:10+00:00\",\"author\":{\"@id\":\"https:\\\/\\\/www.iuma.ulpgc.es\\\/en\\\/#\\\/schema\\\/person\\\/37a33ecac9f83ab10f19329140aca8d8\"},\"breadcrumb\":{\"@id\":\"https:\\\/\\\/www.iuma.ulpgc.es\\\/investigadoras-en-centros-lres-de-investigaci\\\/#breadcrumb\"},\"inLanguage\":\"en-US\",\"potentialAction\":[{\"@type\":\"ReadAction\",\"target\":[\"https:\\\/\\\/www.iuma.ulpgc.es\\\/investigadoras-en-centros-lres-de-investigaci\\\/\"]}]},{\"@type\":\"ImageObject\",\"inLanguage\":\"en-US\",\"@id\":\"https:\\\/\\\/www.iuma.ulpgc.es\\\/investigadoras-en-centros-lres-de-investigaci\\\/#primaryimage\",\"url\":\"https:\\\/\\\/www.iuma.ulpgc.es\\\/wp-content\\\/uploads\\\/2024\\\/02\\\/Noticias-2-new.jpg\",\"contentUrl\":\"https:\\\/\\\/www.iuma.ulpgc.es\\\/wp-content\\\/uploads\\\/2024\\\/02\\\/Noticias-2-new.jpg\",\"width\":1037,\"height\":1037},{\"@type\":\"BreadcrumbList\",\"@id\":\"https:\\\/\\\/www.iuma.ulpgc.es\\\/investigadoras-en-centros-lres-de-investigaci\\\/#breadcrumb\",\"itemListElement\":[{\"@type\":\"ListItem\",\"position\":1,\"name\":\"Home\",\"item\":\"https:\\\/\\\/www.iuma.ulpgc.es\\\/\"},{\"@type\":\"ListItem\",\"position\":2,\"name\":\"Investigadoras en centros l\u00edderes de investigaci\u00f3n\"}]},{\"@type\":\"WebSite\",\"@id\":\"https:\\\/\\\/www.iuma.ulpgc.es\\\/en\\\/#website\",\"url\":\"https:\\\/\\\/www.iuma.ulpgc.es\\\/en\\\/\",\"name\":\"Instituto Universitario de Microelectr\u00f3nica Aplicada\",\"description\":\"El IUMA es un centro de I+D+i de la ULPGC\",\"potentialAction\":[{\"@type\":\"SearchAction\",\"target\":{\"@type\":\"EntryPoint\",\"urlTemplate\":\"https:\\\/\\\/www.iuma.ulpgc.es\\\/en\\\/?s={search_term_string}\"},\"query-input\":{\"@type\":\"PropertyValueSpecification\",\"valueRequired\":true,\"valueName\":\"search_term_string\"}}],\"inLanguage\":\"en-US\"},{\"@type\":\"Person\",\"@id\":\"https:\\\/\\\/www.iuma.ulpgc.es\\\/en\\\/#\\\/schema\\\/person\\\/37a33ecac9f83ab10f19329140aca8d8\",\"name\":\"wordpress\",\"image\":{\"@type\":\"ImageObject\",\"inLanguage\":\"en-US\",\"@id\":\"https:\\\/\\\/secure.gravatar.com\\\/avatar\\\/df170964f67a2c1ea1f378c66f11bd551d50391502d817967ef2c8c9f2c3ef43?s=96&d=mm&r=g\",\"url\":\"https:\\\/\\\/secure.gravatar.com\\\/avatar\\\/df170964f67a2c1ea1f378c66f11bd551d50391502d817967ef2c8c9f2c3ef43?s=96&d=mm&r=g\",\"contentUrl\":\"https:\\\/\\\/secure.gravatar.com\\\/avatar\\\/df170964f67a2c1ea1f378c66f11bd551d50391502d817967ef2c8c9f2c3ef43?s=96&d=mm&r=g\",\"caption\":\"wordpress\"},\"sameAs\":[\"https:\\\/\\\/www.iuma.ulpgc.es\"],\"url\":\"https:\\\/\\\/www.iuma.ulpgc.es\\\/en\\\/author\\\/wordpress-2\\\/\"}]}<\/script>\n<!-- \/ Yoast SEO plugin. -->","yoast_head_json":{"title":"Investigadoras en centros l\u00edderes de investigaci\u00f3n - Instituto Universitario de Microelectr\u00f3nica Aplicada","robots":{"index":"index","follow":"follow","max-snippet":"max-snippet:-1","max-image-preview":"max-image-preview:large","max-video-preview":"max-video-preview:-1"},"canonical":"https:\/\/www.iuma.ulpgc.es\/en\/investigadoras-en-centros-lres-de-investigaci\/","og_locale":"en_US","og_type":"article","og_title":"Investigadoras en centros l\u00edderes de investigaci\u00f3n - Instituto Universitario de Microelectr\u00f3nica Aplicada","og_description":"Tres investigadoras del Instituto Universitario de Microelectr\u00f3nica Aplicada (IUMA) de la ULPGC inician estancias en centros l\u00edderes de investigaci\u00f3n en Estados Unidos, Holanda e Italia. Trabajar\u00e1n en sistemas de informaci\u00f3n y comunicaciones basados en l\u00f3gica difusa, t&eacute;cnicas hiperespectrales de tratamiento de im\u00e1genes, redes l\u00f3gicas programables y unidades de procesado gr\u00e1fico GPU de muy bajo consumo, [&hellip;]","og_url":"https:\/\/www.iuma.ulpgc.es\/en\/investigadoras-en-centros-lres-de-investigaci\/","og_site_name":"Instituto Universitario de Microelectr\u00f3nica Aplicada","article_publisher":"https:\/\/www.facebook.com\/IUMA.ulpgc","article_published_time":"2011-05-08T23:00:00+00:00","article_modified_time":"2021-02-01T10:34:10+00:00","og_image":[{"width":1037,"height":1037,"url":"https:\/\/www.iuma.ulpgc.es\/wp-content\/uploads\/2024\/02\/Noticias-2-new.jpg","type":"image\/jpeg"}],"author":"wordpress","twitter_card":"summary_large_image","twitter_creator":"@iumanews","twitter_site":"@iumanews","twitter_misc":{"Written by":"wordpress","Est. reading time":"3 minutes"},"schema":{"@context":"https:\/\/schema.org","@graph":[{"@type":"Article","@id":"https:\/\/www.iuma.ulpgc.es\/investigadoras-en-centros-lres-de-investigaci\/#article","isPartOf":{"@id":"https:\/\/www.iuma.ulpgc.es\/investigadoras-en-centros-lres-de-investigaci\/"},"author":{"name":"wordpress","@id":"https:\/\/www.iuma.ulpgc.es\/en\/#\/schema\/person\/37a33ecac9f83ab10f19329140aca8d8"},"headline":"Investigadoras en centros l\u00edderes de investigaci\u00f3n","datePublished":"2011-05-08T23:00:00+00:00","dateModified":"2021-02-01T10:34:10+00:00","mainEntityOfPage":{"@id":"https:\/\/www.iuma.ulpgc.es\/investigadoras-en-centros-lres-de-investigaci\/"},"wordCount":685,"image":{"@id":"https:\/\/www.iuma.ulpgc.es\/investigadoras-en-centros-lres-de-investigaci\/#primaryimage"},"thumbnailUrl":"https:\/\/www.iuma.ulpgc.es\/wp-content\/uploads\/2024\/02\/Noticias-2-new.jpg","articleSection":["Noticias Recientes"],"inLanguage":"en-US"},{"@type":"WebPage","@id":"https:\/\/www.iuma.ulpgc.es\/investigadoras-en-centros-lres-de-investigaci\/","url":"https:\/\/www.iuma.ulpgc.es\/investigadoras-en-centros-lres-de-investigaci\/","name":"Investigadoras en centros l\u00edderes de investigaci\u00f3n - Instituto Universitario de Microelectr\u00f3nica Aplicada","isPartOf":{"@id":"https:\/\/www.iuma.ulpgc.es\/en\/#website"},"primaryImageOfPage":{"@id":"https:\/\/www.iuma.ulpgc.es\/investigadoras-en-centros-lres-de-investigaci\/#primaryimage"},"image":{"@id":"https:\/\/www.iuma.ulpgc.es\/investigadoras-en-centros-lres-de-investigaci\/#primaryimage"},"thumbnailUrl":"https:\/\/www.iuma.ulpgc.es\/wp-content\/uploads\/2024\/02\/Noticias-2-new.jpg","datePublished":"2011-05-08T23:00:00+00:00","dateModified":"2021-02-01T10:34:10+00:00","author":{"@id":"https:\/\/www.iuma.ulpgc.es\/en\/#\/schema\/person\/37a33ecac9f83ab10f19329140aca8d8"},"breadcrumb":{"@id":"https:\/\/www.iuma.ulpgc.es\/investigadoras-en-centros-lres-de-investigaci\/#breadcrumb"},"inLanguage":"en-US","potentialAction":[{"@type":"ReadAction","target":["https:\/\/www.iuma.ulpgc.es\/investigadoras-en-centros-lres-de-investigaci\/"]}]},{"@type":"ImageObject","inLanguage":"en-US","@id":"https:\/\/www.iuma.ulpgc.es\/investigadoras-en-centros-lres-de-investigaci\/#primaryimage","url":"https:\/\/www.iuma.ulpgc.es\/wp-content\/uploads\/2024\/02\/Noticias-2-new.jpg","contentUrl":"https:\/\/www.iuma.ulpgc.es\/wp-content\/uploads\/2024\/02\/Noticias-2-new.jpg","width":1037,"height":1037},{"@type":"BreadcrumbList","@id":"https:\/\/www.iuma.ulpgc.es\/investigadoras-en-centros-lres-de-investigaci\/#breadcrumb","itemListElement":[{"@type":"ListItem","position":1,"name":"Home","item":"https:\/\/www.iuma.ulpgc.es\/"},{"@type":"ListItem","position":2,"name":"Investigadoras en centros l\u00edderes de investigaci\u00f3n"}]},{"@type":"WebSite","@id":"https:\/\/www.iuma.ulpgc.es\/en\/#website","url":"https:\/\/www.iuma.ulpgc.es\/en\/","name":"Institute for Applied Microelectronics","description":"El IUMA es un centro de I+D+i de la ULPGC","potentialAction":[{"@type":"SearchAction","target":{"@type":"EntryPoint","urlTemplate":"https:\/\/www.iuma.ulpgc.es\/en\/?s={search_term_string}"},"query-input":{"@type":"PropertyValueSpecification","valueRequired":true,"valueName":"search_term_string"}}],"inLanguage":"en-US"},{"@type":"Person","@id":"https:\/\/www.iuma.ulpgc.es\/en\/#\/schema\/person\/37a33ecac9f83ab10f19329140aca8d8","name":"wordpress","image":{"@type":"ImageObject","inLanguage":"en-US","@id":"https:\/\/secure.gravatar.com\/avatar\/df170964f67a2c1ea1f378c66f11bd551d50391502d817967ef2c8c9f2c3ef43?s=96&d=mm&r=g","url":"https:\/\/secure.gravatar.com\/avatar\/df170964f67a2c1ea1f378c66f11bd551d50391502d817967ef2c8c9f2c3ef43?s=96&d=mm&r=g","contentUrl":"https:\/\/secure.gravatar.com\/avatar\/df170964f67a2c1ea1f378c66f11bd551d50391502d817967ef2c8c9f2c3ef43?s=96&d=mm&r=g","caption":"wordpress"},"sameAs":["https:\/\/www.iuma.ulpgc.es"],"url":"https:\/\/www.iuma.ulpgc.es\/en\/author\/wordpress-2\/"}]}},"post_mailing_queue_ids":[],"_links":{"self":[{"href":"https:\/\/www.iuma.ulpgc.es\/en\/wp-json\/wp\/v2\/posts\/3005","targetHints":{"allow":["GET"]}}],"collection":[{"href":"https:\/\/www.iuma.ulpgc.es\/en\/wp-json\/wp\/v2\/posts"}],"about":[{"href":"https:\/\/www.iuma.ulpgc.es\/en\/wp-json\/wp\/v2\/types\/post"}],"author":[{"embeddable":true,"href":"https:\/\/www.iuma.ulpgc.es\/en\/wp-json\/wp\/v2\/users\/1"}],"replies":[{"embeddable":true,"href":"https:\/\/www.iuma.ulpgc.es\/en\/wp-json\/wp\/v2\/comments?post=3005"}],"version-history":[{"count":0,"href":"https:\/\/www.iuma.ulpgc.es\/en\/wp-json\/wp\/v2\/posts\/3005\/revisions"}],"wp:featuredmedia":[{"embeddable":true,"href":"https:\/\/www.iuma.ulpgc.es\/en\/wp-json\/wp\/v2\/media\/2208"}],"wp:attachment":[{"href":"https:\/\/www.iuma.ulpgc.es\/en\/wp-json\/wp\/v2\/media?parent=3005"}],"wp:term":[{"taxonomy":"category","embeddable":true,"href":"https:\/\/www.iuma.ulpgc.es\/en\/wp-json\/wp\/v2\/categories?post=3005"},{"taxonomy":"post_tag","embeddable":true,"href":"https:\/\/www.iuma.ulpgc.es\/en\/wp-json\/wp\/v2\/tags?post=3005"}],"curies":[{"name":"wp","href":"https:\/\/api.w.org\/{rel}","templated":true}]}}