{"id":3066,"date":"2012-11-14T09:08:56","date_gmt":"2012-11-14T09:08:56","guid":{"rendered":"https:\/\/www.prueba.local\/jornadas2012-cdra-telefa\/"},"modified":"2021-02-01T10:32:50","modified_gmt":"2021-02-01T10:32:50","slug":"jornadas2012-cdra-telefa","status":"publish","type":"post","link":"https:\/\/www.iuma.ulpgc.es\/en\/jornadas2012-cdra-telefa\/","title":{"rendered":"Conference 2012, ULPGC Telephone Chair"},"content":{"rendered":"<br \/>\n<table width=\"856\" height=\"189\" border=\"0\" align=\"center\">\n<tbody>\n<tr>\n<td>&nbsp;<a href=\"javascript:void window.open('http:\/\/www.iuma.ulpgc.local\/images\/stories\/UltimasNoticias\/jornadas_catedra_telefonica.jpg','Popup','width=936px,height=662px,location=no,menubar=no,scrollbars=yes,status=no,toolbar=no,resizable=no,screenX=936,screenY=662');\"><img loading=\"lazy\" decoding=\"async\" width=\"268\" vspace=\"3\" hspace=\"5\" height=\"187\" border=\"0\" title=\"Jornadas C\u00e1tedra Telef\u00f3nica\" alt=\"Jornadas C\u00e1tedra Telef\u00f3nica\" src=\"\/images\/stories\/UltimasNoticias\/jornadas_catedra_telefonica.jpg\" onmouseout=\"this.src='\/images\/stories\/UltimasNoticias\/jornadas_catedra_telefonica.jpg';\" \/><\/a><\/td>\n<td>\n<p align=\"justify\"><font size=\"2\" face=\"trebuchet ms,geneva\"><font size=\"2\">E<\/font>l pr\u00f3ximo lunes 19 de noviembre entre las 9:00 y 14:00 de la tarde tendr\u00e1n lugar las Jornadas 2012 de la C\u00e1tedra de Telef\u00f3nica <font size=\"2\">en la Universidad de Las Palmas de Gran Canaria.<\/font><\/font> <\/p>\n<p align=\"justify\"><font size=\"2\" face=\"trebuchet ms,geneva\"><font size=\"2\" face=\"trebuchet ms,geneva\">Se Contar\u00e1 con la asistencia de prestigiosos ponentes que hablar\u00e1n de la innovaci\u00f3n y el talento en el mundo hiperconectado.<\/font><\/font><\/p>\n<p align=\"justify\"><font size=\"2\" face=\"trebuchet ms,geneva\"><font size=\"2\" face=\"trebuchet ms,geneva\">La jornada es una apuesta decidida de la Universidad de Las Palmas de  Gran Canaria y de Telef\u00f3nica por incentivar y promocionar la innovaci\u00f3n y  el talento en torno a las nuevas tecnolog\u00edas. Pretendiendo ser una  clara estimulaci\u00f3n para una audiencia adaptada a los nuevos tiempos que  estimulen la creaci\u00f3n de nuevos negocios de base tecnol\u00f3gica.<\/font><br \/>  <\/font><\/p>\n<p><font size=\"2\" face=\"trebuchet ms,geneva\">  <\/font><\/td>\n<\/tr>\n<\/tbody>\n<\/table>\n<p><font size=\"2\" face=\"trebuchet ms,geneva\">       <\/font> <!--more-->  <\/p>\n<p><font size=\"2\" face=\"trebuchet ms,geneva\">El evento tendr\u00e1 lugar en el <font size=\"2\">C<\/font>amp<font size=\"2\">us<\/font> de Tafira <font size=\"2\">E<\/font>dificio de <font size=\"2\">E<\/font>lectr\u00f3nica y <font size=\"2\">T<\/font>elecomunicaciones, siendo la    asistencia libre y con la posibilidad de obtener una certificaci\u00f3n de    asistencia. Asimismo ser\u00e1 retransmitida mediante videostreaming  contando   con la participaci\u00f3n de otras universidades nacionales y de  la propia   empresa Telef\u00f3nica Espa&ntilde;a. Nuestras redes sociales tambi&eacute;n  har\u00e1n eco de   la jornada gracias a la retransmisi\u00f3n v\u00eda Twitter  (@CatedraTEFULPGC).<\/font><\/p>\n<p><font size=\"2\" face=\"trebuchet ms,geneva\"><font size=\"2\">El programa de Actos de las Jornadas se puede consultar en el siguiente documento<\/font> <a class=\"doclink\" href=\"index.php?option=com_docman&#038;task=doc_download&#038;gid=205\"><img decoding=\"async\" border=\"0\" alt=\"icon\" src=\"components\/com_docman\/themes\/default\/images\/icons\/16x16\/pdf.png\" \/> <font size=\"2\">Programa de Actos C\u00e1<font size=\"2\">tedra Telef\u00f3nica<\/font><\/font> 2012 ULPGC<\/a>. <\/font> <\/p>\n<p><font size=\"2\" face=\"trebuchet ms,geneva\">Para m\u00e1s informaci\u00f3n, visitar <a href=\"http:\/\/catedratelefonica.ulpgc.es\/ \">http:\/\/catedratelefonica.ulpgc.es\/ <\/a><\/font> <\/p>\n<p> <font size=\"2\" face=\"trebuchet ms,geneva\" \/><\/p>","protected":false},"excerpt":{"rendered":"<p>&nbsp; El pr\u00f3ximo lunes 19 de noviembre entre las 9:00 y 14:00 de la tarde tendr\u00e1n lugar las Jornadas 2012 de la C\u00e1tedra de Telef\u00f3nica en la Universidad de Las Palmas de Gran Canaria. Se Contar\u00e1 con la asistencia de prestigiosos ponentes que hablar\u00e1n de la innovaci\u00f3n y el talento en el mundo hiperconectado. La [&hellip;]<\/p>\n","protected":false},"author":1,"featured_media":2208,"comment_status":"closed","ping_status":"open","sticky":false,"template":"","format":"standard","meta":{"_crdt_document":"","footnotes":""},"categories":[14],"tags":[],"class_list":["post-3066","post","type-post","status-publish","format-standard","has-post-thumbnail","hentry","category-noticias-recientes"],"yoast_head":"<!-- This site is optimized with the Yoast SEO plugin v27.4 - https:\/\/yoast.com\/product\/yoast-seo-wordpress\/ -->\n<title>Jornadas 2012, C\u00e1tedra Telef\u00f3nica de la ULPGC - Instituto Universitario de Microelectr\u00f3nica Aplicada<\/title>\n<meta name=\"robots\" content=\"index, follow, max-snippet:-1, max-image-preview:large, max-video-preview:-1\" \/>\n<link rel=\"canonical\" href=\"https:\/\/www.iuma.ulpgc.es\/en\/jornadas2012-cdra-telefa\/\" \/>\n<meta property=\"og:locale\" content=\"en_US\" \/>\n<meta property=\"og:type\" content=\"article\" \/>\n<meta property=\"og:title\" content=\"Jornadas 2012, C\u00e1tedra Telef\u00f3nica de la ULPGC - Instituto Universitario de Microelectr\u00f3nica Aplicada\" \/>\n<meta property=\"og:description\" content=\"&nbsp; El pr\u00f3ximo lunes 19 de noviembre entre las 9:00 y 14:00 de la tarde tendr\u00e1n lugar las Jornadas 2012 de la C\u00e1tedra de Telef\u00f3nica en la Universidad de Las Palmas de Gran Canaria. Se Contar\u00e1 con la asistencia de prestigiosos ponentes que hablar\u00e1n de la innovaci\u00f3n y el talento en el mundo hiperconectado. La [&hellip;]\" \/>\n<meta property=\"og:url\" content=\"https:\/\/www.iuma.ulpgc.es\/en\/jornadas2012-cdra-telefa\/\" \/>\n<meta property=\"og:site_name\" content=\"Instituto Universitario de Microelectr\u00f3nica Aplicada\" \/>\n<meta property=\"article:publisher\" content=\"https:\/\/www.facebook.com\/IUMA.ulpgc\" \/>\n<meta property=\"article:published_time\" content=\"2012-11-14T09:08:56+00:00\" \/>\n<meta property=\"article:modified_time\" content=\"2021-02-01T10:32:50+00:00\" \/>\n<meta property=\"og:image\" content=\"https:\/\/www.iuma.ulpgc.es\/wp-content\/uploads\/2024\/02\/Noticias-2-new.jpg\" \/>\n\t<meta property=\"og:image:width\" content=\"1037\" \/>\n\t<meta property=\"og:image:height\" content=\"1037\" \/>\n\t<meta property=\"og:image:type\" content=\"image\/jpeg\" \/>\n<meta name=\"author\" content=\"wordpress\" \/>\n<meta name=\"twitter:card\" content=\"summary_large_image\" \/>\n<meta name=\"twitter:creator\" content=\"@iumanews\" \/>\n<meta name=\"twitter:site\" content=\"@iumanews\" \/>\n<meta name=\"twitter:label1\" content=\"Written by\" \/>\n\t<meta name=\"twitter:data1\" content=\"wordpress\" \/>\n\t<meta name=\"twitter:label2\" content=\"Est. reading time\" \/>\n\t<meta name=\"twitter:data2\" content=\"1 minute\" \/>\n<script type=\"application\/ld+json\" class=\"yoast-schema-graph\">{\"@context\":\"https:\\\/\\\/schema.org\",\"@graph\":[{\"@type\":\"Article\",\"@id\":\"https:\\\/\\\/www.iuma.ulpgc.es\\\/jornadas2012-cdra-telefa\\\/#article\",\"isPartOf\":{\"@id\":\"https:\\\/\\\/www.iuma.ulpgc.es\\\/jornadas2012-cdra-telefa\\\/\"},\"author\":{\"name\":\"wordpress\",\"@id\":\"https:\\\/\\\/www.iuma.ulpgc.es\\\/en\\\/#\\\/schema\\\/person\\\/37a33ecac9f83ab10f19329140aca8d8\"},\"headline\":\"Jornadas 2012, C\u00e1tedra Telef\u00f3nica de la ULPGC\",\"datePublished\":\"2012-11-14T09:08:56+00:00\",\"dateModified\":\"2021-02-01T10:32:50+00:00\",\"mainEntityOfPage\":{\"@id\":\"https:\\\/\\\/www.iuma.ulpgc.es\\\/jornadas2012-cdra-telefa\\\/\"},\"wordCount\":233,\"image\":{\"@id\":\"https:\\\/\\\/www.iuma.ulpgc.es\\\/jornadas2012-cdra-telefa\\\/#primaryimage\"},\"thumbnailUrl\":\"https:\\\/\\\/www.iuma.ulpgc.es\\\/wp-content\\\/uploads\\\/2024\\\/02\\\/Noticias-2-new.jpg\",\"articleSection\":[\"Noticias Recientes\"],\"inLanguage\":\"en-US\"},{\"@type\":\"WebPage\",\"@id\":\"https:\\\/\\\/www.iuma.ulpgc.es\\\/jornadas2012-cdra-telefa\\\/\",\"url\":\"https:\\\/\\\/www.iuma.ulpgc.es\\\/jornadas2012-cdra-telefa\\\/\",\"name\":\"Jornadas 2012, C\u00e1tedra Telef\u00f3nica de la ULPGC - Instituto Universitario de Microelectr\u00f3nica Aplicada\",\"isPartOf\":{\"@id\":\"https:\\\/\\\/www.iuma.ulpgc.es\\\/en\\\/#website\"},\"primaryImageOfPage\":{\"@id\":\"https:\\\/\\\/www.iuma.ulpgc.es\\\/jornadas2012-cdra-telefa\\\/#primaryimage\"},\"image\":{\"@id\":\"https:\\\/\\\/www.iuma.ulpgc.es\\\/jornadas2012-cdra-telefa\\\/#primaryimage\"},\"thumbnailUrl\":\"https:\\\/\\\/www.iuma.ulpgc.es\\\/wp-content\\\/uploads\\\/2024\\\/02\\\/Noticias-2-new.jpg\",\"datePublished\":\"2012-11-14T09:08:56+00:00\",\"dateModified\":\"2021-02-01T10:32:50+00:00\",\"author\":{\"@id\":\"https:\\\/\\\/www.iuma.ulpgc.es\\\/en\\\/#\\\/schema\\\/person\\\/37a33ecac9f83ab10f19329140aca8d8\"},\"breadcrumb\":{\"@id\":\"https:\\\/\\\/www.iuma.ulpgc.es\\\/jornadas2012-cdra-telefa\\\/#breadcrumb\"},\"inLanguage\":\"en-US\",\"potentialAction\":[{\"@type\":\"ReadAction\",\"target\":[\"https:\\\/\\\/www.iuma.ulpgc.es\\\/jornadas2012-cdra-telefa\\\/\"]}]},{\"@type\":\"ImageObject\",\"inLanguage\":\"en-US\",\"@id\":\"https:\\\/\\\/www.iuma.ulpgc.es\\\/jornadas2012-cdra-telefa\\\/#primaryimage\",\"url\":\"https:\\\/\\\/www.iuma.ulpgc.es\\\/wp-content\\\/uploads\\\/2024\\\/02\\\/Noticias-2-new.jpg\",\"contentUrl\":\"https:\\\/\\\/www.iuma.ulpgc.es\\\/wp-content\\\/uploads\\\/2024\\\/02\\\/Noticias-2-new.jpg\",\"width\":1037,\"height\":1037},{\"@type\":\"BreadcrumbList\",\"@id\":\"https:\\\/\\\/www.iuma.ulpgc.es\\\/jornadas2012-cdra-telefa\\\/#breadcrumb\",\"itemListElement\":[{\"@type\":\"ListItem\",\"position\":1,\"name\":\"Home\",\"item\":\"https:\\\/\\\/www.iuma.ulpgc.es\\\/\"},{\"@type\":\"ListItem\",\"position\":2,\"name\":\"Jornadas 2012, C\u00e1tedra Telef\u00f3nica de la ULPGC\"}]},{\"@type\":\"WebSite\",\"@id\":\"https:\\\/\\\/www.iuma.ulpgc.es\\\/en\\\/#website\",\"url\":\"https:\\\/\\\/www.iuma.ulpgc.es\\\/en\\\/\",\"name\":\"Instituto Universitario de Microelectr\u00f3nica Aplicada\",\"description\":\"El IUMA es un centro de I+D+i de la ULPGC\",\"potentialAction\":[{\"@type\":\"SearchAction\",\"target\":{\"@type\":\"EntryPoint\",\"urlTemplate\":\"https:\\\/\\\/www.iuma.ulpgc.es\\\/en\\\/?s={search_term_string}\"},\"query-input\":{\"@type\":\"PropertyValueSpecification\",\"valueRequired\":true,\"valueName\":\"search_term_string\"}}],\"inLanguage\":\"en-US\"},{\"@type\":\"Person\",\"@id\":\"https:\\\/\\\/www.iuma.ulpgc.es\\\/en\\\/#\\\/schema\\\/person\\\/37a33ecac9f83ab10f19329140aca8d8\",\"name\":\"wordpress\",\"image\":{\"@type\":\"ImageObject\",\"inLanguage\":\"en-US\",\"@id\":\"https:\\\/\\\/secure.gravatar.com\\\/avatar\\\/df170964f67a2c1ea1f378c66f11bd551d50391502d817967ef2c8c9f2c3ef43?s=96&d=mm&r=g\",\"url\":\"https:\\\/\\\/secure.gravatar.com\\\/avatar\\\/df170964f67a2c1ea1f378c66f11bd551d50391502d817967ef2c8c9f2c3ef43?s=96&d=mm&r=g\",\"contentUrl\":\"https:\\\/\\\/secure.gravatar.com\\\/avatar\\\/df170964f67a2c1ea1f378c66f11bd551d50391502d817967ef2c8c9f2c3ef43?s=96&d=mm&r=g\",\"caption\":\"wordpress\"},\"sameAs\":[\"https:\\\/\\\/www.iuma.ulpgc.es\"],\"url\":\"https:\\\/\\\/www.iuma.ulpgc.es\\\/en\\\/author\\\/wordpress-2\\\/\"}]}<\/script>\n<!-- \/ Yoast SEO plugin. -->","yoast_head_json":{"title":"Jornadas 2012, C\u00e1tedra Telef\u00f3nica de la ULPGC - Instituto Universitario de Microelectr\u00f3nica Aplicada","robots":{"index":"index","follow":"follow","max-snippet":"max-snippet:-1","max-image-preview":"max-image-preview:large","max-video-preview":"max-video-preview:-1"},"canonical":"https:\/\/www.iuma.ulpgc.es\/en\/jornadas2012-cdra-telefa\/","og_locale":"en_US","og_type":"article","og_title":"Jornadas 2012, C\u00e1tedra Telef\u00f3nica de la ULPGC - Instituto Universitario de Microelectr\u00f3nica Aplicada","og_description":"&nbsp; El pr\u00f3ximo lunes 19 de noviembre entre las 9:00 y 14:00 de la tarde tendr\u00e1n lugar las Jornadas 2012 de la C\u00e1tedra de Telef\u00f3nica en la Universidad de Las Palmas de Gran Canaria. Se Contar\u00e1 con la asistencia de prestigiosos ponentes que hablar\u00e1n de la innovaci\u00f3n y el talento en el mundo hiperconectado. La [&hellip;]","og_url":"https:\/\/www.iuma.ulpgc.es\/en\/jornadas2012-cdra-telefa\/","og_site_name":"Instituto Universitario de Microelectr\u00f3nica Aplicada","article_publisher":"https:\/\/www.facebook.com\/IUMA.ulpgc","article_published_time":"2012-11-14T09:08:56+00:00","article_modified_time":"2021-02-01T10:32:50+00:00","og_image":[{"width":1037,"height":1037,"url":"https:\/\/www.iuma.ulpgc.es\/wp-content\/uploads\/2024\/02\/Noticias-2-new.jpg","type":"image\/jpeg"}],"author":"wordpress","twitter_card":"summary_large_image","twitter_creator":"@iumanews","twitter_site":"@iumanews","twitter_misc":{"Written by":"wordpress","Est. reading time":"1 minute"},"schema":{"@context":"https:\/\/schema.org","@graph":[{"@type":"Article","@id":"https:\/\/www.iuma.ulpgc.es\/jornadas2012-cdra-telefa\/#article","isPartOf":{"@id":"https:\/\/www.iuma.ulpgc.es\/jornadas2012-cdra-telefa\/"},"author":{"name":"wordpress","@id":"https:\/\/www.iuma.ulpgc.es\/en\/#\/schema\/person\/37a33ecac9f83ab10f19329140aca8d8"},"headline":"Jornadas 2012, C\u00e1tedra Telef\u00f3nica de la ULPGC","datePublished":"2012-11-14T09:08:56+00:00","dateModified":"2021-02-01T10:32:50+00:00","mainEntityOfPage":{"@id":"https:\/\/www.iuma.ulpgc.es\/jornadas2012-cdra-telefa\/"},"wordCount":233,"image":{"@id":"https:\/\/www.iuma.ulpgc.es\/jornadas2012-cdra-telefa\/#primaryimage"},"thumbnailUrl":"https:\/\/www.iuma.ulpgc.es\/wp-content\/uploads\/2024\/02\/Noticias-2-new.jpg","articleSection":["Noticias Recientes"],"inLanguage":"en-US"},{"@type":"WebPage","@id":"https:\/\/www.iuma.ulpgc.es\/jornadas2012-cdra-telefa\/","url":"https:\/\/www.iuma.ulpgc.es\/jornadas2012-cdra-telefa\/","name":"Jornadas 2012, C\u00e1tedra Telef\u00f3nica de la ULPGC - Instituto Universitario de Microelectr\u00f3nica Aplicada","isPartOf":{"@id":"https:\/\/www.iuma.ulpgc.es\/en\/#website"},"primaryImageOfPage":{"@id":"https:\/\/www.iuma.ulpgc.es\/jornadas2012-cdra-telefa\/#primaryimage"},"image":{"@id":"https:\/\/www.iuma.ulpgc.es\/jornadas2012-cdra-telefa\/#primaryimage"},"thumbnailUrl":"https:\/\/www.iuma.ulpgc.es\/wp-content\/uploads\/2024\/02\/Noticias-2-new.jpg","datePublished":"2012-11-14T09:08:56+00:00","dateModified":"2021-02-01T10:32:50+00:00","author":{"@id":"https:\/\/www.iuma.ulpgc.es\/en\/#\/schema\/person\/37a33ecac9f83ab10f19329140aca8d8"},"breadcrumb":{"@id":"https:\/\/www.iuma.ulpgc.es\/jornadas2012-cdra-telefa\/#breadcrumb"},"inLanguage":"en-US","potentialAction":[{"@type":"ReadAction","target":["https:\/\/www.iuma.ulpgc.es\/jornadas2012-cdra-telefa\/"]}]},{"@type":"ImageObject","inLanguage":"en-US","@id":"https:\/\/www.iuma.ulpgc.es\/jornadas2012-cdra-telefa\/#primaryimage","url":"https:\/\/www.iuma.ulpgc.es\/wp-content\/uploads\/2024\/02\/Noticias-2-new.jpg","contentUrl":"https:\/\/www.iuma.ulpgc.es\/wp-content\/uploads\/2024\/02\/Noticias-2-new.jpg","width":1037,"height":1037},{"@type":"BreadcrumbList","@id":"https:\/\/www.iuma.ulpgc.es\/jornadas2012-cdra-telefa\/#breadcrumb","itemListElement":[{"@type":"ListItem","position":1,"name":"Home","item":"https:\/\/www.iuma.ulpgc.es\/"},{"@type":"ListItem","position":2,"name":"Jornadas 2012, C\u00e1tedra Telef\u00f3nica de la ULPGC"}]},{"@type":"WebSite","@id":"https:\/\/www.iuma.ulpgc.es\/en\/#website","url":"https:\/\/www.iuma.ulpgc.es\/en\/","name":"Institute for Applied Microelectronics","description":"El IUMA es un centro de I+D+i de la ULPGC","potentialAction":[{"@type":"SearchAction","target":{"@type":"EntryPoint","urlTemplate":"https:\/\/www.iuma.ulpgc.es\/en\/?s={search_term_string}"},"query-input":{"@type":"PropertyValueSpecification","valueRequired":true,"valueName":"search_term_string"}}],"inLanguage":"en-US"},{"@type":"Person","@id":"https:\/\/www.iuma.ulpgc.es\/en\/#\/schema\/person\/37a33ecac9f83ab10f19329140aca8d8","name":"wordpress","image":{"@type":"ImageObject","inLanguage":"en-US","@id":"https:\/\/secure.gravatar.com\/avatar\/df170964f67a2c1ea1f378c66f11bd551d50391502d817967ef2c8c9f2c3ef43?s=96&d=mm&r=g","url":"https:\/\/secure.gravatar.com\/avatar\/df170964f67a2c1ea1f378c66f11bd551d50391502d817967ef2c8c9f2c3ef43?s=96&d=mm&r=g","contentUrl":"https:\/\/secure.gravatar.com\/avatar\/df170964f67a2c1ea1f378c66f11bd551d50391502d817967ef2c8c9f2c3ef43?s=96&d=mm&r=g","caption":"wordpress"},"sameAs":["https:\/\/www.iuma.ulpgc.es"],"url":"https:\/\/www.iuma.ulpgc.es\/en\/author\/wordpress-2\/"}]}},"post_mailing_queue_ids":[],"_links":{"self":[{"href":"https:\/\/www.iuma.ulpgc.es\/en\/wp-json\/wp\/v2\/posts\/3066","targetHints":{"allow":["GET"]}}],"collection":[{"href":"https:\/\/www.iuma.ulpgc.es\/en\/wp-json\/wp\/v2\/posts"}],"about":[{"href":"https:\/\/www.iuma.ulpgc.es\/en\/wp-json\/wp\/v2\/types\/post"}],"author":[{"embeddable":true,"href":"https:\/\/www.iuma.ulpgc.es\/en\/wp-json\/wp\/v2\/users\/1"}],"replies":[{"embeddable":true,"href":"https:\/\/www.iuma.ulpgc.es\/en\/wp-json\/wp\/v2\/comments?post=3066"}],"version-history":[{"count":0,"href":"https:\/\/www.iuma.ulpgc.es\/en\/wp-json\/wp\/v2\/posts\/3066\/revisions"}],"wp:featuredmedia":[{"embeddable":true,"href":"https:\/\/www.iuma.ulpgc.es\/en\/wp-json\/wp\/v2\/media\/2208"}],"wp:attachment":[{"href":"https:\/\/www.iuma.ulpgc.es\/en\/wp-json\/wp\/v2\/media?parent=3066"}],"wp:term":[{"taxonomy":"category","embeddable":true,"href":"https:\/\/www.iuma.ulpgc.es\/en\/wp-json\/wp\/v2\/categories?post=3066"},{"taxonomy":"post_tag","embeddable":true,"href":"https:\/\/www.iuma.ulpgc.es\/en\/wp-json\/wp\/v2\/tags?post=3066"}],"curies":[{"name":"wp","href":"https:\/\/api.w.org\/{rel}","templated":true}]}}