{"id":3126,"date":"2013-09-16T08:47:29","date_gmt":"2013-09-16T07:47:29","guid":{"rendered":"https:\/\/www.prueba.local\/investigadores-canarios-crean-una-cra-para-hallar-clas-malignas\/"},"modified":"2021-02-01T10:31:53","modified_gmt":"2021-02-01T10:31:53","slug":"investigadores-canarios-crean-una-cra-para-hallar-clas-malignas","status":"publish","type":"post","link":"https:\/\/www.iuma.ulpgc.es\/en\/investigadores-canarios-crean-una-cra-para-hallar-clas-malignas\/","title":{"rendered":"Investigadores Canarios crean una c\u00e1mara para hallar c\u00e9lulas malignas"},"content":{"rendered":"<p><strong> <\/strong>        <\/p>\n<p align=\"justify\">La Uni\u00f3n Europea&nbsp; (UE) ha puesto en manos de un equipo cient\u00edfico de la Universidad de LasPalmas de Gran Canaria (Ulpgc) la financiaci\u00f3n de un mill\u00f3n de euros para que dise&ntilde;e un sistema basado en una c\u00e1mara con tecnolog\u00eda de alta resoluci\u00f3n, mediante la t&eacute;cnica de im\u00e1genes hiperespectrales, que sea capaz de se&ntilde;alar al cirujano en tiempo real (cuando realiza la operaci\u00f3n al paciente )d\u00f3nde est\u00e1n las c&eacute;lulas enfermas y d\u00f3nde las sanas para mejorar el resultado quir\u00fargico en tumores cancer\u00edgenos y reducir de esta forma complicaciones en el postoperatorio, optimizar el pron\u00f3stico del proceso m\u00f3rbido y ayudar a su curaci\u00f3n.<\/p>\n<p> El proyecto Helicoid (por sus siglas en ingl&eacute;s Hypererspectral Imaging Cancer Detection, o detecci\u00f3n del c\u00e1ncer por imagen hiperespectral), una propuesta presentada al sistema de financiaci\u00f3n de la UE por la <strong>Divisi\u00f3n de Dise&ntilde;o de Sistemas Integrados del Instituto Universitario de Microelectr\u00f3nica Aplicada (IUMA)<\/strong>, es in&eacute;dito a nivel internacional por sus caracter\u00edsticas y abre la puerta en el campo de la investigaci\u00f3n sanitaria al empleo de este tipo de im\u00e1genes en humanos(im\u00e1genes generadas mediante el uso de sensores \u00f3pticos, produciendo las fotograf\u00edas de la superficie de objetos y seres vivos al captar la radiaci\u00f3n electromagn&eacute;tica que emiten a diferentes frecuencias).         <\/p>\n<p align=\"justify\"><a href=\"index.php?option=com_docman&#038;task=doc_download&#038;gid=316\" class=\"doclink\">Descargar el art\u00edculo en el peri\u00f3dico La Opini\u00f3n de Tenerife<\/a><img decoding=\"async\" border=\"0\" alt=\"icon\" src=\"components\/com_docman\/themes\/default\/images\/icons\/16x16\/pdf.png\" \/><\/p>\n<p align=\"justify\"><a href=\"index.php?option=com_docman&#038;task=doc_download&#038;gid=317\" class=\"doclink\">Descargar el art\u00edculo en el peri\u00f3dico La Provincia<\/a><img decoding=\"async\" border=\"0\" alt=\"icon\" src=\"components\/com_docman\/themes\/default\/images\/icons\/16x16\/pdf.png\" \/><\/p>","protected":false},"excerpt":{"rendered":"<p>La Uni\u00f3n Europea&nbsp; (UE) ha puesto en manos de un equipo cient\u00edfico de la Universidad de LasPalmas de Gran Canaria (Ulpgc) la financiaci\u00f3n de un mill\u00f3n de euros para que dise&ntilde;e un sistema basado en una c\u00e1mara con tecnolog\u00eda de alta resoluci\u00f3n, mediante la t&eacute;cnica de im\u00e1genes hiperespectrales, que sea capaz de se&ntilde;alar al cirujano [&hellip;]<\/p>\n","protected":false},"author":1,"featured_media":2208,"comment_status":"closed","ping_status":"open","sticky":false,"template":"","format":"standard","meta":{"_crdt_document":"","footnotes":""},"categories":[35],"tags":[],"class_list":["post-3126","post","type-post","status-publish","format-standard","has-post-thumbnail","hentry","category-prensanoticias"],"yoast_head":"<!-- This site is optimized with the Yoast SEO plugin v27.5 - https:\/\/yoast.com\/product\/yoast-seo-wordpress\/ -->\n<title>Investigadores Canarios crean una c\u00e1mara para hallar c\u00e9lulas malignas - Instituto Universitario de Microelectr\u00f3nica Aplicada<\/title>\n<meta name=\"robots\" content=\"index, follow, max-snippet:-1, max-image-preview:large, max-video-preview:-1\" \/>\n<link rel=\"canonical\" href=\"https:\/\/www.iuma.ulpgc.es\/en\/investigadores-canarios-crean-una-cra-para-hallar-clas-malignas\/\" \/>\n<meta property=\"og:locale\" content=\"en_US\" \/>\n<meta property=\"og:type\" content=\"article\" \/>\n<meta property=\"og:title\" content=\"Investigadores Canarios crean una c\u00e1mara para hallar c\u00e9lulas malignas - Instituto Universitario de Microelectr\u00f3nica Aplicada\" \/>\n<meta property=\"og:description\" content=\"La Uni\u00f3n Europea&nbsp; (UE) ha puesto en manos de un equipo cient\u00edfico de la Universidad de LasPalmas de Gran Canaria (Ulpgc) la financiaci\u00f3n de un mill\u00f3n de euros para que dise&ntilde;e un sistema basado en una c\u00e1mara con tecnolog\u00eda de alta resoluci\u00f3n, mediante la t&eacute;cnica de im\u00e1genes hiperespectrales, que sea capaz de se&ntilde;alar al cirujano [&hellip;]\" \/>\n<meta property=\"og:url\" content=\"https:\/\/www.iuma.ulpgc.es\/en\/investigadores-canarios-crean-una-cra-para-hallar-clas-malignas\/\" \/>\n<meta property=\"og:site_name\" content=\"Instituto Universitario de Microelectr\u00f3nica Aplicada\" \/>\n<meta property=\"article:publisher\" content=\"https:\/\/www.facebook.com\/IUMA.ulpgc\" \/>\n<meta property=\"article:published_time\" content=\"2013-09-16T07:47:29+00:00\" \/>\n<meta property=\"article:modified_time\" content=\"2021-02-01T10:31:53+00:00\" \/>\n<meta property=\"og:image\" content=\"https:\/\/www.iuma.ulpgc.es\/wp-content\/uploads\/2024\/02\/Noticias-2-new.jpg\" \/>\n\t<meta property=\"og:image:width\" content=\"1037\" \/>\n\t<meta property=\"og:image:height\" content=\"1037\" \/>\n\t<meta property=\"og:image:type\" content=\"image\/jpeg\" \/>\n<meta name=\"author\" content=\"wordpress\" \/>\n<meta name=\"twitter:card\" content=\"summary_large_image\" \/>\n<meta name=\"twitter:creator\" content=\"@iumanews\" \/>\n<meta name=\"twitter:site\" content=\"@iumanews\" \/>\n<meta name=\"twitter:label1\" content=\"Written by\" \/>\n\t<meta name=\"twitter:data1\" content=\"wordpress\" \/>\n\t<meta name=\"twitter:label2\" content=\"Est. reading time\" \/>\n\t<meta name=\"twitter:data2\" content=\"1 minute\" \/>\n<script type=\"application\/ld+json\" class=\"yoast-schema-graph\">{\"@context\":\"https:\\\/\\\/schema.org\",\"@graph\":[{\"@type\":\"Article\",\"@id\":\"https:\\\/\\\/www.iuma.ulpgc.es\\\/investigadores-canarios-crean-una-cra-para-hallar-clas-malignas\\\/#article\",\"isPartOf\":{\"@id\":\"https:\\\/\\\/www.iuma.ulpgc.es\\\/investigadores-canarios-crean-una-cra-para-hallar-clas-malignas\\\/\"},\"author\":{\"name\":\"wordpress\",\"@id\":\"https:\\\/\\\/www.iuma.ulpgc.es\\\/en\\\/#\\\/schema\\\/person\\\/37a33ecac9f83ab10f19329140aca8d8\"},\"headline\":\"Investigadores Canarios crean una c\u00e1mara para hallar c\u00e9lulas malignas\",\"datePublished\":\"2013-09-16T07:47:29+00:00\",\"dateModified\":\"2021-02-01T10:31:53+00:00\",\"mainEntityOfPage\":{\"@id\":\"https:\\\/\\\/www.iuma.ulpgc.es\\\/investigadores-canarios-crean-una-cra-para-hallar-clas-malignas\\\/\"},\"wordCount\":281,\"image\":{\"@id\":\"https:\\\/\\\/www.iuma.ulpgc.es\\\/investigadores-canarios-crean-una-cra-para-hallar-clas-malignas\\\/#primaryimage\"},\"thumbnailUrl\":\"https:\\\/\\\/www.iuma.ulpgc.es\\\/wp-content\\\/uploads\\\/2024\\\/02\\\/Noticias-2-new.jpg\",\"articleSection\":[\"Prensa_noticias\"],\"inLanguage\":\"en-US\"},{\"@type\":\"WebPage\",\"@id\":\"https:\\\/\\\/www.iuma.ulpgc.es\\\/investigadores-canarios-crean-una-cra-para-hallar-clas-malignas\\\/\",\"url\":\"https:\\\/\\\/www.iuma.ulpgc.es\\\/investigadores-canarios-crean-una-cra-para-hallar-clas-malignas\\\/\",\"name\":\"Investigadores Canarios crean una c\u00e1mara para hallar c\u00e9lulas malignas - Instituto Universitario de Microelectr\u00f3nica Aplicada\",\"isPartOf\":{\"@id\":\"https:\\\/\\\/www.iuma.ulpgc.es\\\/en\\\/#website\"},\"primaryImageOfPage\":{\"@id\":\"https:\\\/\\\/www.iuma.ulpgc.es\\\/investigadores-canarios-crean-una-cra-para-hallar-clas-malignas\\\/#primaryimage\"},\"image\":{\"@id\":\"https:\\\/\\\/www.iuma.ulpgc.es\\\/investigadores-canarios-crean-una-cra-para-hallar-clas-malignas\\\/#primaryimage\"},\"thumbnailUrl\":\"https:\\\/\\\/www.iuma.ulpgc.es\\\/wp-content\\\/uploads\\\/2024\\\/02\\\/Noticias-2-new.jpg\",\"datePublished\":\"2013-09-16T07:47:29+00:00\",\"dateModified\":\"2021-02-01T10:31:53+00:00\",\"author\":{\"@id\":\"https:\\\/\\\/www.iuma.ulpgc.es\\\/en\\\/#\\\/schema\\\/person\\\/37a33ecac9f83ab10f19329140aca8d8\"},\"breadcrumb\":{\"@id\":\"https:\\\/\\\/www.iuma.ulpgc.es\\\/investigadores-canarios-crean-una-cra-para-hallar-clas-malignas\\\/#breadcrumb\"},\"inLanguage\":\"en-US\",\"potentialAction\":[{\"@type\":\"ReadAction\",\"target\":[\"https:\\\/\\\/www.iuma.ulpgc.es\\\/investigadores-canarios-crean-una-cra-para-hallar-clas-malignas\\\/\"]}]},{\"@type\":\"ImageObject\",\"inLanguage\":\"en-US\",\"@id\":\"https:\\\/\\\/www.iuma.ulpgc.es\\\/investigadores-canarios-crean-una-cra-para-hallar-clas-malignas\\\/#primaryimage\",\"url\":\"https:\\\/\\\/www.iuma.ulpgc.es\\\/wp-content\\\/uploads\\\/2024\\\/02\\\/Noticias-2-new.jpg\",\"contentUrl\":\"https:\\\/\\\/www.iuma.ulpgc.es\\\/wp-content\\\/uploads\\\/2024\\\/02\\\/Noticias-2-new.jpg\",\"width\":1037,\"height\":1037},{\"@type\":\"BreadcrumbList\",\"@id\":\"https:\\\/\\\/www.iuma.ulpgc.es\\\/investigadores-canarios-crean-una-cra-para-hallar-clas-malignas\\\/#breadcrumb\",\"itemListElement\":[{\"@type\":\"ListItem\",\"position\":1,\"name\":\"Home\",\"item\":\"https:\\\/\\\/www.iuma.ulpgc.es\\\/\"},{\"@type\":\"ListItem\",\"position\":2,\"name\":\"Investigadores Canarios crean una c\u00e1mara para hallar c\u00e9lulas malignas\"}]},{\"@type\":\"WebSite\",\"@id\":\"https:\\\/\\\/www.iuma.ulpgc.es\\\/en\\\/#website\",\"url\":\"https:\\\/\\\/www.iuma.ulpgc.es\\\/en\\\/\",\"name\":\"Instituto Universitario de Microelectr\u00f3nica Aplicada\",\"description\":\"El IUMA es un centro de I+D+i de la ULPGC\",\"potentialAction\":[{\"@type\":\"SearchAction\",\"target\":{\"@type\":\"EntryPoint\",\"urlTemplate\":\"https:\\\/\\\/www.iuma.ulpgc.es\\\/en\\\/?s={search_term_string}\"},\"query-input\":{\"@type\":\"PropertyValueSpecification\",\"valueRequired\":true,\"valueName\":\"search_term_string\"}}],\"inLanguage\":\"en-US\"},{\"@type\":\"Person\",\"@id\":\"https:\\\/\\\/www.iuma.ulpgc.es\\\/en\\\/#\\\/schema\\\/person\\\/37a33ecac9f83ab10f19329140aca8d8\",\"name\":\"wordpress\",\"image\":{\"@type\":\"ImageObject\",\"inLanguage\":\"en-US\",\"@id\":\"https:\\\/\\\/secure.gravatar.com\\\/avatar\\\/df170964f67a2c1ea1f378c66f11bd551d50391502d817967ef2c8c9f2c3ef43?s=96&d=mm&r=g\",\"url\":\"https:\\\/\\\/secure.gravatar.com\\\/avatar\\\/df170964f67a2c1ea1f378c66f11bd551d50391502d817967ef2c8c9f2c3ef43?s=96&d=mm&r=g\",\"contentUrl\":\"https:\\\/\\\/secure.gravatar.com\\\/avatar\\\/df170964f67a2c1ea1f378c66f11bd551d50391502d817967ef2c8c9f2c3ef43?s=96&d=mm&r=g\",\"caption\":\"wordpress\"},\"sameAs\":[\"https:\\\/\\\/www.iuma.ulpgc.es\"],\"url\":\"https:\\\/\\\/www.iuma.ulpgc.es\\\/en\\\/author\\\/wordpress-2\\\/\"}]}<\/script>\n<!-- \/ Yoast SEO plugin. -->","yoast_head_json":{"title":"Investigadores Canarios crean una c\u00e1mara para hallar c\u00e9lulas malignas - Instituto Universitario de Microelectr\u00f3nica Aplicada","robots":{"index":"index","follow":"follow","max-snippet":"max-snippet:-1","max-image-preview":"max-image-preview:large","max-video-preview":"max-video-preview:-1"},"canonical":"https:\/\/www.iuma.ulpgc.es\/en\/investigadores-canarios-crean-una-cra-para-hallar-clas-malignas\/","og_locale":"en_US","og_type":"article","og_title":"Investigadores Canarios crean una c\u00e1mara para hallar c\u00e9lulas malignas - Instituto Universitario de Microelectr\u00f3nica Aplicada","og_description":"La Uni\u00f3n Europea&nbsp; (UE) ha puesto en manos de un equipo cient\u00edfico de la Universidad de LasPalmas de Gran Canaria (Ulpgc) la financiaci\u00f3n de un mill\u00f3n de euros para que dise&ntilde;e un sistema basado en una c\u00e1mara con tecnolog\u00eda de alta resoluci\u00f3n, mediante la t&eacute;cnica de im\u00e1genes hiperespectrales, que sea capaz de se&ntilde;alar al cirujano [&hellip;]","og_url":"https:\/\/www.iuma.ulpgc.es\/en\/investigadores-canarios-crean-una-cra-para-hallar-clas-malignas\/","og_site_name":"Instituto Universitario de Microelectr\u00f3nica Aplicada","article_publisher":"https:\/\/www.facebook.com\/IUMA.ulpgc","article_published_time":"2013-09-16T07:47:29+00:00","article_modified_time":"2021-02-01T10:31:53+00:00","og_image":[{"width":1037,"height":1037,"url":"https:\/\/www.iuma.ulpgc.es\/wp-content\/uploads\/2024\/02\/Noticias-2-new.jpg","type":"image\/jpeg"}],"author":"wordpress","twitter_card":"summary_large_image","twitter_creator":"@iumanews","twitter_site":"@iumanews","twitter_misc":{"Written by":"wordpress","Est. reading time":"1 minute"},"schema":{"@context":"https:\/\/schema.org","@graph":[{"@type":"Article","@id":"https:\/\/www.iuma.ulpgc.es\/investigadores-canarios-crean-una-cra-para-hallar-clas-malignas\/#article","isPartOf":{"@id":"https:\/\/www.iuma.ulpgc.es\/investigadores-canarios-crean-una-cra-para-hallar-clas-malignas\/"},"author":{"name":"wordpress","@id":"https:\/\/www.iuma.ulpgc.es\/en\/#\/schema\/person\/37a33ecac9f83ab10f19329140aca8d8"},"headline":"Investigadores Canarios crean una c\u00e1mara para hallar c\u00e9lulas malignas","datePublished":"2013-09-16T07:47:29+00:00","dateModified":"2021-02-01T10:31:53+00:00","mainEntityOfPage":{"@id":"https:\/\/www.iuma.ulpgc.es\/investigadores-canarios-crean-una-cra-para-hallar-clas-malignas\/"},"wordCount":281,"image":{"@id":"https:\/\/www.iuma.ulpgc.es\/investigadores-canarios-crean-una-cra-para-hallar-clas-malignas\/#primaryimage"},"thumbnailUrl":"https:\/\/www.iuma.ulpgc.es\/wp-content\/uploads\/2024\/02\/Noticias-2-new.jpg","articleSection":["Prensa_noticias"],"inLanguage":"en-US"},{"@type":"WebPage","@id":"https:\/\/www.iuma.ulpgc.es\/investigadores-canarios-crean-una-cra-para-hallar-clas-malignas\/","url":"https:\/\/www.iuma.ulpgc.es\/investigadores-canarios-crean-una-cra-para-hallar-clas-malignas\/","name":"Investigadores Canarios crean una c\u00e1mara para hallar c\u00e9lulas malignas - Instituto Universitario de Microelectr\u00f3nica Aplicada","isPartOf":{"@id":"https:\/\/www.iuma.ulpgc.es\/en\/#website"},"primaryImageOfPage":{"@id":"https:\/\/www.iuma.ulpgc.es\/investigadores-canarios-crean-una-cra-para-hallar-clas-malignas\/#primaryimage"},"image":{"@id":"https:\/\/www.iuma.ulpgc.es\/investigadores-canarios-crean-una-cra-para-hallar-clas-malignas\/#primaryimage"},"thumbnailUrl":"https:\/\/www.iuma.ulpgc.es\/wp-content\/uploads\/2024\/02\/Noticias-2-new.jpg","datePublished":"2013-09-16T07:47:29+00:00","dateModified":"2021-02-01T10:31:53+00:00","author":{"@id":"https:\/\/www.iuma.ulpgc.es\/en\/#\/schema\/person\/37a33ecac9f83ab10f19329140aca8d8"},"breadcrumb":{"@id":"https:\/\/www.iuma.ulpgc.es\/investigadores-canarios-crean-una-cra-para-hallar-clas-malignas\/#breadcrumb"},"inLanguage":"en-US","potentialAction":[{"@type":"ReadAction","target":["https:\/\/www.iuma.ulpgc.es\/investigadores-canarios-crean-una-cra-para-hallar-clas-malignas\/"]}]},{"@type":"ImageObject","inLanguage":"en-US","@id":"https:\/\/www.iuma.ulpgc.es\/investigadores-canarios-crean-una-cra-para-hallar-clas-malignas\/#primaryimage","url":"https:\/\/www.iuma.ulpgc.es\/wp-content\/uploads\/2024\/02\/Noticias-2-new.jpg","contentUrl":"https:\/\/www.iuma.ulpgc.es\/wp-content\/uploads\/2024\/02\/Noticias-2-new.jpg","width":1037,"height":1037},{"@type":"BreadcrumbList","@id":"https:\/\/www.iuma.ulpgc.es\/investigadores-canarios-crean-una-cra-para-hallar-clas-malignas\/#breadcrumb","itemListElement":[{"@type":"ListItem","position":1,"name":"Home","item":"https:\/\/www.iuma.ulpgc.es\/"},{"@type":"ListItem","position":2,"name":"Investigadores Canarios crean una c\u00e1mara para hallar c\u00e9lulas malignas"}]},{"@type":"WebSite","@id":"https:\/\/www.iuma.ulpgc.es\/en\/#website","url":"https:\/\/www.iuma.ulpgc.es\/en\/","name":"Institute for Applied Microelectronics","description":"El IUMA es un centro de I+D+i de la ULPGC","potentialAction":[{"@type":"SearchAction","target":{"@type":"EntryPoint","urlTemplate":"https:\/\/www.iuma.ulpgc.es\/en\/?s={search_term_string}"},"query-input":{"@type":"PropertyValueSpecification","valueRequired":true,"valueName":"search_term_string"}}],"inLanguage":"en-US"},{"@type":"Person","@id":"https:\/\/www.iuma.ulpgc.es\/en\/#\/schema\/person\/37a33ecac9f83ab10f19329140aca8d8","name":"wordpress","image":{"@type":"ImageObject","inLanguage":"en-US","@id":"https:\/\/secure.gravatar.com\/avatar\/df170964f67a2c1ea1f378c66f11bd551d50391502d817967ef2c8c9f2c3ef43?s=96&d=mm&r=g","url":"https:\/\/secure.gravatar.com\/avatar\/df170964f67a2c1ea1f378c66f11bd551d50391502d817967ef2c8c9f2c3ef43?s=96&d=mm&r=g","contentUrl":"https:\/\/secure.gravatar.com\/avatar\/df170964f67a2c1ea1f378c66f11bd551d50391502d817967ef2c8c9f2c3ef43?s=96&d=mm&r=g","caption":"wordpress"},"sameAs":["https:\/\/www.iuma.ulpgc.es"],"url":"https:\/\/www.iuma.ulpgc.es\/en\/author\/wordpress-2\/"}]}},"post_mailing_queue_ids":[],"_links":{"self":[{"href":"https:\/\/www.iuma.ulpgc.es\/en\/wp-json\/wp\/v2\/posts\/3126","targetHints":{"allow":["GET"]}}],"collection":[{"href":"https:\/\/www.iuma.ulpgc.es\/en\/wp-json\/wp\/v2\/posts"}],"about":[{"href":"https:\/\/www.iuma.ulpgc.es\/en\/wp-json\/wp\/v2\/types\/post"}],"author":[{"embeddable":true,"href":"https:\/\/www.iuma.ulpgc.es\/en\/wp-json\/wp\/v2\/users\/1"}],"replies":[{"embeddable":true,"href":"https:\/\/www.iuma.ulpgc.es\/en\/wp-json\/wp\/v2\/comments?post=3126"}],"version-history":[{"count":0,"href":"https:\/\/www.iuma.ulpgc.es\/en\/wp-json\/wp\/v2\/posts\/3126\/revisions"}],"wp:featuredmedia":[{"embeddable":true,"href":"https:\/\/www.iuma.ulpgc.es\/en\/wp-json\/wp\/v2\/media\/2208"}],"wp:attachment":[{"href":"https:\/\/www.iuma.ulpgc.es\/en\/wp-json\/wp\/v2\/media?parent=3126"}],"wp:term":[{"taxonomy":"category","embeddable":true,"href":"https:\/\/www.iuma.ulpgc.es\/en\/wp-json\/wp\/v2\/categories?post=3126"},{"taxonomy":"post_tag","embeddable":true,"href":"https:\/\/www.iuma.ulpgc.es\/en\/wp-json\/wp\/v2\/tags?post=3126"}],"curies":[{"name":"wp","href":"https:\/\/api.w.org\/{rel}","templated":true}]}}