{"id":3224,"date":"2017-04-21T07:48:09","date_gmt":"2017-04-21T06:48:09","guid":{"rendered":"https:\/\/www.prueba.local\/el-iuma-lidera-las-ticas-de-mejora-de-imagen-con-el-iac-y-plocan\/"},"modified":"2024-03-05T10:36:58","modified_gmt":"2024-03-05T10:36:58","slug":"el-iuma-lidera-las-ticas-de-mejora-de-imagen-con-el-iac-y-plocan","status":"publish","type":"post","link":"https:\/\/www.iuma.ulpgc.es\/en\/el-iuma-lidera-las-ticas-de-mejora-de-imagen-con-el-iac-y-plocan\/","title":{"rendered":"The IUMA leads image enhancement techniques with the IAC and PLOCAN"},"content":{"rendered":"<p class=\"wp-block-paragraph\">Presentaci\u00f3n de los primeros resultados del proyecto<strong> \u00abM\u00e9todos de mejora de imagen submarina aplicados a observaciones astron\u00f3micas\u00bb<\/strong>.<\/p>\n\n\n\n<p class=\"wp-block-paragraph\">El pasado 7 de abril se han presentado los resultados del proyecto de colaboraci\u00f3n entre el <strong>Institute for Applied Microelectronics<\/strong> de la Universidad de las Palmas de Gran Canaria (IUMA), el <strong>Instituto de Astrof\u00edsica de Canarias<\/strong> (IAC) y la <strong>Plataforma Oce\u00e1nica de Canarias<\/strong> (PLOCAN), con el fin de mejorar la calidad de las im\u00e1genes cient\u00edficas en medios turbulentos, en el agua y en el aire. Las t\u00e9cnicas de S\u00faper-Resoluci\u00f3n del IUMA se han aplicado a im\u00e1genes astron\u00f3micas tomadas mediante el instrumento astron\u00f3mico FastCam en el telescopio N\u00f3rdico NOT (Nordic Optical Telescope). Se ha conseguido mejorar significativamente el algoritmo tradicional de la principal t\u00e9cnica astron\u00f3mica denominada Lucky Imaging. Esta t\u00e9cnica permite obtener im\u00e1genes astron\u00f3micas de muy alta calidad incluso bajo malas condiciones de visi\u00f3n. Con la mejora aplicada se supera la calidad de imagen del Hubble.<\/p>\n\n\n\n<figure class=\"wp-block-table\"><table><tbody><tr><td>\n<figure><img loading=\"lazy\" decoding=\"async\" src=\"\/images\/stories\/UltimasNoticias\/estrella_baja_calidad.png\" width=\"128\" height=\"128\" align=\"middle\" border=\"0\" hspace=\"5\" vspace=\"5\"><\/figure><p align=\"center\"><\/p>\n<\/td><td>\n<figure><img loading=\"lazy\" decoding=\"async\" src=\"\/images\/stories\/UltimasNoticias\/estrella_super_resolucion..png\" width=\"128\" height=\"128\" align=\"middle\" border=\"0\" hspace=\"5\" vspace=\"5\"><\/figure><p align=\"center\"><\/p>\n<\/td><\/tr><tr><td colspan=\"2\">\n<p align=\"center\"><span style=\"font-family: trebuchet ms,geneva; font-size: xx-small;\">Una de las im\u00e1genes tratadas. Izquierda: Imagen de baja calidad de una estrella. Derecha: Imagen tras aplicar t\u00e9cnicas mejoradas de Lucky Imaging con S\u00faper-Resoluci\u00f3n<\/span><\/p>\n<\/td><\/tr><\/tbody><\/table><\/figure>\n\n\n\n<!--more-->\n\n\n\n<p class=\"wp-block-paragraph\">El proyecto nace a partir de la investigaci\u00f3n llevada a cabo en el IUMA, en colaboraci\u00f3n con PLOCAN, tomando como referencia un algoritmo de mejora de resoluci\u00f3n espacial que usa t\u00e9cnicas de S\u00faper-Resoluci\u00f3n por fusi\u00f3n desarrollado en el IUMA. El algoritmo se aplic\u00f3 a im\u00e1genes submarinas, logrando mejoras sustanciales. Posteriormente se plante\u00f3 su aplicaci\u00f3n al entorno astron\u00f3mico tratando las im\u00e1genes obtenidas por el instrumento FastCam del IAC, probado con \u00e9xito&nbsp; en los telescopios 1.5m TCS (Telescopio Carlos S\u00e1nchez), 2.5m NOT (Telescopio \u00d3ptico N\u00f3rdico) y 4.2 WHT (Telescopio William Herschel) en los Observatorios del Teide y del Roque de los Muchachos. En la segunda fase del proyecto se est\u00e1 extendiendo la investigaci\u00f3n a la mejora de las im\u00e1genes obtenidas mediante \u00d3ptica Adaptativa en el marco del proyecto AOLI, en el telescopio William Herschel. Est\u00e1 previsto alcanzar resoluciones nunca vistas anteriormente, y que suponen liderar internacionalmente el campo de la mejora de imagen astron\u00f3mica, crucial en la era de los futuros telescopios gigantes (como el Telescopio Europeo Extremadamente Grande E-ELT o el Telescopio de Treinta Metros TMT).<\/p>\n\n\n\n<p class=\"wp-block-paragraph\">More information:<a href=\"index.php?option=com_docman&amp;task=doc_download&amp;gid=389\">&nbsp;Buceando entre las estrellas &#8211; Nota Agencia EFE<\/a><\/p>","protected":false},"excerpt":{"rendered":"<p>Presentaci\u00f3n de los primeros resultados del proyecto \u00abM\u00e9todos de mejora de imagen submarina aplicados a observaciones astron\u00f3micas\u00bb. El pasado 7 de abril se han presentado los resultados del proyecto de colaboraci\u00f3n entre el Instituto Universitario de Microelectr\u00f3nica Aplicada de la Universidad de las Palmas de Gran Canaria (IUMA), el Instituto de Astrof\u00edsica de Canarias (IAC) [&hellip;]<\/p>\n","protected":false},"author":1,"featured_media":2209,"comment_status":"closed","ping_status":"open","sticky":false,"template":"","format":"standard","meta":{"_crdt_document":"","footnotes":""},"categories":[14],"tags":[],"class_list":["post-3224","post","type-post","status-publish","format-standard","has-post-thumbnail","hentry","category-noticias-recientes"],"yoast_head":"<!-- This site is optimized with the Yoast SEO plugin v27.4 - https:\/\/yoast.com\/product\/yoast-seo-wordpress\/ -->\n<title>El IUMA lidera las t\u00e9cnicas de mejora de imagen con el IAC y PLOCAN - Instituto Universitario de Microelectr\u00f3nica Aplicada<\/title>\n<meta name=\"robots\" content=\"index, follow, max-snippet:-1, max-image-preview:large, max-video-preview:-1\" \/>\n<link rel=\"canonical\" href=\"https:\/\/www.iuma.ulpgc.es\/en\/el-iuma-lidera-las-ticas-de-mejora-de-imagen-con-el-iac-y-plocan\/\" \/>\n<meta property=\"og:locale\" content=\"en_US\" \/>\n<meta property=\"og:type\" content=\"article\" \/>\n<meta property=\"og:title\" content=\"El IUMA lidera las t\u00e9cnicas de mejora de imagen con el IAC y PLOCAN - Instituto Universitario de Microelectr\u00f3nica Aplicada\" \/>\n<meta property=\"og:description\" content=\"Presentaci\u00f3n de los primeros resultados del proyecto \u00abM\u00e9todos de mejora de imagen submarina aplicados a observaciones astron\u00f3micas\u00bb. El pasado 7 de abril se han presentado los resultados del proyecto de colaboraci\u00f3n entre el Instituto Universitario de Microelectr\u00f3nica Aplicada de la Universidad de las Palmas de Gran Canaria (IUMA), el Instituto de Astrof\u00edsica de Canarias (IAC) [&hellip;]\" \/>\n<meta property=\"og:url\" content=\"https:\/\/www.iuma.ulpgc.es\/en\/el-iuma-lidera-las-ticas-de-mejora-de-imagen-con-el-iac-y-plocan\/\" \/>\n<meta property=\"og:site_name\" content=\"Instituto Universitario de Microelectr\u00f3nica Aplicada\" \/>\n<meta property=\"article:publisher\" content=\"https:\/\/www.facebook.com\/IUMA.ulpgc\" \/>\n<meta property=\"article:published_time\" content=\"2017-04-21T06:48:09+00:00\" \/>\n<meta property=\"article:modified_time\" content=\"2024-03-05T10:36:58+00:00\" \/>\n<meta property=\"og:image\" content=\"https:\/\/www.iuma.ulpgc.es\/wp-content\/uploads\/2024\/02\/noticias-4-new.jpg\" \/>\n\t<meta property=\"og:image:width\" content=\"1081\" \/>\n\t<meta property=\"og:image:height\" content=\"721\" \/>\n\t<meta property=\"og:image:type\" content=\"image\/jpeg\" \/>\n<meta name=\"author\" content=\"wordpress\" \/>\n<meta name=\"twitter:card\" content=\"summary_large_image\" \/>\n<meta name=\"twitter:creator\" content=\"@iumanews\" \/>\n<meta name=\"twitter:site\" content=\"@iumanews\" \/>\n<meta name=\"twitter:label1\" content=\"Written by\" \/>\n\t<meta name=\"twitter:data1\" content=\"wordpress\" \/>\n\t<meta name=\"twitter:label2\" content=\"Est. reading time\" \/>\n\t<meta name=\"twitter:data2\" content=\"2 minutes\" \/>\n<script type=\"application\/ld+json\" class=\"yoast-schema-graph\">{\"@context\":\"https:\\\/\\\/schema.org\",\"@graph\":[{\"@type\":\"Article\",\"@id\":\"https:\\\/\\\/www.iuma.ulpgc.es\\\/el-iuma-lidera-las-ticas-de-mejora-de-imagen-con-el-iac-y-plocan\\\/#article\",\"isPartOf\":{\"@id\":\"https:\\\/\\\/www.iuma.ulpgc.es\\\/el-iuma-lidera-las-ticas-de-mejora-de-imagen-con-el-iac-y-plocan\\\/\"},\"author\":{\"name\":\"wordpress\",\"@id\":\"https:\\\/\\\/www.iuma.ulpgc.es\\\/en\\\/#\\\/schema\\\/person\\\/37a33ecac9f83ab10f19329140aca8d8\"},\"headline\":\"El IUMA lidera las t\u00e9cnicas de mejora de imagen con el IAC y PLOCAN\",\"datePublished\":\"2017-04-21T06:48:09+00:00\",\"dateModified\":\"2024-03-05T10:36:58+00:00\",\"mainEntityOfPage\":{\"@id\":\"https:\\\/\\\/www.iuma.ulpgc.es\\\/el-iuma-lidera-las-ticas-de-mejora-de-imagen-con-el-iac-y-plocan\\\/\"},\"wordCount\":421,\"image\":{\"@id\":\"https:\\\/\\\/www.iuma.ulpgc.es\\\/el-iuma-lidera-las-ticas-de-mejora-de-imagen-con-el-iac-y-plocan\\\/#primaryimage\"},\"thumbnailUrl\":\"https:\\\/\\\/www.iuma.ulpgc.es\\\/wp-content\\\/uploads\\\/2024\\\/02\\\/noticias-4-new.jpg\",\"articleSection\":[\"Noticias Recientes\"],\"inLanguage\":\"en-US\"},{\"@type\":\"WebPage\",\"@id\":\"https:\\\/\\\/www.iuma.ulpgc.es\\\/el-iuma-lidera-las-ticas-de-mejora-de-imagen-con-el-iac-y-plocan\\\/\",\"url\":\"https:\\\/\\\/www.iuma.ulpgc.es\\\/el-iuma-lidera-las-ticas-de-mejora-de-imagen-con-el-iac-y-plocan\\\/\",\"name\":\"El IUMA lidera las t\u00e9cnicas de mejora de imagen con el IAC y PLOCAN - Instituto Universitario de Microelectr\u00f3nica Aplicada\",\"isPartOf\":{\"@id\":\"https:\\\/\\\/www.iuma.ulpgc.es\\\/en\\\/#website\"},\"primaryImageOfPage\":{\"@id\":\"https:\\\/\\\/www.iuma.ulpgc.es\\\/el-iuma-lidera-las-ticas-de-mejora-de-imagen-con-el-iac-y-plocan\\\/#primaryimage\"},\"image\":{\"@id\":\"https:\\\/\\\/www.iuma.ulpgc.es\\\/el-iuma-lidera-las-ticas-de-mejora-de-imagen-con-el-iac-y-plocan\\\/#primaryimage\"},\"thumbnailUrl\":\"https:\\\/\\\/www.iuma.ulpgc.es\\\/wp-content\\\/uploads\\\/2024\\\/02\\\/noticias-4-new.jpg\",\"datePublished\":\"2017-04-21T06:48:09+00:00\",\"dateModified\":\"2024-03-05T10:36:58+00:00\",\"author\":{\"@id\":\"https:\\\/\\\/www.iuma.ulpgc.es\\\/en\\\/#\\\/schema\\\/person\\\/37a33ecac9f83ab10f19329140aca8d8\"},\"breadcrumb\":{\"@id\":\"https:\\\/\\\/www.iuma.ulpgc.es\\\/el-iuma-lidera-las-ticas-de-mejora-de-imagen-con-el-iac-y-plocan\\\/#breadcrumb\"},\"inLanguage\":\"en-US\",\"potentialAction\":[{\"@type\":\"ReadAction\",\"target\":[\"https:\\\/\\\/www.iuma.ulpgc.es\\\/el-iuma-lidera-las-ticas-de-mejora-de-imagen-con-el-iac-y-plocan\\\/\"]}]},{\"@type\":\"ImageObject\",\"inLanguage\":\"en-US\",\"@id\":\"https:\\\/\\\/www.iuma.ulpgc.es\\\/el-iuma-lidera-las-ticas-de-mejora-de-imagen-con-el-iac-y-plocan\\\/#primaryimage\",\"url\":\"https:\\\/\\\/www.iuma.ulpgc.es\\\/wp-content\\\/uploads\\\/2024\\\/02\\\/noticias-4-new.jpg\",\"contentUrl\":\"https:\\\/\\\/www.iuma.ulpgc.es\\\/wp-content\\\/uploads\\\/2024\\\/02\\\/noticias-4-new.jpg\",\"width\":1081,\"height\":721},{\"@type\":\"BreadcrumbList\",\"@id\":\"https:\\\/\\\/www.iuma.ulpgc.es\\\/el-iuma-lidera-las-ticas-de-mejora-de-imagen-con-el-iac-y-plocan\\\/#breadcrumb\",\"itemListElement\":[{\"@type\":\"ListItem\",\"position\":1,\"name\":\"Home\",\"item\":\"https:\\\/\\\/www.iuma.ulpgc.es\\\/\"},{\"@type\":\"ListItem\",\"position\":2,\"name\":\"El IUMA lidera las t\u00e9cnicas de mejora de imagen con el IAC y PLOCAN\"}]},{\"@type\":\"WebSite\",\"@id\":\"https:\\\/\\\/www.iuma.ulpgc.es\\\/en\\\/#website\",\"url\":\"https:\\\/\\\/www.iuma.ulpgc.es\\\/en\\\/\",\"name\":\"Instituto Universitario de Microelectr\u00f3nica Aplicada\",\"description\":\"El IUMA es un centro de I+D+i de la ULPGC\",\"potentialAction\":[{\"@type\":\"SearchAction\",\"target\":{\"@type\":\"EntryPoint\",\"urlTemplate\":\"https:\\\/\\\/www.iuma.ulpgc.es\\\/en\\\/?s={search_term_string}\"},\"query-input\":{\"@type\":\"PropertyValueSpecification\",\"valueRequired\":true,\"valueName\":\"search_term_string\"}}],\"inLanguage\":\"en-US\"},{\"@type\":\"Person\",\"@id\":\"https:\\\/\\\/www.iuma.ulpgc.es\\\/en\\\/#\\\/schema\\\/person\\\/37a33ecac9f83ab10f19329140aca8d8\",\"name\":\"wordpress\",\"image\":{\"@type\":\"ImageObject\",\"inLanguage\":\"en-US\",\"@id\":\"https:\\\/\\\/secure.gravatar.com\\\/avatar\\\/df170964f67a2c1ea1f378c66f11bd551d50391502d817967ef2c8c9f2c3ef43?s=96&d=mm&r=g\",\"url\":\"https:\\\/\\\/secure.gravatar.com\\\/avatar\\\/df170964f67a2c1ea1f378c66f11bd551d50391502d817967ef2c8c9f2c3ef43?s=96&d=mm&r=g\",\"contentUrl\":\"https:\\\/\\\/secure.gravatar.com\\\/avatar\\\/df170964f67a2c1ea1f378c66f11bd551d50391502d817967ef2c8c9f2c3ef43?s=96&d=mm&r=g\",\"caption\":\"wordpress\"},\"sameAs\":[\"https:\\\/\\\/www.iuma.ulpgc.es\"],\"url\":\"https:\\\/\\\/www.iuma.ulpgc.es\\\/en\\\/author\\\/wordpress-2\\\/\"}]}<\/script>\n<!-- \/ Yoast SEO plugin. -->","yoast_head_json":{"title":"El IUMA lidera las t\u00e9cnicas de mejora de imagen con el IAC y PLOCAN - Instituto Universitario de Microelectr\u00f3nica Aplicada","robots":{"index":"index","follow":"follow","max-snippet":"max-snippet:-1","max-image-preview":"max-image-preview:large","max-video-preview":"max-video-preview:-1"},"canonical":"https:\/\/www.iuma.ulpgc.es\/en\/el-iuma-lidera-las-ticas-de-mejora-de-imagen-con-el-iac-y-plocan\/","og_locale":"en_US","og_type":"article","og_title":"El IUMA lidera las t\u00e9cnicas de mejora de imagen con el IAC y PLOCAN - Instituto Universitario de Microelectr\u00f3nica Aplicada","og_description":"Presentaci\u00f3n de los primeros resultados del proyecto \u00abM\u00e9todos de mejora de imagen submarina aplicados a observaciones astron\u00f3micas\u00bb. El pasado 7 de abril se han presentado los resultados del proyecto de colaboraci\u00f3n entre el Instituto Universitario de Microelectr\u00f3nica Aplicada de la Universidad de las Palmas de Gran Canaria (IUMA), el Instituto de Astrof\u00edsica de Canarias (IAC) [&hellip;]","og_url":"https:\/\/www.iuma.ulpgc.es\/en\/el-iuma-lidera-las-ticas-de-mejora-de-imagen-con-el-iac-y-plocan\/","og_site_name":"Instituto Universitario de Microelectr\u00f3nica Aplicada","article_publisher":"https:\/\/www.facebook.com\/IUMA.ulpgc","article_published_time":"2017-04-21T06:48:09+00:00","article_modified_time":"2024-03-05T10:36:58+00:00","og_image":[{"width":1081,"height":721,"url":"https:\/\/www.iuma.ulpgc.es\/wp-content\/uploads\/2024\/02\/noticias-4-new.jpg","type":"image\/jpeg"}],"author":"wordpress","twitter_card":"summary_large_image","twitter_creator":"@iumanews","twitter_site":"@iumanews","twitter_misc":{"Written by":"wordpress","Est. reading time":"2 minutes"},"schema":{"@context":"https:\/\/schema.org","@graph":[{"@type":"Article","@id":"https:\/\/www.iuma.ulpgc.es\/el-iuma-lidera-las-ticas-de-mejora-de-imagen-con-el-iac-y-plocan\/#article","isPartOf":{"@id":"https:\/\/www.iuma.ulpgc.es\/el-iuma-lidera-las-ticas-de-mejora-de-imagen-con-el-iac-y-plocan\/"},"author":{"name":"wordpress","@id":"https:\/\/www.iuma.ulpgc.es\/en\/#\/schema\/person\/37a33ecac9f83ab10f19329140aca8d8"},"headline":"El IUMA lidera las t\u00e9cnicas de mejora de imagen con el IAC y PLOCAN","datePublished":"2017-04-21T06:48:09+00:00","dateModified":"2024-03-05T10:36:58+00:00","mainEntityOfPage":{"@id":"https:\/\/www.iuma.ulpgc.es\/el-iuma-lidera-las-ticas-de-mejora-de-imagen-con-el-iac-y-plocan\/"},"wordCount":421,"image":{"@id":"https:\/\/www.iuma.ulpgc.es\/el-iuma-lidera-las-ticas-de-mejora-de-imagen-con-el-iac-y-plocan\/#primaryimage"},"thumbnailUrl":"https:\/\/www.iuma.ulpgc.es\/wp-content\/uploads\/2024\/02\/noticias-4-new.jpg","articleSection":["Noticias Recientes"],"inLanguage":"en-US"},{"@type":"WebPage","@id":"https:\/\/www.iuma.ulpgc.es\/el-iuma-lidera-las-ticas-de-mejora-de-imagen-con-el-iac-y-plocan\/","url":"https:\/\/www.iuma.ulpgc.es\/el-iuma-lidera-las-ticas-de-mejora-de-imagen-con-el-iac-y-plocan\/","name":"El IUMA lidera las t\u00e9cnicas de mejora de imagen con el IAC y PLOCAN - Instituto Universitario de Microelectr\u00f3nica Aplicada","isPartOf":{"@id":"https:\/\/www.iuma.ulpgc.es\/en\/#website"},"primaryImageOfPage":{"@id":"https:\/\/www.iuma.ulpgc.es\/el-iuma-lidera-las-ticas-de-mejora-de-imagen-con-el-iac-y-plocan\/#primaryimage"},"image":{"@id":"https:\/\/www.iuma.ulpgc.es\/el-iuma-lidera-las-ticas-de-mejora-de-imagen-con-el-iac-y-plocan\/#primaryimage"},"thumbnailUrl":"https:\/\/www.iuma.ulpgc.es\/wp-content\/uploads\/2024\/02\/noticias-4-new.jpg","datePublished":"2017-04-21T06:48:09+00:00","dateModified":"2024-03-05T10:36:58+00:00","author":{"@id":"https:\/\/www.iuma.ulpgc.es\/en\/#\/schema\/person\/37a33ecac9f83ab10f19329140aca8d8"},"breadcrumb":{"@id":"https:\/\/www.iuma.ulpgc.es\/el-iuma-lidera-las-ticas-de-mejora-de-imagen-con-el-iac-y-plocan\/#breadcrumb"},"inLanguage":"en-US","potentialAction":[{"@type":"ReadAction","target":["https:\/\/www.iuma.ulpgc.es\/el-iuma-lidera-las-ticas-de-mejora-de-imagen-con-el-iac-y-plocan\/"]}]},{"@type":"ImageObject","inLanguage":"en-US","@id":"https:\/\/www.iuma.ulpgc.es\/el-iuma-lidera-las-ticas-de-mejora-de-imagen-con-el-iac-y-plocan\/#primaryimage","url":"https:\/\/www.iuma.ulpgc.es\/wp-content\/uploads\/2024\/02\/noticias-4-new.jpg","contentUrl":"https:\/\/www.iuma.ulpgc.es\/wp-content\/uploads\/2024\/02\/noticias-4-new.jpg","width":1081,"height":721},{"@type":"BreadcrumbList","@id":"https:\/\/www.iuma.ulpgc.es\/el-iuma-lidera-las-ticas-de-mejora-de-imagen-con-el-iac-y-plocan\/#breadcrumb","itemListElement":[{"@type":"ListItem","position":1,"name":"Home","item":"https:\/\/www.iuma.ulpgc.es\/"},{"@type":"ListItem","position":2,"name":"El IUMA lidera las t\u00e9cnicas de mejora de imagen con el IAC y PLOCAN"}]},{"@type":"WebSite","@id":"https:\/\/www.iuma.ulpgc.es\/en\/#website","url":"https:\/\/www.iuma.ulpgc.es\/en\/","name":"Institute for Applied Microelectronics","description":"El IUMA es un centro de I+D+i de la ULPGC","potentialAction":[{"@type":"SearchAction","target":{"@type":"EntryPoint","urlTemplate":"https:\/\/www.iuma.ulpgc.es\/en\/?s={search_term_string}"},"query-input":{"@type":"PropertyValueSpecification","valueRequired":true,"valueName":"search_term_string"}}],"inLanguage":"en-US"},{"@type":"Person","@id":"https:\/\/www.iuma.ulpgc.es\/en\/#\/schema\/person\/37a33ecac9f83ab10f19329140aca8d8","name":"wordpress","image":{"@type":"ImageObject","inLanguage":"en-US","@id":"https:\/\/secure.gravatar.com\/avatar\/df170964f67a2c1ea1f378c66f11bd551d50391502d817967ef2c8c9f2c3ef43?s=96&d=mm&r=g","url":"https:\/\/secure.gravatar.com\/avatar\/df170964f67a2c1ea1f378c66f11bd551d50391502d817967ef2c8c9f2c3ef43?s=96&d=mm&r=g","contentUrl":"https:\/\/secure.gravatar.com\/avatar\/df170964f67a2c1ea1f378c66f11bd551d50391502d817967ef2c8c9f2c3ef43?s=96&d=mm&r=g","caption":"wordpress"},"sameAs":["https:\/\/www.iuma.ulpgc.es"],"url":"https:\/\/www.iuma.ulpgc.es\/en\/author\/wordpress-2\/"}]}},"post_mailing_queue_ids":[],"_links":{"self":[{"href":"https:\/\/www.iuma.ulpgc.es\/en\/wp-json\/wp\/v2\/posts\/3224","targetHints":{"allow":["GET"]}}],"collection":[{"href":"https:\/\/www.iuma.ulpgc.es\/en\/wp-json\/wp\/v2\/posts"}],"about":[{"href":"https:\/\/www.iuma.ulpgc.es\/en\/wp-json\/wp\/v2\/types\/post"}],"author":[{"embeddable":true,"href":"https:\/\/www.iuma.ulpgc.es\/en\/wp-json\/wp\/v2\/users\/1"}],"replies":[{"embeddable":true,"href":"https:\/\/www.iuma.ulpgc.es\/en\/wp-json\/wp\/v2\/comments?post=3224"}],"version-history":[{"count":2,"href":"https:\/\/www.iuma.ulpgc.es\/en\/wp-json\/wp\/v2\/posts\/3224\/revisions"}],"predecessor-version":[{"id":8183,"href":"https:\/\/www.iuma.ulpgc.es\/en\/wp-json\/wp\/v2\/posts\/3224\/revisions\/8183"}],"wp:featuredmedia":[{"embeddable":true,"href":"https:\/\/www.iuma.ulpgc.es\/en\/wp-json\/wp\/v2\/media\/2209"}],"wp:attachment":[{"href":"https:\/\/www.iuma.ulpgc.es\/en\/wp-json\/wp\/v2\/media?parent=3224"}],"wp:term":[{"taxonomy":"category","embeddable":true,"href":"https:\/\/www.iuma.ulpgc.es\/en\/wp-json\/wp\/v2\/categories?post=3224"},{"taxonomy":"post_tag","embeddable":true,"href":"https:\/\/www.iuma.ulpgc.es\/en\/wp-json\/wp\/v2\/tags?post=3224"}],"curies":[{"name":"wp","href":"https:\/\/api.w.org\/{rel}","templated":true}]}}