{"id":3225,"date":"2017-05-18T07:50:27","date_gmt":"2017-05-18T06:50:27","guid":{"rendered":"https:\/\/www.prueba.local\/congreso-internacional-de-nuevos-dispositivos-electros-organizado-por-el-iuma-22-24-de-mayo\/"},"modified":"2024-03-05T10:34:12","modified_gmt":"2024-03-05T10:34:12","slug":"congreso-internacional-de-nuevos-dispositivos-electros-organizado-por-el-iuma-22-24-de-mayo","status":"publish","type":"post","link":"https:\/\/www.iuma.ulpgc.es\/en\/congreso-internacional-de-nuevos-dispositivos-electros-organizado-por-el-iuma-22-24-de-mayo\/","title":{"rendered":"International Congress of New Electronic Devices organized by the IUMA, May 22-24"},"content":{"rendered":"<div class=\"wp-block-image\">\n<figure data-wp-context=\"{&quot;imageId&quot;:&quot;69efe2934c534&quot;}\" data-wp-interactive=\"core\/image\" data-wp-key=\"69efe2934c534\" class=\"alignright size-full is-resized wp-lightbox-container\"><img loading=\"lazy\" decoding=\"async\" width=\"493\" height=\"603\" data-wp-class--hide=\"state.isContentHidden\" data-wp-class--show=\"state.isContentVisible\" data-wp-init=\"callbacks.setButtonStyles\" data-wp-on--click=\"actions.showLightbox\" data-wp-on--load=\"callbacks.setButtonStyles\" data-wp-on--pointerdown=\"actions.preloadImage\" data-wp-on--pointerenter=\"actions.preloadImageWithDelay\" data-wp-on--pointerleave=\"actions.cancelPreload\" data-wp-on-window--resize=\"callbacks.setButtonStyles\" src=\"https:\/\/www.iuma.ulpgc.es\/wp-content\/uploads\/2017\/05\/18-05-2017.jpg\" alt=\"\" class=\"wp-image-2006\" style=\"width:auto;height:300px\" srcset=\"https:\/\/www.iuma.ulpgc.es\/wp-content\/uploads\/2017\/05\/18-05-2017.jpg 493w, https:\/\/www.iuma.ulpgc.es\/wp-content\/uploads\/2017\/05\/18-05-2017-245x300.jpg 245w\" sizes=\"auto, (max-width: 493px) 100vw, 493px\" \/><button\n\t\t\tclass=\"lightbox-trigger\"\n\t\t\ttype=\"button\"\n\t\t\taria-haspopup=\"dialog\"\n\t\t\tdata-wp-bind--aria-label=\"state.thisImage.triggerButtonAriaLabel\"\n\t\t\tdata-wp-init=\"callbacks.initTriggerButton\"\n\t\t\tdata-wp-on--click=\"actions.showLightbox\"\n\t\t\tdata-wp-style--right=\"state.thisImage.buttonRight\"\n\t\t\tdata-wp-style--top=\"state.thisImage.buttonTop\"\n\t\t>\n\t\t\t<svg xmlns=\"http:\/\/www.w3.org\/2000\/svg\" width=\"12\" height=\"12\" fill=\"none\" viewbox=\"0 0 12 12\">\n\t\t\t\t<path fill=\"#fff\" d=\"M2 0a2 2 0 0 0-2 2v2h1.5V2a.5.5 0 0 1 .5-.5h2V0H2Zm2 10.5H2a.5.5 0 0 1-.5-.5V8H0v2a2 2 0 0 0 2 2h2v-1.5ZM8 12v-1.5h2a.5.5 0 0 0 .5-.5V8H12v2a2 2 0 0 1-2 2H8Zm2-12a2 2 0 0 1 2 2v2h-1.5V2a.5.5 0 0 0-.5-.5H8V0h2Z\" \/>\n\t\t\t<\/svg>\n\t\t<\/button><\/figure>\n<\/div>\n\n\n<p class=\"wp-block-paragraph\">The <strong>IUMA<\/strong> organizes the <strong>41 edition<\/strong> of the <strong>International Congress of Devices and Integrated Circuits in Composite Semiconductor Materials<\/strong>, WOCSDICE 2017. It takes place at the AC Hotel, next to the Elder museum in the capital, from May 22 to 24. The President of Congress is <strong>Benito Gonzalez<\/strong>, from the IUMA. Professors co-chair the congress <strong>Dimitris Pavlidis<\/strong> (Boston University and National Science Foundation, USA) and <strong>Hans Hartnagel<\/strong> (Universit\u00e4t Darmstadt, Germany).<\/p>\n\n\n\n<p class=\"wp-block-paragraph\">This congress is the oldest and most pioneering in electronics not based on Silicon (element from group IV of the periodic table), that is, with material systems composed of elements from groups III-V or II-VI, or various combinations including others. group IV elements such as Carbon (Graphene, Diamond). These semiconductor materials are characterized by a high separation of electron energy levels between their valence orbitals and their conduction orbitals, and are destined to dominate the market for high-power applications in electrical conversion, radio frequency, solar cells, lasers or LEDs.<\/p>\n\n\n\n<p class=\"wp-block-paragraph\">Among the topics to be examined with the most striking results are devices on Graphene, devices on Diamond, Tellurium-Cadmium-Mercury devices for very high efficiency photovoltaic panels, sensors based on nitrides, electrical power amplifiers for converters -chargers and electric vehicles based on gallium nitride, radio frequency amplifiers based on gallium and aluminum nitrides, lasers, blue and white LEDs, etc.<\/p>\n\n\n\n<p class=\"wp-block-paragraph\">Throughout the three days, 8 main outstanding presentations will be presented by scientific personalities from the USA (5), Taiwan, Holland, and Spain, and 59 regular presentations submitted by 219 authors, including two works by scientists from the IUMA, the group directed by Benito Gonz\u00e1lez and the group directed by Javier del Pino. To date, 70 participants from 17 countries have registered: the US, 13 European countries including the United Kingdom, Russia and Belarus, and 3 Asian countries Japan, India and Taiwan.<\/p>\n\n\n\n<!--more-->\n\n\n\n<p class=\"wp-block-paragraph\">By country, the delegates are distributed as follows: Germany and Spain (Peninsula) 8 participants, USA, France and Italy 6, United Kingdom and Slovakia 5, Japan, Belgium, Austria and Belarus 3, Portugal 2, Russia, India, Taiwan , Holland and Poland 1, and 7 participants from the Canary Islands. By field, 37 are researchers from universities or university research institutes, 18 are from large state scientific research centers, and 15 are from manufacturing industries.<\/p>\n\n\n\n<p class=\"wp-block-paragraph\">The Steering Committee of this prestigious conference series is made up of 19 scientists from the universities ETH Z\u00fcrich, Boston University, Texas State University, Cardiff University, Chalmers University of Technology, University of Bristol, RWTH Aachen, CNRS France, Technical University of Darmstadt, Universit\u00e1 di Padova, Universit\u00e9 de Lille, University of Toyama, Polit\u00e9cnica de Madrid, Slovak University of Technology, Universidade do Aveiro, Ferdinand Braun Institut, National Science Foundation of USA and National Foundation for Research and Technology-Hellas of Greece.<\/p>\n\n\n\n<p class=\"wp-block-paragraph\">The congress also presents results from the international industrial research projects on Gallium Nitrides, AGATE and POWERBASE, in which the IUMA, the National Microelectronics Center CNM and Spanish industries such as GreenPower participate.<\/p>\n\n\n\n<p class=\"wp-block-paragraph\">The ISOM and IMM Microelectronics Institutes of Madrid and the IUMA of ULPGC have been pioneers in Spain in the 1980s in obtaining and designing III-V compound semiconductor devices.<\/p>\n\n\n\n<p class=\"wp-block-paragraph\">The information on the program and details of the congress is available to download or consult at:<br><a href=\"https:\/\/wocsdice2017.iuma.ulpgc.es\" target=\"_blank\" rel=\"noopener noreferrer\">Official Web <\/a><a href=\"https:\/\/wocsdice2017.iuma.ulpgc.es\" target=\"_blank\" rel=\"noopener noreferrer\">WOCSDICE 2017<\/a><\/p>\n\n\n\n<p class=\"wp-block-paragraph\">&#8212;<br>The main presentations are the following:<br><\/p>\n\n\n\n<ul class=\"wp-block-list\">\n<li><strong>Prof. Edward Yi Chang (Taiwan)<\/strong> &#8211; <em>InGaAs FinFET for Next Generation CMOS Application<\/em><\/li>\n\n\n\n<li><strong>Dr. Jos\u00e9 L. Jim\u00e9nez (USA)<\/strong> &#8211; <em>Current Understanding of Basestation Linearity on GaN Power amplifiers and the influence of starting material<\/em><\/li>\n\n\n\n<li><strong>Dr. Peter Offermans (Netherlands)<\/strong> &#8211; <em>GaN based gas sensing<\/em><\/li>\n\n\n\n<li><strong>Prof. Michael Shur (USA)<\/strong> &#8211; <em>THz Devices Using Graphene<\/em><\/li>\n\n\n\n<li><strong>Dr. Yuanxun Ethan Wang (USA)<\/strong> &#8211; <em>Non-Reciprocal, Parametric Amplification of Electromagnetic Waves for Future Generation of RF Front-Ends<\/em><\/li>\n\n\n\n<li><strong>Prof. Timothy Grotjohn (USA)<\/strong> &#8211; <em>Diamond Electronic Device Technology<\/em><\/li>\n\n\n\n<li><strong>Dr. Pil Sung Park (USA)<\/strong> &#8211; <em>Vertical transport in Metal\/Graphene\/AlGaN\/GaN structure<\/em><\/li>\n\n\n\n<li><strong>Prof. Benjam\u00edn I\u00f1iguez (Spain)<\/strong> &#8211; <em>Physically-Based Compact Modeling of AlGaN\/GaN HEMTs<\/em><\/li>\n<\/ul>","protected":false},"excerpt":{"rendered":"<p>El IUMA organiza la 41 edici\u00f3n del Congreso Internacional de Dispositivos y Circuitos Integrados en Materiales Semiconductores Compuestos, WOCSDICE 2017. Tiene lugar en el Hotel AC, junto al museo Elder de la capital, del 22 al 24 de mayo. El Presidente del Congreso es Benito Gonz\u00e1lez, del IUMA. Co-presiden el congreso los profesores Dimitris Pavlidis [&hellip;]<\/p>\n","protected":false},"author":1,"featured_media":2006,"comment_status":"closed","ping_status":"open","sticky":false,"template":"","format":"standard","meta":{"_crdt_document":"","footnotes":""},"categories":[14],"tags":[],"class_list":["post-3225","post","type-post","status-publish","format-standard","has-post-thumbnail","hentry","category-noticias-recientes"],"yoast_head":"<!-- This site is optimized with the Yoast SEO plugin v27.4 - https:\/\/yoast.com\/product\/yoast-seo-wordpress\/ -->\n<title>Congreso internacional de nuevos dispositivos electr\u00f3nicos organizado por el IUMA, 22-24 de mayo - Instituto Universitario de Microelectr\u00f3nica Aplicada<\/title>\n<meta name=\"robots\" content=\"index, follow, max-snippet:-1, max-image-preview:large, max-video-preview:-1\" \/>\n<link rel=\"canonical\" href=\"https:\/\/www.iuma.ulpgc.es\/en\/congreso-internacional-de-nuevos-dispositivos-electros-organizado-por-el-iuma-22-24-de-mayo\/\" \/>\n<meta property=\"og:locale\" content=\"en_US\" \/>\n<meta property=\"og:type\" content=\"article\" \/>\n<meta property=\"og:title\" content=\"Congreso internacional de nuevos dispositivos electr\u00f3nicos organizado por el IUMA, 22-24 de mayo - Instituto Universitario de Microelectr\u00f3nica Aplicada\" \/>\n<meta property=\"og:description\" content=\"El IUMA organiza la 41 edici\u00f3n del Congreso Internacional de Dispositivos y Circuitos Integrados en Materiales Semiconductores Compuestos, WOCSDICE 2017. Tiene lugar en el Hotel AC, junto al museo Elder de la capital, del 22 al 24 de mayo. El Presidente del Congreso es Benito Gonz\u00e1lez, del IUMA. Co-presiden el congreso los profesores Dimitris Pavlidis [&hellip;]\" \/>\n<meta property=\"og:url\" content=\"https:\/\/www.iuma.ulpgc.es\/en\/congreso-internacional-de-nuevos-dispositivos-electros-organizado-por-el-iuma-22-24-de-mayo\/\" \/>\n<meta property=\"og:site_name\" content=\"Instituto Universitario de Microelectr\u00f3nica Aplicada\" \/>\n<meta property=\"article:publisher\" content=\"https:\/\/www.facebook.com\/IUMA.ulpgc\" \/>\n<meta property=\"article:published_time\" content=\"2017-05-18T06:50:27+00:00\" \/>\n<meta property=\"article:modified_time\" content=\"2024-03-05T10:34:12+00:00\" \/>\n<meta property=\"og:image\" content=\"https:\/\/www.iuma.ulpgc.es\/wp-content\/uploads\/2017\/05\/18-05-2017.jpg\" \/>\n\t<meta property=\"og:image:width\" content=\"493\" \/>\n\t<meta property=\"og:image:height\" content=\"603\" \/>\n\t<meta property=\"og:image:type\" content=\"image\/jpeg\" \/>\n<meta name=\"author\" content=\"wordpress\" \/>\n<meta name=\"twitter:card\" content=\"summary_large_image\" \/>\n<meta name=\"twitter:creator\" content=\"@iumanews\" \/>\n<meta name=\"twitter:site\" content=\"@iumanews\" \/>\n<meta name=\"twitter:label1\" content=\"Written by\" \/>\n\t<meta name=\"twitter:data1\" content=\"wordpress\" \/>\n\t<meta name=\"twitter:label2\" content=\"Est. reading time\" \/>\n\t<meta name=\"twitter:data2\" content=\"4 minutes\" \/>\n<script type=\"application\/ld+json\" class=\"yoast-schema-graph\">{\"@context\":\"https:\\\/\\\/schema.org\",\"@graph\":[{\"@type\":\"Article\",\"@id\":\"https:\\\/\\\/www.iuma.ulpgc.es\\\/congreso-internacional-de-nuevos-dispositivos-electros-organizado-por-el-iuma-22-24-de-mayo\\\/#article\",\"isPartOf\":{\"@id\":\"https:\\\/\\\/www.iuma.ulpgc.es\\\/congreso-internacional-de-nuevos-dispositivos-electros-organizado-por-el-iuma-22-24-de-mayo\\\/\"},\"author\":{\"name\":\"wordpress\",\"@id\":\"https:\\\/\\\/www.iuma.ulpgc.es\\\/en\\\/#\\\/schema\\\/person\\\/37a33ecac9f83ab10f19329140aca8d8\"},\"headline\":\"Congreso internacional de nuevos dispositivos electr\u00f3nicos organizado por el IUMA, 22-24 de mayo\",\"datePublished\":\"2017-05-18T06:50:27+00:00\",\"dateModified\":\"2024-03-05T10:34:12+00:00\",\"mainEntityOfPage\":{\"@id\":\"https:\\\/\\\/www.iuma.ulpgc.es\\\/congreso-internacional-de-nuevos-dispositivos-electros-organizado-por-el-iuma-22-24-de-mayo\\\/\"},\"wordCount\":720,\"image\":{\"@id\":\"https:\\\/\\\/www.iuma.ulpgc.es\\\/congreso-internacional-de-nuevos-dispositivos-electros-organizado-por-el-iuma-22-24-de-mayo\\\/#primaryimage\"},\"thumbnailUrl\":\"https:\\\/\\\/www.iuma.ulpgc.es\\\/wp-content\\\/uploads\\\/2017\\\/05\\\/18-05-2017.jpg\",\"articleSection\":[\"Noticias Recientes\"],\"inLanguage\":\"en-US\"},{\"@type\":\"WebPage\",\"@id\":\"https:\\\/\\\/www.iuma.ulpgc.es\\\/congreso-internacional-de-nuevos-dispositivos-electros-organizado-por-el-iuma-22-24-de-mayo\\\/\",\"url\":\"https:\\\/\\\/www.iuma.ulpgc.es\\\/congreso-internacional-de-nuevos-dispositivos-electros-organizado-por-el-iuma-22-24-de-mayo\\\/\",\"name\":\"Congreso internacional de nuevos dispositivos electr\u00f3nicos organizado por el IUMA, 22-24 de mayo - Instituto Universitario de Microelectr\u00f3nica Aplicada\",\"isPartOf\":{\"@id\":\"https:\\\/\\\/www.iuma.ulpgc.es\\\/en\\\/#website\"},\"primaryImageOfPage\":{\"@id\":\"https:\\\/\\\/www.iuma.ulpgc.es\\\/congreso-internacional-de-nuevos-dispositivos-electros-organizado-por-el-iuma-22-24-de-mayo\\\/#primaryimage\"},\"image\":{\"@id\":\"https:\\\/\\\/www.iuma.ulpgc.es\\\/congreso-internacional-de-nuevos-dispositivos-electros-organizado-por-el-iuma-22-24-de-mayo\\\/#primaryimage\"},\"thumbnailUrl\":\"https:\\\/\\\/www.iuma.ulpgc.es\\\/wp-content\\\/uploads\\\/2017\\\/05\\\/18-05-2017.jpg\",\"datePublished\":\"2017-05-18T06:50:27+00:00\",\"dateModified\":\"2024-03-05T10:34:12+00:00\",\"author\":{\"@id\":\"https:\\\/\\\/www.iuma.ulpgc.es\\\/en\\\/#\\\/schema\\\/person\\\/37a33ecac9f83ab10f19329140aca8d8\"},\"breadcrumb\":{\"@id\":\"https:\\\/\\\/www.iuma.ulpgc.es\\\/congreso-internacional-de-nuevos-dispositivos-electros-organizado-por-el-iuma-22-24-de-mayo\\\/#breadcrumb\"},\"inLanguage\":\"en-US\",\"potentialAction\":[{\"@type\":\"ReadAction\",\"target\":[\"https:\\\/\\\/www.iuma.ulpgc.es\\\/congreso-internacional-de-nuevos-dispositivos-electros-organizado-por-el-iuma-22-24-de-mayo\\\/\"]}]},{\"@type\":\"ImageObject\",\"inLanguage\":\"en-US\",\"@id\":\"https:\\\/\\\/www.iuma.ulpgc.es\\\/congreso-internacional-de-nuevos-dispositivos-electros-organizado-por-el-iuma-22-24-de-mayo\\\/#primaryimage\",\"url\":\"https:\\\/\\\/www.iuma.ulpgc.es\\\/wp-content\\\/uploads\\\/2017\\\/05\\\/18-05-2017.jpg\",\"contentUrl\":\"https:\\\/\\\/www.iuma.ulpgc.es\\\/wp-content\\\/uploads\\\/2017\\\/05\\\/18-05-2017.jpg\",\"width\":493,\"height\":603},{\"@type\":\"BreadcrumbList\",\"@id\":\"https:\\\/\\\/www.iuma.ulpgc.es\\\/congreso-internacional-de-nuevos-dispositivos-electros-organizado-por-el-iuma-22-24-de-mayo\\\/#breadcrumb\",\"itemListElement\":[{\"@type\":\"ListItem\",\"position\":1,\"name\":\"Home\",\"item\":\"https:\\\/\\\/www.iuma.ulpgc.es\\\/\"},{\"@type\":\"ListItem\",\"position\":2,\"name\":\"Congreso internacional de nuevos dispositivos electr\u00f3nicos organizado por el IUMA, 22-24 de mayo\"}]},{\"@type\":\"WebSite\",\"@id\":\"https:\\\/\\\/www.iuma.ulpgc.es\\\/en\\\/#website\",\"url\":\"https:\\\/\\\/www.iuma.ulpgc.es\\\/en\\\/\",\"name\":\"Instituto Universitario de Microelectr\u00f3nica Aplicada\",\"description\":\"El IUMA es un centro de I+D+i de la ULPGC\",\"potentialAction\":[{\"@type\":\"SearchAction\",\"target\":{\"@type\":\"EntryPoint\",\"urlTemplate\":\"https:\\\/\\\/www.iuma.ulpgc.es\\\/en\\\/?s={search_term_string}\"},\"query-input\":{\"@type\":\"PropertyValueSpecification\",\"valueRequired\":true,\"valueName\":\"search_term_string\"}}],\"inLanguage\":\"en-US\"},{\"@type\":\"Person\",\"@id\":\"https:\\\/\\\/www.iuma.ulpgc.es\\\/en\\\/#\\\/schema\\\/person\\\/37a33ecac9f83ab10f19329140aca8d8\",\"name\":\"wordpress\",\"image\":{\"@type\":\"ImageObject\",\"inLanguage\":\"en-US\",\"@id\":\"https:\\\/\\\/secure.gravatar.com\\\/avatar\\\/df170964f67a2c1ea1f378c66f11bd551d50391502d817967ef2c8c9f2c3ef43?s=96&d=mm&r=g\",\"url\":\"https:\\\/\\\/secure.gravatar.com\\\/avatar\\\/df170964f67a2c1ea1f378c66f11bd551d50391502d817967ef2c8c9f2c3ef43?s=96&d=mm&r=g\",\"contentUrl\":\"https:\\\/\\\/secure.gravatar.com\\\/avatar\\\/df170964f67a2c1ea1f378c66f11bd551d50391502d817967ef2c8c9f2c3ef43?s=96&d=mm&r=g\",\"caption\":\"wordpress\"},\"sameAs\":[\"https:\\\/\\\/www.iuma.ulpgc.es\"],\"url\":\"https:\\\/\\\/www.iuma.ulpgc.es\\\/en\\\/author\\\/wordpress-2\\\/\"}]}<\/script>\n<!-- \/ Yoast SEO plugin. -->","yoast_head_json":{"title":"Congreso internacional de nuevos dispositivos electr\u00f3nicos organizado por el IUMA, 22-24 de mayo - Instituto Universitario de Microelectr\u00f3nica Aplicada","robots":{"index":"index","follow":"follow","max-snippet":"max-snippet:-1","max-image-preview":"max-image-preview:large","max-video-preview":"max-video-preview:-1"},"canonical":"https:\/\/www.iuma.ulpgc.es\/en\/congreso-internacional-de-nuevos-dispositivos-electros-organizado-por-el-iuma-22-24-de-mayo\/","og_locale":"en_US","og_type":"article","og_title":"Congreso internacional de nuevos dispositivos electr\u00f3nicos organizado por el IUMA, 22-24 de mayo - Instituto Universitario de Microelectr\u00f3nica Aplicada","og_description":"El IUMA organiza la 41 edici\u00f3n del Congreso Internacional de Dispositivos y Circuitos Integrados en Materiales Semiconductores Compuestos, WOCSDICE 2017. Tiene lugar en el Hotel AC, junto al museo Elder de la capital, del 22 al 24 de mayo. El Presidente del Congreso es Benito Gonz\u00e1lez, del IUMA. Co-presiden el congreso los profesores Dimitris Pavlidis [&hellip;]","og_url":"https:\/\/www.iuma.ulpgc.es\/en\/congreso-internacional-de-nuevos-dispositivos-electros-organizado-por-el-iuma-22-24-de-mayo\/","og_site_name":"Instituto Universitario de Microelectr\u00f3nica Aplicada","article_publisher":"https:\/\/www.facebook.com\/IUMA.ulpgc","article_published_time":"2017-05-18T06:50:27+00:00","article_modified_time":"2024-03-05T10:34:12+00:00","og_image":[{"width":493,"height":603,"url":"https:\/\/www.iuma.ulpgc.es\/wp-content\/uploads\/2017\/05\/18-05-2017.jpg","type":"image\/jpeg"}],"author":"wordpress","twitter_card":"summary_large_image","twitter_creator":"@iumanews","twitter_site":"@iumanews","twitter_misc":{"Written by":"wordpress","Est. reading time":"4 minutes"},"schema":{"@context":"https:\/\/schema.org","@graph":[{"@type":"Article","@id":"https:\/\/www.iuma.ulpgc.es\/congreso-internacional-de-nuevos-dispositivos-electros-organizado-por-el-iuma-22-24-de-mayo\/#article","isPartOf":{"@id":"https:\/\/www.iuma.ulpgc.es\/congreso-internacional-de-nuevos-dispositivos-electros-organizado-por-el-iuma-22-24-de-mayo\/"},"author":{"name":"wordpress","@id":"https:\/\/www.iuma.ulpgc.es\/en\/#\/schema\/person\/37a33ecac9f83ab10f19329140aca8d8"},"headline":"Congreso internacional de nuevos dispositivos electr\u00f3nicos organizado por el IUMA, 22-24 de mayo","datePublished":"2017-05-18T06:50:27+00:00","dateModified":"2024-03-05T10:34:12+00:00","mainEntityOfPage":{"@id":"https:\/\/www.iuma.ulpgc.es\/congreso-internacional-de-nuevos-dispositivos-electros-organizado-por-el-iuma-22-24-de-mayo\/"},"wordCount":720,"image":{"@id":"https:\/\/www.iuma.ulpgc.es\/congreso-internacional-de-nuevos-dispositivos-electros-organizado-por-el-iuma-22-24-de-mayo\/#primaryimage"},"thumbnailUrl":"https:\/\/www.iuma.ulpgc.es\/wp-content\/uploads\/2017\/05\/18-05-2017.jpg","articleSection":["Noticias Recientes"],"inLanguage":"en-US"},{"@type":"WebPage","@id":"https:\/\/www.iuma.ulpgc.es\/congreso-internacional-de-nuevos-dispositivos-electros-organizado-por-el-iuma-22-24-de-mayo\/","url":"https:\/\/www.iuma.ulpgc.es\/congreso-internacional-de-nuevos-dispositivos-electros-organizado-por-el-iuma-22-24-de-mayo\/","name":"Congreso internacional de nuevos dispositivos electr\u00f3nicos organizado por el IUMA, 22-24 de mayo - Instituto Universitario de Microelectr\u00f3nica Aplicada","isPartOf":{"@id":"https:\/\/www.iuma.ulpgc.es\/en\/#website"},"primaryImageOfPage":{"@id":"https:\/\/www.iuma.ulpgc.es\/congreso-internacional-de-nuevos-dispositivos-electros-organizado-por-el-iuma-22-24-de-mayo\/#primaryimage"},"image":{"@id":"https:\/\/www.iuma.ulpgc.es\/congreso-internacional-de-nuevos-dispositivos-electros-organizado-por-el-iuma-22-24-de-mayo\/#primaryimage"},"thumbnailUrl":"https:\/\/www.iuma.ulpgc.es\/wp-content\/uploads\/2017\/05\/18-05-2017.jpg","datePublished":"2017-05-18T06:50:27+00:00","dateModified":"2024-03-05T10:34:12+00:00","author":{"@id":"https:\/\/www.iuma.ulpgc.es\/en\/#\/schema\/person\/37a33ecac9f83ab10f19329140aca8d8"},"breadcrumb":{"@id":"https:\/\/www.iuma.ulpgc.es\/congreso-internacional-de-nuevos-dispositivos-electros-organizado-por-el-iuma-22-24-de-mayo\/#breadcrumb"},"inLanguage":"en-US","potentialAction":[{"@type":"ReadAction","target":["https:\/\/www.iuma.ulpgc.es\/congreso-internacional-de-nuevos-dispositivos-electros-organizado-por-el-iuma-22-24-de-mayo\/"]}]},{"@type":"ImageObject","inLanguage":"en-US","@id":"https:\/\/www.iuma.ulpgc.es\/congreso-internacional-de-nuevos-dispositivos-electros-organizado-por-el-iuma-22-24-de-mayo\/#primaryimage","url":"https:\/\/www.iuma.ulpgc.es\/wp-content\/uploads\/2017\/05\/18-05-2017.jpg","contentUrl":"https:\/\/www.iuma.ulpgc.es\/wp-content\/uploads\/2017\/05\/18-05-2017.jpg","width":493,"height":603},{"@type":"BreadcrumbList","@id":"https:\/\/www.iuma.ulpgc.es\/congreso-internacional-de-nuevos-dispositivos-electros-organizado-por-el-iuma-22-24-de-mayo\/#breadcrumb","itemListElement":[{"@type":"ListItem","position":1,"name":"Home","item":"https:\/\/www.iuma.ulpgc.es\/"},{"@type":"ListItem","position":2,"name":"Congreso internacional de nuevos dispositivos electr\u00f3nicos organizado por el IUMA, 22-24 de mayo"}]},{"@type":"WebSite","@id":"https:\/\/www.iuma.ulpgc.es\/en\/#website","url":"https:\/\/www.iuma.ulpgc.es\/en\/","name":"Institute for Applied Microelectronics","description":"El IUMA es un centro de I+D+i de la ULPGC","potentialAction":[{"@type":"SearchAction","target":{"@type":"EntryPoint","urlTemplate":"https:\/\/www.iuma.ulpgc.es\/en\/?s={search_term_string}"},"query-input":{"@type":"PropertyValueSpecification","valueRequired":true,"valueName":"search_term_string"}}],"inLanguage":"en-US"},{"@type":"Person","@id":"https:\/\/www.iuma.ulpgc.es\/en\/#\/schema\/person\/37a33ecac9f83ab10f19329140aca8d8","name":"wordpress","image":{"@type":"ImageObject","inLanguage":"en-US","@id":"https:\/\/secure.gravatar.com\/avatar\/df170964f67a2c1ea1f378c66f11bd551d50391502d817967ef2c8c9f2c3ef43?s=96&d=mm&r=g","url":"https:\/\/secure.gravatar.com\/avatar\/df170964f67a2c1ea1f378c66f11bd551d50391502d817967ef2c8c9f2c3ef43?s=96&d=mm&r=g","contentUrl":"https:\/\/secure.gravatar.com\/avatar\/df170964f67a2c1ea1f378c66f11bd551d50391502d817967ef2c8c9f2c3ef43?s=96&d=mm&r=g","caption":"wordpress"},"sameAs":["https:\/\/www.iuma.ulpgc.es"],"url":"https:\/\/www.iuma.ulpgc.es\/en\/author\/wordpress-2\/"}]}},"post_mailing_queue_ids":[],"_links":{"self":[{"href":"https:\/\/www.iuma.ulpgc.es\/en\/wp-json\/wp\/v2\/posts\/3225","targetHints":{"allow":["GET"]}}],"collection":[{"href":"https:\/\/www.iuma.ulpgc.es\/en\/wp-json\/wp\/v2\/posts"}],"about":[{"href":"https:\/\/www.iuma.ulpgc.es\/en\/wp-json\/wp\/v2\/types\/post"}],"author":[{"embeddable":true,"href":"https:\/\/www.iuma.ulpgc.es\/en\/wp-json\/wp\/v2\/users\/1"}],"replies":[{"embeddable":true,"href":"https:\/\/www.iuma.ulpgc.es\/en\/wp-json\/wp\/v2\/comments?post=3225"}],"version-history":[{"count":2,"href":"https:\/\/www.iuma.ulpgc.es\/en\/wp-json\/wp\/v2\/posts\/3225\/revisions"}],"predecessor-version":[{"id":8181,"href":"https:\/\/www.iuma.ulpgc.es\/en\/wp-json\/wp\/v2\/posts\/3225\/revisions\/8181"}],"wp:featuredmedia":[{"embeddable":true,"href":"https:\/\/www.iuma.ulpgc.es\/en\/wp-json\/wp\/v2\/media\/2006"}],"wp:attachment":[{"href":"https:\/\/www.iuma.ulpgc.es\/en\/wp-json\/wp\/v2\/media?parent=3225"}],"wp:term":[{"taxonomy":"category","embeddable":true,"href":"https:\/\/www.iuma.ulpgc.es\/en\/wp-json\/wp\/v2\/categories?post=3225"},{"taxonomy":"post_tag","embeddable":true,"href":"https:\/\/www.iuma.ulpgc.es\/en\/wp-json\/wp\/v2\/tags?post=3225"}],"curies":[{"name":"wp","href":"https:\/\/api.w.org\/{rel}","templated":true}]}}