{"id":3230,"date":"2017-09-14T07:34:04","date_gmt":"2017-09-14T06:34:04","guid":{"rendered":"https:\/\/www.prueba.local\/oferta-de-trabajo-para-el-proyecto-de-investigaciomrad\/"},"modified":"2024-03-05T09:59:39","modified_gmt":"2024-03-05T09:59:39","slug":"oferta-de-trabajo-para-el-proyecto-de-investigaciomrad","status":"publish","type":"post","link":"https:\/\/www.iuma.ulpgc.es\/en\/oferta-de-trabajo-para-el-proyecto-de-investigaciomrad\/","title":{"rendered":"Job offer for the COMRAD research project"},"content":{"rendered":"<p class=\"wp-block-paragraph\">The <strong>IUMA <\/strong>through the <strong>Divisi\u00f3n de Tecnolog\u00eda Microelectr\u00f3nica<\/strong> oferta un puesto de trabajo para el proyecto de investigaci\u00f3n <strong>COMRAD<\/strong> (Dise\u00f1o de Circuitos de <strong>COM<\/strong>unicaciones para alta <strong>RAD<\/strong>iaci\u00f3n ambiental) financiado por el Ministerio de Econom\u00eda y Competitividad (MINECO) y el Fondo Europeo de Desarrollo Regional (FEDER). El <strong>plazo <\/strong>de presentaci\u00f3n de <strong>solicitudes <\/strong>finaliza el <strong>21 de Septiembre de 2017<\/strong>.<\/p>\n\n\n\n<p class=\"wp-block-paragraph\">For more information see the following document:<\/p>\n\n\n\n<ul class=\"wp-block-list\">\n<li><a href=\"https:\/\/www.iuma.ulpgc.local\/oferta-de-trabajo-para-el-proyecto-de-investigaciomrad\/index.php?option=com_docman&amp;task=doc_download&amp;gid=395\">Oferta trabajo Proyecto COMRAD \u2013 Septiembre 2017<\/a><\/li>\n<\/ul>","protected":false},"excerpt":{"rendered":"<p>El IUMA a trav\u00e9s de la Divisi\u00f3n de Tecnolog\u00eda Microelectr\u00f3nica oferta un puesto de trabajo para el proyecto de investigaci\u00f3n COMRAD (Dise\u00f1o de Circuitos de COMunicaciones para alta RADiaci\u00f3n ambiental) financiado por el Ministerio de Econom\u00eda y Competitividad (MINECO) y el Fondo Europeo de Desarrollo Regional (FEDER). El plazo de presentaci\u00f3n de solicitudes finaliza el [&hellip;]<\/p>\n","protected":false},"author":1,"featured_media":2222,"comment_status":"closed","ping_status":"open","sticky":false,"template":"","format":"standard","meta":{"_crdt_document":"","footnotes":""},"categories":[17],"tags":[],"class_list":["post-3230","post","type-post","status-publish","format-standard","has-post-thumbnail","hentry","category-ofertas-de-trabajo"],"yoast_head":"<!-- This site is optimized with the Yoast SEO plugin v27.5 - https:\/\/yoast.com\/product\/yoast-seo-wordpress\/ -->\n<title>Oferta de trabajo para el proyecto de investigaci\u00f3n COMRAD - Instituto Universitario de Microelectr\u00f3nica Aplicada<\/title>\n<meta name=\"robots\" content=\"index, follow, max-snippet:-1, max-image-preview:large, max-video-preview:-1\" \/>\n<link rel=\"canonical\" href=\"https:\/\/www.iuma.ulpgc.es\/en\/oferta-de-trabajo-para-el-proyecto-de-investigaciomrad\/\" \/>\n<meta property=\"og:locale\" content=\"en_US\" \/>\n<meta property=\"og:type\" content=\"article\" \/>\n<meta property=\"og:title\" content=\"Oferta de trabajo para el proyecto de investigaci\u00f3n COMRAD - Instituto Universitario de Microelectr\u00f3nica Aplicada\" \/>\n<meta property=\"og:description\" content=\"El IUMA a trav\u00e9s de la Divisi\u00f3n de Tecnolog\u00eda Microelectr\u00f3nica oferta un puesto de trabajo para el proyecto de investigaci\u00f3n COMRAD (Dise\u00f1o de Circuitos de COMunicaciones para alta RADiaci\u00f3n ambiental) financiado por el Ministerio de Econom\u00eda y Competitividad (MINECO) y el Fondo Europeo de Desarrollo Regional (FEDER). El plazo de presentaci\u00f3n de solicitudes finaliza el [&hellip;]\" \/>\n<meta property=\"og:url\" content=\"https:\/\/www.iuma.ulpgc.es\/en\/oferta-de-trabajo-para-el-proyecto-de-investigaciomrad\/\" \/>\n<meta property=\"og:site_name\" content=\"Instituto Universitario de Microelectr\u00f3nica Aplicada\" \/>\n<meta property=\"article:publisher\" content=\"https:\/\/www.facebook.com\/IUMA.ulpgc\" \/>\n<meta property=\"article:published_time\" content=\"2017-09-14T06:34:04+00:00\" \/>\n<meta property=\"article:modified_time\" content=\"2024-03-05T09:59:39+00:00\" \/>\n<meta property=\"og:image\" content=\"https:\/\/www.iuma.ulpgc.es\/wp-content\/uploads\/2024\/02\/oferta-de-trabajo-2-new.jpg\" \/>\n\t<meta property=\"og:image:width\" content=\"1037\" \/>\n\t<meta property=\"og:image:height\" content=\"1037\" \/>\n\t<meta property=\"og:image:type\" content=\"image\/jpeg\" \/>\n<meta name=\"author\" content=\"wordpress\" \/>\n<meta name=\"twitter:card\" content=\"summary_large_image\" \/>\n<meta name=\"twitter:creator\" content=\"@iumanews\" \/>\n<meta name=\"twitter:site\" content=\"@iumanews\" \/>\n<meta name=\"twitter:label1\" content=\"Written by\" \/>\n\t<meta name=\"twitter:data1\" content=\"wordpress\" \/>\n<script type=\"application\/ld+json\" class=\"yoast-schema-graph\">{\"@context\":\"https:\\\/\\\/schema.org\",\"@graph\":[{\"@type\":\"Article\",\"@id\":\"https:\\\/\\\/www.iuma.ulpgc.es\\\/oferta-de-trabajo-para-el-proyecto-de-investigaciomrad\\\/#article\",\"isPartOf\":{\"@id\":\"https:\\\/\\\/www.iuma.ulpgc.es\\\/oferta-de-trabajo-para-el-proyecto-de-investigaciomrad\\\/\"},\"author\":{\"name\":\"wordpress\",\"@id\":\"https:\\\/\\\/www.iuma.ulpgc.es\\\/en\\\/#\\\/schema\\\/person\\\/37a33ecac9f83ab10f19329140aca8d8\"},\"headline\":\"Oferta de trabajo para el proyecto de investigaci\u00f3n COMRAD\",\"datePublished\":\"2017-09-14T06:34:04+00:00\",\"dateModified\":\"2024-03-05T09:59:39+00:00\",\"mainEntityOfPage\":{\"@id\":\"https:\\\/\\\/www.iuma.ulpgc.es\\\/oferta-de-trabajo-para-el-proyecto-de-investigaciomrad\\\/\"},\"wordCount\":91,\"image\":{\"@id\":\"https:\\\/\\\/www.iuma.ulpgc.es\\\/oferta-de-trabajo-para-el-proyecto-de-investigaciomrad\\\/#primaryimage\"},\"thumbnailUrl\":\"https:\\\/\\\/www.iuma.ulpgc.es\\\/wp-content\\\/uploads\\\/2024\\\/02\\\/oferta-de-trabajo-2-new.jpg\",\"articleSection\":[\"Ofertas de trabajo\"],\"inLanguage\":\"en-US\"},{\"@type\":\"WebPage\",\"@id\":\"https:\\\/\\\/www.iuma.ulpgc.es\\\/oferta-de-trabajo-para-el-proyecto-de-investigaciomrad\\\/\",\"url\":\"https:\\\/\\\/www.iuma.ulpgc.es\\\/oferta-de-trabajo-para-el-proyecto-de-investigaciomrad\\\/\",\"name\":\"Oferta de trabajo para el proyecto de investigaci\u00f3n COMRAD - Instituto Universitario de Microelectr\u00f3nica Aplicada\",\"isPartOf\":{\"@id\":\"https:\\\/\\\/www.iuma.ulpgc.es\\\/en\\\/#website\"},\"primaryImageOfPage\":{\"@id\":\"https:\\\/\\\/www.iuma.ulpgc.es\\\/oferta-de-trabajo-para-el-proyecto-de-investigaciomrad\\\/#primaryimage\"},\"image\":{\"@id\":\"https:\\\/\\\/www.iuma.ulpgc.es\\\/oferta-de-trabajo-para-el-proyecto-de-investigaciomrad\\\/#primaryimage\"},\"thumbnailUrl\":\"https:\\\/\\\/www.iuma.ulpgc.es\\\/wp-content\\\/uploads\\\/2024\\\/02\\\/oferta-de-trabajo-2-new.jpg\",\"datePublished\":\"2017-09-14T06:34:04+00:00\",\"dateModified\":\"2024-03-05T09:59:39+00:00\",\"author\":{\"@id\":\"https:\\\/\\\/www.iuma.ulpgc.es\\\/en\\\/#\\\/schema\\\/person\\\/37a33ecac9f83ab10f19329140aca8d8\"},\"breadcrumb\":{\"@id\":\"https:\\\/\\\/www.iuma.ulpgc.es\\\/oferta-de-trabajo-para-el-proyecto-de-investigaciomrad\\\/#breadcrumb\"},\"inLanguage\":\"en-US\",\"potentialAction\":[{\"@type\":\"ReadAction\",\"target\":[\"https:\\\/\\\/www.iuma.ulpgc.es\\\/oferta-de-trabajo-para-el-proyecto-de-investigaciomrad\\\/\"]}]},{\"@type\":\"ImageObject\",\"inLanguage\":\"en-US\",\"@id\":\"https:\\\/\\\/www.iuma.ulpgc.es\\\/oferta-de-trabajo-para-el-proyecto-de-investigaciomrad\\\/#primaryimage\",\"url\":\"https:\\\/\\\/www.iuma.ulpgc.es\\\/wp-content\\\/uploads\\\/2024\\\/02\\\/oferta-de-trabajo-2-new.jpg\",\"contentUrl\":\"https:\\\/\\\/www.iuma.ulpgc.es\\\/wp-content\\\/uploads\\\/2024\\\/02\\\/oferta-de-trabajo-2-new.jpg\",\"width\":1037,\"height\":1037},{\"@type\":\"BreadcrumbList\",\"@id\":\"https:\\\/\\\/www.iuma.ulpgc.es\\\/oferta-de-trabajo-para-el-proyecto-de-investigaciomrad\\\/#breadcrumb\",\"itemListElement\":[{\"@type\":\"ListItem\",\"position\":1,\"name\":\"Home\",\"item\":\"https:\\\/\\\/www.iuma.ulpgc.es\\\/\"},{\"@type\":\"ListItem\",\"position\":2,\"name\":\"Oferta de trabajo para el proyecto de investigaci\u00f3n COMRAD\"}]},{\"@type\":\"WebSite\",\"@id\":\"https:\\\/\\\/www.iuma.ulpgc.es\\\/en\\\/#website\",\"url\":\"https:\\\/\\\/www.iuma.ulpgc.es\\\/en\\\/\",\"name\":\"Instituto Universitario de Microelectr\u00f3nica Aplicada\",\"description\":\"El IUMA es un centro de I+D+i de la ULPGC\",\"potentialAction\":[{\"@type\":\"SearchAction\",\"target\":{\"@type\":\"EntryPoint\",\"urlTemplate\":\"https:\\\/\\\/www.iuma.ulpgc.es\\\/en\\\/?s={search_term_string}\"},\"query-input\":{\"@type\":\"PropertyValueSpecification\",\"valueRequired\":true,\"valueName\":\"search_term_string\"}}],\"inLanguage\":\"en-US\"},{\"@type\":\"Person\",\"@id\":\"https:\\\/\\\/www.iuma.ulpgc.es\\\/en\\\/#\\\/schema\\\/person\\\/37a33ecac9f83ab10f19329140aca8d8\",\"name\":\"wordpress\",\"image\":{\"@type\":\"ImageObject\",\"inLanguage\":\"en-US\",\"@id\":\"https:\\\/\\\/secure.gravatar.com\\\/avatar\\\/df170964f67a2c1ea1f378c66f11bd551d50391502d817967ef2c8c9f2c3ef43?s=96&d=mm&r=g\",\"url\":\"https:\\\/\\\/secure.gravatar.com\\\/avatar\\\/df170964f67a2c1ea1f378c66f11bd551d50391502d817967ef2c8c9f2c3ef43?s=96&d=mm&r=g\",\"contentUrl\":\"https:\\\/\\\/secure.gravatar.com\\\/avatar\\\/df170964f67a2c1ea1f378c66f11bd551d50391502d817967ef2c8c9f2c3ef43?s=96&d=mm&r=g\",\"caption\":\"wordpress\"},\"sameAs\":[\"https:\\\/\\\/www.iuma.ulpgc.es\"],\"url\":\"https:\\\/\\\/www.iuma.ulpgc.es\\\/en\\\/author\\\/wordpress-2\\\/\"}]}<\/script>\n<!-- \/ Yoast SEO plugin. -->","yoast_head_json":{"title":"Oferta de trabajo para el proyecto de investigaci\u00f3n COMRAD - Instituto Universitario de Microelectr\u00f3nica Aplicada","robots":{"index":"index","follow":"follow","max-snippet":"max-snippet:-1","max-image-preview":"max-image-preview:large","max-video-preview":"max-video-preview:-1"},"canonical":"https:\/\/www.iuma.ulpgc.es\/en\/oferta-de-trabajo-para-el-proyecto-de-investigaciomrad\/","og_locale":"en_US","og_type":"article","og_title":"Oferta de trabajo para el proyecto de investigaci\u00f3n COMRAD - Instituto Universitario de Microelectr\u00f3nica Aplicada","og_description":"El IUMA a trav\u00e9s de la Divisi\u00f3n de Tecnolog\u00eda Microelectr\u00f3nica oferta un puesto de trabajo para el proyecto de investigaci\u00f3n COMRAD (Dise\u00f1o de Circuitos de COMunicaciones para alta RADiaci\u00f3n ambiental) financiado por el Ministerio de Econom\u00eda y Competitividad (MINECO) y el Fondo Europeo de Desarrollo Regional (FEDER). El plazo de presentaci\u00f3n de solicitudes finaliza el [&hellip;]","og_url":"https:\/\/www.iuma.ulpgc.es\/en\/oferta-de-trabajo-para-el-proyecto-de-investigaciomrad\/","og_site_name":"Instituto Universitario de Microelectr\u00f3nica Aplicada","article_publisher":"https:\/\/www.facebook.com\/IUMA.ulpgc","article_published_time":"2017-09-14T06:34:04+00:00","article_modified_time":"2024-03-05T09:59:39+00:00","og_image":[{"width":1037,"height":1037,"url":"https:\/\/www.iuma.ulpgc.es\/wp-content\/uploads\/2024\/02\/oferta-de-trabajo-2-new.jpg","type":"image\/jpeg"}],"author":"wordpress","twitter_card":"summary_large_image","twitter_creator":"@iumanews","twitter_site":"@iumanews","twitter_misc":{"Written by":"wordpress"},"schema":{"@context":"https:\/\/schema.org","@graph":[{"@type":"Article","@id":"https:\/\/www.iuma.ulpgc.es\/oferta-de-trabajo-para-el-proyecto-de-investigaciomrad\/#article","isPartOf":{"@id":"https:\/\/www.iuma.ulpgc.es\/oferta-de-trabajo-para-el-proyecto-de-investigaciomrad\/"},"author":{"name":"wordpress","@id":"https:\/\/www.iuma.ulpgc.es\/en\/#\/schema\/person\/37a33ecac9f83ab10f19329140aca8d8"},"headline":"Oferta de trabajo para el proyecto de investigaci\u00f3n COMRAD","datePublished":"2017-09-14T06:34:04+00:00","dateModified":"2024-03-05T09:59:39+00:00","mainEntityOfPage":{"@id":"https:\/\/www.iuma.ulpgc.es\/oferta-de-trabajo-para-el-proyecto-de-investigaciomrad\/"},"wordCount":91,"image":{"@id":"https:\/\/www.iuma.ulpgc.es\/oferta-de-trabajo-para-el-proyecto-de-investigaciomrad\/#primaryimage"},"thumbnailUrl":"https:\/\/www.iuma.ulpgc.es\/wp-content\/uploads\/2024\/02\/oferta-de-trabajo-2-new.jpg","articleSection":["Ofertas de trabajo"],"inLanguage":"en-US"},{"@type":"WebPage","@id":"https:\/\/www.iuma.ulpgc.es\/oferta-de-trabajo-para-el-proyecto-de-investigaciomrad\/","url":"https:\/\/www.iuma.ulpgc.es\/oferta-de-trabajo-para-el-proyecto-de-investigaciomrad\/","name":"Oferta de trabajo para el proyecto de investigaci\u00f3n COMRAD - Instituto Universitario de Microelectr\u00f3nica Aplicada","isPartOf":{"@id":"https:\/\/www.iuma.ulpgc.es\/en\/#website"},"primaryImageOfPage":{"@id":"https:\/\/www.iuma.ulpgc.es\/oferta-de-trabajo-para-el-proyecto-de-investigaciomrad\/#primaryimage"},"image":{"@id":"https:\/\/www.iuma.ulpgc.es\/oferta-de-trabajo-para-el-proyecto-de-investigaciomrad\/#primaryimage"},"thumbnailUrl":"https:\/\/www.iuma.ulpgc.es\/wp-content\/uploads\/2024\/02\/oferta-de-trabajo-2-new.jpg","datePublished":"2017-09-14T06:34:04+00:00","dateModified":"2024-03-05T09:59:39+00:00","author":{"@id":"https:\/\/www.iuma.ulpgc.es\/en\/#\/schema\/person\/37a33ecac9f83ab10f19329140aca8d8"},"breadcrumb":{"@id":"https:\/\/www.iuma.ulpgc.es\/oferta-de-trabajo-para-el-proyecto-de-investigaciomrad\/#breadcrumb"},"inLanguage":"en-US","potentialAction":[{"@type":"ReadAction","target":["https:\/\/www.iuma.ulpgc.es\/oferta-de-trabajo-para-el-proyecto-de-investigaciomrad\/"]}]},{"@type":"ImageObject","inLanguage":"en-US","@id":"https:\/\/www.iuma.ulpgc.es\/oferta-de-trabajo-para-el-proyecto-de-investigaciomrad\/#primaryimage","url":"https:\/\/www.iuma.ulpgc.es\/wp-content\/uploads\/2024\/02\/oferta-de-trabajo-2-new.jpg","contentUrl":"https:\/\/www.iuma.ulpgc.es\/wp-content\/uploads\/2024\/02\/oferta-de-trabajo-2-new.jpg","width":1037,"height":1037},{"@type":"BreadcrumbList","@id":"https:\/\/www.iuma.ulpgc.es\/oferta-de-trabajo-para-el-proyecto-de-investigaciomrad\/#breadcrumb","itemListElement":[{"@type":"ListItem","position":1,"name":"Home","item":"https:\/\/www.iuma.ulpgc.es\/"},{"@type":"ListItem","position":2,"name":"Oferta de trabajo para el proyecto de investigaci\u00f3n COMRAD"}]},{"@type":"WebSite","@id":"https:\/\/www.iuma.ulpgc.es\/en\/#website","url":"https:\/\/www.iuma.ulpgc.es\/en\/","name":"Institute for Applied Microelectronics","description":"El IUMA es un centro de I+D+i de la ULPGC","potentialAction":[{"@type":"SearchAction","target":{"@type":"EntryPoint","urlTemplate":"https:\/\/www.iuma.ulpgc.es\/en\/?s={search_term_string}"},"query-input":{"@type":"PropertyValueSpecification","valueRequired":true,"valueName":"search_term_string"}}],"inLanguage":"en-US"},{"@type":"Person","@id":"https:\/\/www.iuma.ulpgc.es\/en\/#\/schema\/person\/37a33ecac9f83ab10f19329140aca8d8","name":"wordpress","image":{"@type":"ImageObject","inLanguage":"en-US","@id":"https:\/\/secure.gravatar.com\/avatar\/df170964f67a2c1ea1f378c66f11bd551d50391502d817967ef2c8c9f2c3ef43?s=96&d=mm&r=g","url":"https:\/\/secure.gravatar.com\/avatar\/df170964f67a2c1ea1f378c66f11bd551d50391502d817967ef2c8c9f2c3ef43?s=96&d=mm&r=g","contentUrl":"https:\/\/secure.gravatar.com\/avatar\/df170964f67a2c1ea1f378c66f11bd551d50391502d817967ef2c8c9f2c3ef43?s=96&d=mm&r=g","caption":"wordpress"},"sameAs":["https:\/\/www.iuma.ulpgc.es"],"url":"https:\/\/www.iuma.ulpgc.es\/en\/author\/wordpress-2\/"}]}},"post_mailing_queue_ids":[],"_links":{"self":[{"href":"https:\/\/www.iuma.ulpgc.es\/en\/wp-json\/wp\/v2\/posts\/3230","targetHints":{"allow":["GET"]}}],"collection":[{"href":"https:\/\/www.iuma.ulpgc.es\/en\/wp-json\/wp\/v2\/posts"}],"about":[{"href":"https:\/\/www.iuma.ulpgc.es\/en\/wp-json\/wp\/v2\/types\/post"}],"author":[{"embeddable":true,"href":"https:\/\/www.iuma.ulpgc.es\/en\/wp-json\/wp\/v2\/users\/1"}],"replies":[{"embeddable":true,"href":"https:\/\/www.iuma.ulpgc.es\/en\/wp-json\/wp\/v2\/comments?post=3230"}],"version-history":[{"count":3,"href":"https:\/\/www.iuma.ulpgc.es\/en\/wp-json\/wp\/v2\/posts\/3230\/revisions"}],"predecessor-version":[{"id":8161,"href":"https:\/\/www.iuma.ulpgc.es\/en\/wp-json\/wp\/v2\/posts\/3230\/revisions\/8161"}],"wp:featuredmedia":[{"embeddable":true,"href":"https:\/\/www.iuma.ulpgc.es\/en\/wp-json\/wp\/v2\/media\/2222"}],"wp:attachment":[{"href":"https:\/\/www.iuma.ulpgc.es\/en\/wp-json\/wp\/v2\/media?parent=3230"}],"wp:term":[{"taxonomy":"category","embeddable":true,"href":"https:\/\/www.iuma.ulpgc.es\/en\/wp-json\/wp\/v2\/categories?post=3230"},{"taxonomy":"post_tag","embeddable":true,"href":"https:\/\/www.iuma.ulpgc.es\/en\/wp-json\/wp\/v2\/tags?post=3230"}],"curies":[{"name":"wp","href":"https:\/\/api.w.org\/{rel}","templated":true}]}}