{"id":3315,"date":"2020-10-26T12:43:41","date_gmt":"2020-10-26T12:43:41","guid":{"rendered":"https:\/\/www.prueba.local\/?p=3678"},"modified":"2024-03-04T13:44:41","modified_gmt":"2024-03-04T13:44:41","slug":"el-iuma-colabora-en-la-celebracion-de-100-anos-de-ingenieros-de-telecomunicacion","status":"publish","type":"post","link":"https:\/\/www.iuma.ulpgc.es\/en\/el-iuma-colabora-en-la-celebracion-de-100-anos-de-ingenieros-de-telecomunicacion\/","title":{"rendered":"The IUMA collaborates in the celebration of &quot;100 years of Telecommunications Engineers&quot;"},"content":{"rendered":"<p class=\"wp-block-paragraph\"><span style=\"font-size: 18px; font-family: 'Open Sans',sans-serif;\">El acto organizado por el <strong>Colegio Oficial de Ingenieros de Telecomunicaci\u00f3n en Canarias<\/strong> (COITC), junto con la <strong>Escuela de Ingenier\u00eda de Telecomunicaci\u00f3n y Electr\u00f3nica <\/strong>(EITE) de la Universidad de Las Palmas de Gran Canaria (ULPGC), y en colaboraci\u00f3n con la <strong>Asociaci\u00f3n Canaria de Ingenieros de Telecomunicaci\u00f3n<\/strong> (ACIT) y diferentes empresas del sector TIC, les invitan al evento en conexi\u00f3n por streaming que, con motivo de la celebraci\u00f3n del primer centenario del t\u00edtulo de<strong> Ingeniero de Telecomunicaci\u00f3n<\/strong>, se realizar\u00e1 el jueves 29 de octubre a partir de las 12:00 horas.<\/span><\/p>\n\n\n\n<p class=\"wp-block-paragraph\"><span style=\"font-size: 18px; font-family: 'Open Sans',sans-serif;\">El Prof. <strong>Dr. D. Antonio Nu\u00f1ez<\/strong> del IUMA moderar\u00e1 la mesa redonda del acto donde intervendr\u00e1n:<\/span><\/p>\n\n\n\n<p class=\"wp-block-paragraph\"><span style=\"font-size: 18px; font-family: 'Open Sans',sans-serif;\"><strong>Isaac Hern\u00e1ndez Vargas<\/strong>. Director Google Cloud Espa\u00f1a &amp; Portugal.<br>\n<span style=\"font-size: 18px; font-family: 'Open Sans',sans-serif;\"><strong>D. V\u00edctor Manuel Meli\u00e1n Santana<\/strong>. Director General de Telecomunicaciones y Nuevas &#8211; Tecnolog\u00edas. Gobierno de Canarias.<br>\n<span style=\"font-size: 18px; font-family: 'Open Sans',sans-serif;\"><strong>Rafael P\u00e9rez<\/strong>. Coordinador de TCO-MNF en la Agencia Estatal de Investigaci\u00f3n.<br>\n<span style=\"font-size: 18px; font-family: 'Open Sans',sans-serif;\"><strong>Pedro D. Gonz\u00e1lez Vera<\/strong>. Director de desarrollo en LightBee.<\/span><\/span><\/span><\/span><\/p>\n\n\n\n<p class=\"wp-block-paragraph\"><span style=\"font-size: 18px; font-family: 'Open Sans',sans-serif;\">More information: <span style=\"font-size: 18px; font-family: 'Open Sans',sans-serif; text-decoration: underline; color: #0066a1;\"><strong><a style=\"color: #0066a1; text-decoration: underline;\" href=\"http:\/\/acit.es\/100-anos-ing-telecomunicacion\/\">ACIT &#8211; 100 a\u00f1os de la Profesi\u00f3n<\/a><\/strong><\/span><\/span><\/p>\n\n\n<div class=\"wp-block-image\">\n<figure data-wp-context=\"{&quot;imageId&quot;:&quot;69f428b2bd700&quot;}\" data-wp-interactive=\"core\/image\" data-wp-key=\"69f428b2bd700\" class=\"aligncenter size-full is-resized wp-lightbox-container\"><img loading=\"lazy\" decoding=\"async\" width=\"960\" height=\"720\" data-wp-class--hide=\"state.isContentHidden\" data-wp-class--show=\"state.isContentVisible\" data-wp-init=\"callbacks.setButtonStyles\" data-wp-on--click=\"actions.showLightbox\" data-wp-on--load=\"callbacks.setButtonStyles\" data-wp-on--pointerdown=\"actions.preloadImage\" data-wp-on--pointerenter=\"actions.preloadImageWithDelay\" data-wp-on--pointerleave=\"actions.cancelPreload\" data-wp-on-window--resize=\"callbacks.setButtonStyles\" src=\"https:\/\/www.iuma.ulpgc.es\/wp-content\/uploads\/2021\/01\/cartel-100-anos.jpg\" alt=\"\" class=\"wp-image-2168\" style=\"width:600px\" srcset=\"https:\/\/www.iuma.ulpgc.es\/wp-content\/uploads\/2021\/01\/cartel-100-anos.jpg 960w, https:\/\/www.iuma.ulpgc.es\/wp-content\/uploads\/2021\/01\/cartel-100-anos-300x225.jpg 300w, https:\/\/www.iuma.ulpgc.es\/wp-content\/uploads\/2021\/01\/cartel-100-anos-768x576.jpg 768w\" sizes=\"auto, (max-width: 960px) 100vw, 960px\" \/><button\n\t\t\tclass=\"lightbox-trigger\"\n\t\t\ttype=\"button\"\n\t\t\taria-haspopup=\"dialog\"\n\t\t\tdata-wp-bind--aria-label=\"state.thisImage.triggerButtonAriaLabel\"\n\t\t\tdata-wp-init=\"callbacks.initTriggerButton\"\n\t\t\tdata-wp-on--click=\"actions.showLightbox\"\n\t\t\tdata-wp-style--right=\"state.thisImage.buttonRight\"\n\t\t\tdata-wp-style--top=\"state.thisImage.buttonTop\"\n\t\t>\n\t\t\t<svg xmlns=\"http:\/\/www.w3.org\/2000\/svg\" width=\"12\" height=\"12\" fill=\"none\" viewbox=\"0 0 12 12\">\n\t\t\t\t<path fill=\"#fff\" d=\"M2 0a2 2 0 0 0-2 2v2h1.5V2a.5.5 0 0 1 .5-.5h2V0H2Zm2 10.5H2a.5.5 0 0 1-.5-.5V8H0v2a2 2 0 0 0 2 2h2v-1.5ZM8 12v-1.5h2a.5.5 0 0 0 .5-.5V8H12v2a2 2 0 0 1-2 2H8Zm2-12a2 2 0 0 1 2 2v2h-1.5V2a.5.5 0 0 0-.5-.5H8V0h2Z\" \/>\n\t\t\t<\/svg>\n\t\t<\/button><\/figure>\n<\/div>","protected":false},"excerpt":{"rendered":"<p>El acto organizado por el Colegio Oficial de Ingenieros de Telecomunicaci\u00f3n en Canarias (COITC), junto con la Escuela de Ingenier\u00eda de Telecomunicaci\u00f3n y Electr\u00f3nica (EITE) de la Universidad de Las Palmas de Gran Canaria (ULPGC), y en colaboraci\u00f3n con la Asociaci\u00f3n Canaria de Ingenieros de Telecomunicaci\u00f3n (ACIT) y diferentes empresas del sector TIC, les invitan [&hellip;]<\/p>\n","protected":false},"author":2,"featured_media":2168,"comment_status":"closed","ping_status":"open","sticky":false,"template":"","format":"standard","meta":{"_crdt_document":"","footnotes":""},"categories":[18,14],"tags":[],"class_list":["post-3315","post","type-post","status-publish","format-standard","has-post-thumbnail","hentry","category-noticias","category-noticias-recientes"],"yoast_head":"<!-- This site is optimized with the Yoast SEO plugin v27.5 - https:\/\/yoast.com\/product\/yoast-seo-wordpress\/ -->\n<title>El IUMA colabora en la celebraci\u00f3n de &quot;100 a\u00f1os de Ingenieros de Telecomunicaci\u00f3n&quot; - Instituto Universitario de Microelectr\u00f3nica Aplicada<\/title>\n<meta name=\"robots\" content=\"index, follow, max-snippet:-1, max-image-preview:large, max-video-preview:-1\" \/>\n<link rel=\"canonical\" href=\"https:\/\/www.iuma.ulpgc.es\/en\/el-iuma-colabora-en-la-celebracion-de-100-anos-de-ingenieros-de-telecomunicacion\/\" \/>\n<meta property=\"og:locale\" content=\"en_US\" \/>\n<meta property=\"og:type\" content=\"article\" \/>\n<meta property=\"og:title\" content=\"El IUMA colabora en la celebraci\u00f3n de &quot;100 a\u00f1os de Ingenieros de Telecomunicaci\u00f3n&quot; - Instituto Universitario de Microelectr\u00f3nica Aplicada\" \/>\n<meta property=\"og:description\" content=\"El acto organizado por el Colegio Oficial de Ingenieros de Telecomunicaci\u00f3n en Canarias (COITC), junto con la Escuela de Ingenier\u00eda de Telecomunicaci\u00f3n y Electr\u00f3nica (EITE) de la Universidad de Las Palmas de Gran Canaria (ULPGC), y en colaboraci\u00f3n con la Asociaci\u00f3n Canaria de Ingenieros de Telecomunicaci\u00f3n (ACIT) y diferentes empresas del sector TIC, les invitan [&hellip;]\" \/>\n<meta property=\"og:url\" content=\"https:\/\/www.iuma.ulpgc.es\/en\/el-iuma-colabora-en-la-celebracion-de-100-anos-de-ingenieros-de-telecomunicacion\/\" \/>\n<meta property=\"og:site_name\" content=\"Instituto Universitario de Microelectr\u00f3nica Aplicada\" \/>\n<meta property=\"article:publisher\" content=\"https:\/\/www.facebook.com\/IUMA.ulpgc\" \/>\n<meta property=\"article:published_time\" content=\"2020-10-26T12:43:41+00:00\" \/>\n<meta property=\"article:modified_time\" content=\"2024-03-04T13:44:41+00:00\" \/>\n<meta property=\"og:image\" content=\"https:\/\/www.iuma.ulpgc.es\/wp-content\/uploads\/2021\/01\/cartel-100-anos.jpg\" \/>\n\t<meta property=\"og:image:width\" content=\"960\" \/>\n\t<meta property=\"og:image:height\" content=\"720\" \/>\n\t<meta property=\"og:image:type\" content=\"image\/jpeg\" \/>\n<meta name=\"author\" content=\"iuma_wp\" \/>\n<meta name=\"twitter:card\" content=\"summary_large_image\" \/>\n<meta name=\"twitter:creator\" content=\"@iumanews\" \/>\n<meta name=\"twitter:site\" content=\"@iumanews\" \/>\n<meta name=\"twitter:label1\" content=\"Written by\" \/>\n\t<meta name=\"twitter:data1\" content=\"iuma_wp\" \/>\n\t<meta name=\"twitter:label2\" content=\"Est. reading time\" \/>\n\t<meta name=\"twitter:data2\" content=\"1 minute\" \/>\n<script type=\"application\/ld+json\" class=\"yoast-schema-graph\">{\"@context\":\"https:\\\/\\\/schema.org\",\"@graph\":[{\"@type\":\"Article\",\"@id\":\"https:\\\/\\\/www.iuma.ulpgc.es\\\/el-iuma-colabora-en-la-celebracion-de-100-anos-de-ingenieros-de-telecomunicacion\\\/#article\",\"isPartOf\":{\"@id\":\"https:\\\/\\\/www.iuma.ulpgc.es\\\/el-iuma-colabora-en-la-celebracion-de-100-anos-de-ingenieros-de-telecomunicacion\\\/\"},\"author\":{\"name\":\"iuma_wp\",\"@id\":\"https:\\\/\\\/www.iuma.ulpgc.es\\\/en\\\/#\\\/schema\\\/person\\\/81a1859b6929a5c16615ff26e3b6e8ee\"},\"headline\":\"El IUMA colabora en la celebraci\u00f3n de \u00ab100 a\u00f1os de Ingenieros de Telecomunicaci\u00f3n\u00bb\",\"datePublished\":\"2020-10-26T12:43:41+00:00\",\"dateModified\":\"2024-03-04T13:44:41+00:00\",\"mainEntityOfPage\":{\"@id\":\"https:\\\/\\\/www.iuma.ulpgc.es\\\/el-iuma-colabora-en-la-celebracion-de-100-anos-de-ingenieros-de-telecomunicacion\\\/\"},\"wordCount\":196,\"image\":{\"@id\":\"https:\\\/\\\/www.iuma.ulpgc.es\\\/el-iuma-colabora-en-la-celebracion-de-100-anos-de-ingenieros-de-telecomunicacion\\\/#primaryimage\"},\"thumbnailUrl\":\"https:\\\/\\\/www.iuma.ulpgc.es\\\/wp-content\\\/uploads\\\/2021\\\/01\\\/cartel-100-anos.jpg\",\"articleSection\":[\"Noticias\",\"Noticias Recientes\"],\"inLanguage\":\"en-US\"},{\"@type\":\"WebPage\",\"@id\":\"https:\\\/\\\/www.iuma.ulpgc.es\\\/el-iuma-colabora-en-la-celebracion-de-100-anos-de-ingenieros-de-telecomunicacion\\\/\",\"url\":\"https:\\\/\\\/www.iuma.ulpgc.es\\\/el-iuma-colabora-en-la-celebracion-de-100-anos-de-ingenieros-de-telecomunicacion\\\/\",\"name\":\"El IUMA colabora en la celebraci\u00f3n de \\\"100 a\u00f1os de Ingenieros de Telecomunicaci\u00f3n\\\" - Instituto Universitario de Microelectr\u00f3nica Aplicada\",\"isPartOf\":{\"@id\":\"https:\\\/\\\/www.iuma.ulpgc.es\\\/en\\\/#website\"},\"primaryImageOfPage\":{\"@id\":\"https:\\\/\\\/www.iuma.ulpgc.es\\\/el-iuma-colabora-en-la-celebracion-de-100-anos-de-ingenieros-de-telecomunicacion\\\/#primaryimage\"},\"image\":{\"@id\":\"https:\\\/\\\/www.iuma.ulpgc.es\\\/el-iuma-colabora-en-la-celebracion-de-100-anos-de-ingenieros-de-telecomunicacion\\\/#primaryimage\"},\"thumbnailUrl\":\"https:\\\/\\\/www.iuma.ulpgc.es\\\/wp-content\\\/uploads\\\/2021\\\/01\\\/cartel-100-anos.jpg\",\"datePublished\":\"2020-10-26T12:43:41+00:00\",\"dateModified\":\"2024-03-04T13:44:41+00:00\",\"author\":{\"@id\":\"https:\\\/\\\/www.iuma.ulpgc.es\\\/en\\\/#\\\/schema\\\/person\\\/81a1859b6929a5c16615ff26e3b6e8ee\"},\"breadcrumb\":{\"@id\":\"https:\\\/\\\/www.iuma.ulpgc.es\\\/el-iuma-colabora-en-la-celebracion-de-100-anos-de-ingenieros-de-telecomunicacion\\\/#breadcrumb\"},\"inLanguage\":\"en-US\",\"potentialAction\":[{\"@type\":\"ReadAction\",\"target\":[\"https:\\\/\\\/www.iuma.ulpgc.es\\\/el-iuma-colabora-en-la-celebracion-de-100-anos-de-ingenieros-de-telecomunicacion\\\/\"]}]},{\"@type\":\"ImageObject\",\"inLanguage\":\"en-US\",\"@id\":\"https:\\\/\\\/www.iuma.ulpgc.es\\\/el-iuma-colabora-en-la-celebracion-de-100-anos-de-ingenieros-de-telecomunicacion\\\/#primaryimage\",\"url\":\"https:\\\/\\\/www.iuma.ulpgc.es\\\/wp-content\\\/uploads\\\/2021\\\/01\\\/cartel-100-anos.jpg\",\"contentUrl\":\"https:\\\/\\\/www.iuma.ulpgc.es\\\/wp-content\\\/uploads\\\/2021\\\/01\\\/cartel-100-anos.jpg\",\"width\":960,\"height\":720},{\"@type\":\"BreadcrumbList\",\"@id\":\"https:\\\/\\\/www.iuma.ulpgc.es\\\/el-iuma-colabora-en-la-celebracion-de-100-anos-de-ingenieros-de-telecomunicacion\\\/#breadcrumb\",\"itemListElement\":[{\"@type\":\"ListItem\",\"position\":1,\"name\":\"Home\",\"item\":\"https:\\\/\\\/www.iuma.ulpgc.es\\\/\"},{\"@type\":\"ListItem\",\"position\":2,\"name\":\"El IUMA colabora en la celebraci\u00f3n de \u00ab100 a\u00f1os de Ingenieros de Telecomunicaci\u00f3n\u00bb\"}]},{\"@type\":\"WebSite\",\"@id\":\"https:\\\/\\\/www.iuma.ulpgc.es\\\/en\\\/#website\",\"url\":\"https:\\\/\\\/www.iuma.ulpgc.es\\\/en\\\/\",\"name\":\"Instituto Universitario de Microelectr\u00f3nica Aplicada\",\"description\":\"El IUMA es un centro de I+D+i de la ULPGC\",\"potentialAction\":[{\"@type\":\"SearchAction\",\"target\":{\"@type\":\"EntryPoint\",\"urlTemplate\":\"https:\\\/\\\/www.iuma.ulpgc.es\\\/en\\\/?s={search_term_string}\"},\"query-input\":{\"@type\":\"PropertyValueSpecification\",\"valueRequired\":true,\"valueName\":\"search_term_string\"}}],\"inLanguage\":\"en-US\"},{\"@type\":\"Person\",\"@id\":\"https:\\\/\\\/www.iuma.ulpgc.es\\\/en\\\/#\\\/schema\\\/person\\\/81a1859b6929a5c16615ff26e3b6e8ee\",\"name\":\"iuma_wp\",\"image\":{\"@type\":\"ImageObject\",\"inLanguage\":\"en-US\",\"@id\":\"https:\\\/\\\/secure.gravatar.com\\\/avatar\\\/ccbd849519410dccb67105c8cda7d394ddb5121b44d68e2ebfe71c5f7ce56b0a?s=96&d=mm&r=g\",\"url\":\"https:\\\/\\\/secure.gravatar.com\\\/avatar\\\/ccbd849519410dccb67105c8cda7d394ddb5121b44d68e2ebfe71c5f7ce56b0a?s=96&d=mm&r=g\",\"contentUrl\":\"https:\\\/\\\/secure.gravatar.com\\\/avatar\\\/ccbd849519410dccb67105c8cda7d394ddb5121b44d68e2ebfe71c5f7ce56b0a?s=96&d=mm&r=g\",\"caption\":\"iuma_wp\"},\"url\":\"https:\\\/\\\/www.iuma.ulpgc.es\\\/en\\\/author\\\/iuma_wp\\\/\"}]}<\/script>\n<!-- \/ Yoast SEO plugin. -->","yoast_head_json":{"title":"El IUMA colabora en la celebraci\u00f3n de \"100 a\u00f1os de Ingenieros de Telecomunicaci\u00f3n\" - Instituto Universitario de Microelectr\u00f3nica Aplicada","robots":{"index":"index","follow":"follow","max-snippet":"max-snippet:-1","max-image-preview":"max-image-preview:large","max-video-preview":"max-video-preview:-1"},"canonical":"https:\/\/www.iuma.ulpgc.es\/en\/el-iuma-colabora-en-la-celebracion-de-100-anos-de-ingenieros-de-telecomunicacion\/","og_locale":"en_US","og_type":"article","og_title":"El IUMA colabora en la celebraci\u00f3n de \"100 a\u00f1os de Ingenieros de Telecomunicaci\u00f3n\" - Instituto Universitario de Microelectr\u00f3nica Aplicada","og_description":"El acto organizado por el Colegio Oficial de Ingenieros de Telecomunicaci\u00f3n en Canarias (COITC), junto con la Escuela de Ingenier\u00eda de Telecomunicaci\u00f3n y Electr\u00f3nica (EITE) de la Universidad de Las Palmas de Gran Canaria (ULPGC), y en colaboraci\u00f3n con la Asociaci\u00f3n Canaria de Ingenieros de Telecomunicaci\u00f3n (ACIT) y diferentes empresas del sector TIC, les invitan [&hellip;]","og_url":"https:\/\/www.iuma.ulpgc.es\/en\/el-iuma-colabora-en-la-celebracion-de-100-anos-de-ingenieros-de-telecomunicacion\/","og_site_name":"Instituto Universitario de Microelectr\u00f3nica Aplicada","article_publisher":"https:\/\/www.facebook.com\/IUMA.ulpgc","article_published_time":"2020-10-26T12:43:41+00:00","article_modified_time":"2024-03-04T13:44:41+00:00","og_image":[{"width":960,"height":720,"url":"https:\/\/www.iuma.ulpgc.es\/wp-content\/uploads\/2021\/01\/cartel-100-anos.jpg","type":"image\/jpeg"}],"author":"iuma_wp","twitter_card":"summary_large_image","twitter_creator":"@iumanews","twitter_site":"@iumanews","twitter_misc":{"Written by":"iuma_wp","Est. reading time":"1 minute"},"schema":{"@context":"https:\/\/schema.org","@graph":[{"@type":"Article","@id":"https:\/\/www.iuma.ulpgc.es\/el-iuma-colabora-en-la-celebracion-de-100-anos-de-ingenieros-de-telecomunicacion\/#article","isPartOf":{"@id":"https:\/\/www.iuma.ulpgc.es\/el-iuma-colabora-en-la-celebracion-de-100-anos-de-ingenieros-de-telecomunicacion\/"},"author":{"name":"iuma_wp","@id":"https:\/\/www.iuma.ulpgc.es\/en\/#\/schema\/person\/81a1859b6929a5c16615ff26e3b6e8ee"},"headline":"El IUMA colabora en la celebraci\u00f3n de \u00ab100 a\u00f1os de Ingenieros de Telecomunicaci\u00f3n\u00bb","datePublished":"2020-10-26T12:43:41+00:00","dateModified":"2024-03-04T13:44:41+00:00","mainEntityOfPage":{"@id":"https:\/\/www.iuma.ulpgc.es\/el-iuma-colabora-en-la-celebracion-de-100-anos-de-ingenieros-de-telecomunicacion\/"},"wordCount":196,"image":{"@id":"https:\/\/www.iuma.ulpgc.es\/el-iuma-colabora-en-la-celebracion-de-100-anos-de-ingenieros-de-telecomunicacion\/#primaryimage"},"thumbnailUrl":"https:\/\/www.iuma.ulpgc.es\/wp-content\/uploads\/2021\/01\/cartel-100-anos.jpg","articleSection":["Noticias","Noticias Recientes"],"inLanguage":"en-US"},{"@type":"WebPage","@id":"https:\/\/www.iuma.ulpgc.es\/el-iuma-colabora-en-la-celebracion-de-100-anos-de-ingenieros-de-telecomunicacion\/","url":"https:\/\/www.iuma.ulpgc.es\/el-iuma-colabora-en-la-celebracion-de-100-anos-de-ingenieros-de-telecomunicacion\/","name":"El IUMA colabora en la celebraci\u00f3n de \"100 a\u00f1os de Ingenieros de Telecomunicaci\u00f3n\" - Instituto Universitario de Microelectr\u00f3nica Aplicada","isPartOf":{"@id":"https:\/\/www.iuma.ulpgc.es\/en\/#website"},"primaryImageOfPage":{"@id":"https:\/\/www.iuma.ulpgc.es\/el-iuma-colabora-en-la-celebracion-de-100-anos-de-ingenieros-de-telecomunicacion\/#primaryimage"},"image":{"@id":"https:\/\/www.iuma.ulpgc.es\/el-iuma-colabora-en-la-celebracion-de-100-anos-de-ingenieros-de-telecomunicacion\/#primaryimage"},"thumbnailUrl":"https:\/\/www.iuma.ulpgc.es\/wp-content\/uploads\/2021\/01\/cartel-100-anos.jpg","datePublished":"2020-10-26T12:43:41+00:00","dateModified":"2024-03-04T13:44:41+00:00","author":{"@id":"https:\/\/www.iuma.ulpgc.es\/en\/#\/schema\/person\/81a1859b6929a5c16615ff26e3b6e8ee"},"breadcrumb":{"@id":"https:\/\/www.iuma.ulpgc.es\/el-iuma-colabora-en-la-celebracion-de-100-anos-de-ingenieros-de-telecomunicacion\/#breadcrumb"},"inLanguage":"en-US","potentialAction":[{"@type":"ReadAction","target":["https:\/\/www.iuma.ulpgc.es\/el-iuma-colabora-en-la-celebracion-de-100-anos-de-ingenieros-de-telecomunicacion\/"]}]},{"@type":"ImageObject","inLanguage":"en-US","@id":"https:\/\/www.iuma.ulpgc.es\/el-iuma-colabora-en-la-celebracion-de-100-anos-de-ingenieros-de-telecomunicacion\/#primaryimage","url":"https:\/\/www.iuma.ulpgc.es\/wp-content\/uploads\/2021\/01\/cartel-100-anos.jpg","contentUrl":"https:\/\/www.iuma.ulpgc.es\/wp-content\/uploads\/2021\/01\/cartel-100-anos.jpg","width":960,"height":720},{"@type":"BreadcrumbList","@id":"https:\/\/www.iuma.ulpgc.es\/el-iuma-colabora-en-la-celebracion-de-100-anos-de-ingenieros-de-telecomunicacion\/#breadcrumb","itemListElement":[{"@type":"ListItem","position":1,"name":"Home","item":"https:\/\/www.iuma.ulpgc.es\/"},{"@type":"ListItem","position":2,"name":"El IUMA colabora en la celebraci\u00f3n de \u00ab100 a\u00f1os de Ingenieros de Telecomunicaci\u00f3n\u00bb"}]},{"@type":"WebSite","@id":"https:\/\/www.iuma.ulpgc.es\/en\/#website","url":"https:\/\/www.iuma.ulpgc.es\/en\/","name":"Institute for Applied Microelectronics","description":"El IUMA es un centro de I+D+i de la ULPGC","potentialAction":[{"@type":"SearchAction","target":{"@type":"EntryPoint","urlTemplate":"https:\/\/www.iuma.ulpgc.es\/en\/?s={search_term_string}"},"query-input":{"@type":"PropertyValueSpecification","valueRequired":true,"valueName":"search_term_string"}}],"inLanguage":"en-US"},{"@type":"Person","@id":"https:\/\/www.iuma.ulpgc.es\/en\/#\/schema\/person\/81a1859b6929a5c16615ff26e3b6e8ee","name":"iuma_wp","image":{"@type":"ImageObject","inLanguage":"en-US","@id":"https:\/\/secure.gravatar.com\/avatar\/ccbd849519410dccb67105c8cda7d394ddb5121b44d68e2ebfe71c5f7ce56b0a?s=96&d=mm&r=g","url":"https:\/\/secure.gravatar.com\/avatar\/ccbd849519410dccb67105c8cda7d394ddb5121b44d68e2ebfe71c5f7ce56b0a?s=96&d=mm&r=g","contentUrl":"https:\/\/secure.gravatar.com\/avatar\/ccbd849519410dccb67105c8cda7d394ddb5121b44d68e2ebfe71c5f7ce56b0a?s=96&d=mm&r=g","caption":"iuma_wp"},"url":"https:\/\/www.iuma.ulpgc.es\/en\/author\/iuma_wp\/"}]}},"post_mailing_queue_ids":[],"_links":{"self":[{"href":"https:\/\/www.iuma.ulpgc.es\/en\/wp-json\/wp\/v2\/posts\/3315","targetHints":{"allow":["GET"]}}],"collection":[{"href":"https:\/\/www.iuma.ulpgc.es\/en\/wp-json\/wp\/v2\/posts"}],"about":[{"href":"https:\/\/www.iuma.ulpgc.es\/en\/wp-json\/wp\/v2\/types\/post"}],"author":[{"embeddable":true,"href":"https:\/\/www.iuma.ulpgc.es\/en\/wp-json\/wp\/v2\/users\/2"}],"replies":[{"embeddable":true,"href":"https:\/\/www.iuma.ulpgc.es\/en\/wp-json\/wp\/v2\/comments?post=3315"}],"version-history":[{"count":1,"href":"https:\/\/www.iuma.ulpgc.es\/en\/wp-json\/wp\/v2\/posts\/3315\/revisions"}],"predecessor-version":[{"id":8024,"href":"https:\/\/www.iuma.ulpgc.es\/en\/wp-json\/wp\/v2\/posts\/3315\/revisions\/8024"}],"wp:featuredmedia":[{"embeddable":true,"href":"https:\/\/www.iuma.ulpgc.es\/en\/wp-json\/wp\/v2\/media\/2168"}],"wp:attachment":[{"href":"https:\/\/www.iuma.ulpgc.es\/en\/wp-json\/wp\/v2\/media?parent=3315"}],"wp:term":[{"taxonomy":"category","embeddable":true,"href":"https:\/\/www.iuma.ulpgc.es\/en\/wp-json\/wp\/v2\/categories?post=3315"},{"taxonomy":"post_tag","embeddable":true,"href":"https:\/\/www.iuma.ulpgc.es\/en\/wp-json\/wp\/v2\/tags?post=3315"}],"curies":[{"name":"wp","href":"https:\/\/api.w.org\/{rel}","templated":true}]}}