{"id":3360,"date":"2022-05-03T09:44:35","date_gmt":"2022-05-03T08:44:35","guid":{"rendered":"https:\/\/www.prueba.local\/?p=7398"},"modified":"2024-01-17T15:06:44","modified_gmt":"2024-01-17T15:06:44","slug":"el-iuma-apoya-el-desarrollo-del-sector-aeronautico-y-aeroespacial-en-canarias","status":"publish","type":"post","link":"https:\/\/www.iuma.ulpgc.es\/en\/el-iuma-apoya-el-desarrollo-del-sector-aeronautico-y-aeroespacial-en-canarias\/","title":{"rendered":"The IUMA supports the development of the aeronautical and aerospace sector in the Canary Islands"},"content":{"rendered":"<div class=\"wp-block-image\">\n<figure data-wp-context=\"{&quot;imageId&quot;:&quot;69f4e7181bdf1&quot;}\" data-wp-interactive=\"core\/image\" data-wp-key=\"69f4e7181bdf1\" class=\"alignleft size-full is-resized wp-lightbox-container\"><img loading=\"lazy\" decoding=\"async\" width=\"600\" height=\"400\" data-wp-class--hide=\"state.isContentHidden\" data-wp-class--show=\"state.isContentVisible\" data-wp-init=\"callbacks.setButtonStyles\" data-wp-on--click=\"actions.showLightbox\" data-wp-on--load=\"callbacks.setButtonStyles\" data-wp-on--pointerdown=\"actions.preloadImage\" data-wp-on--pointerenter=\"actions.preloadImageWithDelay\" data-wp-on--pointerleave=\"actions.cancelPreload\" data-wp-on-window--resize=\"callbacks.setButtonStyles\" src=\"https:\/\/www.iuma.ulpgc.es\/wp-content\/uploads\/2022\/05\/jose-lopez-sector-aeronautico-canarias.jpg\" alt=\"\" class=\"wp-image-2312\" style=\"width:563px\" srcset=\"https:\/\/www.iuma.ulpgc.es\/wp-content\/uploads\/2022\/05\/jose-lopez-sector-aeronautico-canarias.jpg 600w, https:\/\/www.iuma.ulpgc.es\/wp-content\/uploads\/2022\/05\/jose-lopez-sector-aeronautico-canarias-300x200.jpg 300w\" sizes=\"auto, (max-width: 600px) 100vw, 600px\" \/><button\n\t\t\tclass=\"lightbox-trigger\"\n\t\t\ttype=\"button\"\n\t\t\taria-haspopup=\"dialog\"\n\t\t\tdata-wp-bind--aria-label=\"state.thisImage.triggerButtonAriaLabel\"\n\t\t\tdata-wp-init=\"callbacks.initTriggerButton\"\n\t\t\tdata-wp-on--click=\"actions.showLightbox\"\n\t\t\tdata-wp-style--right=\"state.thisImage.buttonRight\"\n\t\t\tdata-wp-style--top=\"state.thisImage.buttonTop\"\n\t\t>\n\t\t\t<svg xmlns=\"http:\/\/www.w3.org\/2000\/svg\" width=\"12\" height=\"12\" fill=\"none\" viewbox=\"0 0 12 12\">\n\t\t\t\t<path fill=\"#fff\" d=\"M2 0a2 2 0 0 0-2 2v2h1.5V2a.5.5 0 0 1 .5-.5h2V0H2Zm2 10.5H2a.5.5 0 0 1-.5-.5V8H0v2a2 2 0 0 0 2 2h2v-1.5ZM8 12v-1.5h2a.5.5 0 0 0 .5-.5V8H12v2a2 2 0 0 1-2 2H8Zm2-12a2 2 0 0 1 2 2v2h-1.5V2a.5.5 0 0 0-.5-.5H8V0h2Z\" \/>\n\t\t\t<\/svg>\n\t\t<\/button><\/figure>\n<\/div>\n\n\n<p class=\"wp-block-paragraph\">El Dr. Jos\u00e9 Fco. L\u00f3pez, investigador del Instituto Universitario de Microelectr\u00f3nica Aplicada (IUMA), present\u00f3 en Madrid, junto con representantes de la ULPGC, PLOCAN, CAAC y PROEXCA&nbsp;las bondades de Canarias para potenciar el sector aeron\u00e1utico y aeroespacial y dotarlo de una reglamentaci\u00f3n necesaria para su funcionamiento. Se trata de un sector a la vanguardia de la I+D, por encima del sector farmac\u00e9utico y el de la automoci\u00f3n, que aporta m\u00e1s de 20.000 millones de euros al PIB espa\u00f1ol y genera m\u00e1s de 200.000 empleos.<\/p>\n\n\n\n<p class=\"wp-block-paragraph\">En su reuni\u00f3n en Madrid se presentaron&nbsp;una serie de hitos llevados a cabo en Canarias, entre ellos,&nbsp; las grandes instalaciones cient\u00edficas y proyectos que el IUMA viene realizando desde hace m\u00e1s de 6 a\u00f1os con la ESA (Agencia Europea del Espacio)&nbsp;y otras empresas del sector aeroespacial para incorporar sistemas electr\u00f3nicos inteligentes en sat\u00e9lites de observaci\u00f3n de la Tierra que permitan monitorizar el medio ambiente. A todo esto se a\u00f1aden las condiciones naturales existentes en Canarias, como su meteorolog\u00eda, orograf\u00eda y el estar rodeada de mar, que la hacen convertirse en un lugar perfecto para la validaci\u00f3n de rob\u00f3tica a\u00e9rea.<\/p>\n\n\n\n<p class=\"wp-block-paragraph\">La ULPGC lidera diversas iniciativas de car\u00e1cter regional presentadas al Gobierno de Canarias y al Gobierno de Espa\u00f1a para que este sector act\u00fae como efecto arrastre y motor en la diversificaci\u00f3n de la econom\u00eda canaria, atrayendo y reteniendo talento formado en las universidades canarias. La idoneidad de Canarias ha hecho que diversas empresas nacionales e internacionales muestren inter\u00e9s en instalarse en las Islas Canarias si se dieran las condiciones necesarias para disponer de infraestructura que permita validar sus prototipos y una regulaci\u00f3n que facilite la realizaci\u00f3n de vuelos de prueba.<\/p>\n\n\n\n<p class=\"wp-block-paragraph\">Jos\u00e9 Fco. L\u00f3pez present\u00f3 en el Senado distintas iniciativas llevadas a cabo en los \u00faltimos 3 a\u00f1os, si bien los primeros informes que realiz\u00f3 para el Cabildo Insular de Gran Canaria y el Gobierno de Canarias se presentaron en el a\u00f1o 2009. Desde entonces el panorama espa\u00f1ol ha cambiado mucho en iniciativas similares, como la reci\u00e9n creada Agencia Espacial Espa\u00f1ola.<\/p>\n\n\n\n<p class=\"wp-block-paragraph\">Es por ello por lo que, seg\u00fan palabras del Profesor L\u00f3pez, \u201curge tomar decisiones lo antes posible para no perder de nuevo esta oportunidad\u201d a la cual el Gobierno de Espa\u00f1a va a dedicar 4.500 millones de euros hasta el a\u00f1o 2025 a trav\u00e9s del PERTE Aeroespacial (Proyectos Estrat\u00e9gicos para la Recuperaci\u00f3n y Transformaci\u00f3n Econ\u00f3mica). Y es que \u201cCanarias parte con unas condiciones iniciales mejores que las de cualquier otra regi\u00f3n espa\u00f1ola para la creaci\u00f3n del sector aeron\u00e1utico y aeroespacial, las cuales incluyen las ventajas econ\u00f3micas y fiscales existentes, los v\u00ednculos geoestrat\u00e9gicos, y sus infraestructuras de servicios y comunicaciones que hacen que en menos de 4 horas podamos estar en cualquier sitio de Europa\u201d.<\/p>\n\n\n\n<p class=\"wp-block-paragraph\">Adaptada de:<\/p>\n\n\n\n<p class=\"wp-block-paragraph\"><a href=\"https:\/\/www.ulpgc.es\/noticia\/2022\/05\/02\/ulpgc-presenta-madrid-beneficios-implantacion-del-sector-aeronautico-y\">https:\/\/www.ulpgc.es\/noticia\/2022\/05\/02\/ulpgc-presenta-madrid-beneficios-implantacion-del-sector-aeronautico-y<\/a><\/p>","protected":false},"excerpt":{"rendered":"<p>El Dr. Jos\u00e9 Fco. L\u00f3pez, investigador del Instituto Universitario de Microelectr\u00f3nica Aplicada (IUMA), present\u00f3 en Madrid, junto con representantes de la ULPGC, PLOCAN, CAAC y PROEXCA&nbsp;las bondades de Canarias para potenciar el sector aeron\u00e1utico y aeroespacial y dotarlo de una reglamentaci\u00f3n necesaria para su funcionamiento. Se trata de un sector a la vanguardia de la [&hellip;]<\/p>\n","protected":false},"author":2,"featured_media":2312,"comment_status":"closed","ping_status":"open","sticky":false,"template":"","format":"standard","meta":{"_crdt_document":"","footnotes":""},"categories":[20,18,14],"tags":[],"class_list":["post-3360","post","type-post","status-publish","format-standard","has-post-thumbnail","hentry","category-eventos","category-noticias","category-noticias-recientes"],"yoast_head":"<!-- This site is optimized with the Yoast SEO plugin v27.5 - https:\/\/yoast.com\/product\/yoast-seo-wordpress\/ -->\n<title>El IUMA apoya el desarrollo del sector aeron\u00e1utico y aeroespacial en Canarias - Instituto Universitario de Microelectr\u00f3nica Aplicada<\/title>\n<meta name=\"robots\" content=\"index, follow, max-snippet:-1, max-image-preview:large, max-video-preview:-1\" \/>\n<link rel=\"canonical\" href=\"https:\/\/www.iuma.ulpgc.es\/en\/el-iuma-apoya-el-desarrollo-del-sector-aeronautico-y-aeroespacial-en-canarias\/\" \/>\n<meta property=\"og:locale\" content=\"en_US\" \/>\n<meta property=\"og:type\" content=\"article\" \/>\n<meta property=\"og:title\" content=\"El IUMA apoya el desarrollo del sector aeron\u00e1utico y aeroespacial en Canarias - Instituto Universitario de Microelectr\u00f3nica Aplicada\" \/>\n<meta property=\"og:description\" content=\"El Dr. Jos\u00e9 Fco. L\u00f3pez, investigador del Instituto Universitario de Microelectr\u00f3nica Aplicada (IUMA), present\u00f3 en Madrid, junto con representantes de la ULPGC, PLOCAN, CAAC y PROEXCA&nbsp;las bondades de Canarias para potenciar el sector aeron\u00e1utico y aeroespacial y dotarlo de una reglamentaci\u00f3n necesaria para su funcionamiento. Se trata de un sector a la vanguardia de la [&hellip;]\" \/>\n<meta property=\"og:url\" content=\"https:\/\/www.iuma.ulpgc.es\/en\/el-iuma-apoya-el-desarrollo-del-sector-aeronautico-y-aeroespacial-en-canarias\/\" \/>\n<meta property=\"og:site_name\" content=\"Instituto Universitario de Microelectr\u00f3nica Aplicada\" \/>\n<meta property=\"article:publisher\" content=\"https:\/\/www.facebook.com\/IUMA.ulpgc\" \/>\n<meta property=\"article:published_time\" content=\"2022-05-03T08:44:35+00:00\" \/>\n<meta property=\"article:modified_time\" content=\"2024-01-17T15:06:44+00:00\" \/>\n<meta property=\"og:image\" content=\"https:\/\/www.iuma.ulpgc.es\/wp-content\/uploads\/2022\/05\/jose-lopez-sector-aeronautico-canarias.jpg\" \/>\n\t<meta property=\"og:image:width\" content=\"600\" \/>\n\t<meta property=\"og:image:height\" content=\"400\" \/>\n\t<meta property=\"og:image:type\" content=\"image\/jpeg\" \/>\n<meta name=\"author\" content=\"iuma_wp\" \/>\n<meta name=\"twitter:card\" content=\"summary_large_image\" \/>\n<meta name=\"twitter:creator\" content=\"@iumanews\" \/>\n<meta name=\"twitter:site\" content=\"@iumanews\" \/>\n<meta name=\"twitter:label1\" content=\"Written by\" \/>\n\t<meta name=\"twitter:data1\" content=\"iuma_wp\" \/>\n\t<meta name=\"twitter:label2\" content=\"Est. reading time\" \/>\n\t<meta name=\"twitter:data2\" content=\"3 minutes\" \/>\n<script type=\"application\/ld+json\" class=\"yoast-schema-graph\">{\"@context\":\"https:\\\/\\\/schema.org\",\"@graph\":[{\"@type\":\"Article\",\"@id\":\"https:\\\/\\\/www.iuma.ulpgc.es\\\/el-iuma-apoya-el-desarrollo-del-sector-aeronautico-y-aeroespacial-en-canarias\\\/#article\",\"isPartOf\":{\"@id\":\"https:\\\/\\\/www.iuma.ulpgc.es\\\/el-iuma-apoya-el-desarrollo-del-sector-aeronautico-y-aeroespacial-en-canarias\\\/\"},\"author\":{\"name\":\"iuma_wp\",\"@id\":\"https:\\\/\\\/www.iuma.ulpgc.es\\\/en\\\/#\\\/schema\\\/person\\\/81a1859b6929a5c16615ff26e3b6e8ee\"},\"headline\":\"El IUMA apoya el desarrollo del sector aeron\u00e1utico y aeroespacial en Canarias\",\"datePublished\":\"2022-05-03T08:44:35+00:00\",\"dateModified\":\"2024-01-17T15:06:44+00:00\",\"mainEntityOfPage\":{\"@id\":\"https:\\\/\\\/www.iuma.ulpgc.es\\\/el-iuma-apoya-el-desarrollo-del-sector-aeronautico-y-aeroespacial-en-canarias\\\/\"},\"wordCount\":519,\"image\":{\"@id\":\"https:\\\/\\\/www.iuma.ulpgc.es\\\/el-iuma-apoya-el-desarrollo-del-sector-aeronautico-y-aeroespacial-en-canarias\\\/#primaryimage\"},\"thumbnailUrl\":\"https:\\\/\\\/www.iuma.ulpgc.es\\\/wp-content\\\/uploads\\\/2022\\\/05\\\/jose-lopez-sector-aeronautico-canarias.jpg\",\"articleSection\":[\"Eventos\",\"Noticias\",\"Noticias Recientes\"],\"inLanguage\":\"en-US\"},{\"@type\":\"WebPage\",\"@id\":\"https:\\\/\\\/www.iuma.ulpgc.es\\\/el-iuma-apoya-el-desarrollo-del-sector-aeronautico-y-aeroespacial-en-canarias\\\/\",\"url\":\"https:\\\/\\\/www.iuma.ulpgc.es\\\/el-iuma-apoya-el-desarrollo-del-sector-aeronautico-y-aeroespacial-en-canarias\\\/\",\"name\":\"El IUMA apoya el desarrollo del sector aeron\u00e1utico y aeroespacial en Canarias - Instituto Universitario de Microelectr\u00f3nica Aplicada\",\"isPartOf\":{\"@id\":\"https:\\\/\\\/www.iuma.ulpgc.es\\\/en\\\/#website\"},\"primaryImageOfPage\":{\"@id\":\"https:\\\/\\\/www.iuma.ulpgc.es\\\/el-iuma-apoya-el-desarrollo-del-sector-aeronautico-y-aeroespacial-en-canarias\\\/#primaryimage\"},\"image\":{\"@id\":\"https:\\\/\\\/www.iuma.ulpgc.es\\\/el-iuma-apoya-el-desarrollo-del-sector-aeronautico-y-aeroespacial-en-canarias\\\/#primaryimage\"},\"thumbnailUrl\":\"https:\\\/\\\/www.iuma.ulpgc.es\\\/wp-content\\\/uploads\\\/2022\\\/05\\\/jose-lopez-sector-aeronautico-canarias.jpg\",\"datePublished\":\"2022-05-03T08:44:35+00:00\",\"dateModified\":\"2024-01-17T15:06:44+00:00\",\"author\":{\"@id\":\"https:\\\/\\\/www.iuma.ulpgc.es\\\/en\\\/#\\\/schema\\\/person\\\/81a1859b6929a5c16615ff26e3b6e8ee\"},\"breadcrumb\":{\"@id\":\"https:\\\/\\\/www.iuma.ulpgc.es\\\/el-iuma-apoya-el-desarrollo-del-sector-aeronautico-y-aeroespacial-en-canarias\\\/#breadcrumb\"},\"inLanguage\":\"en-US\",\"potentialAction\":[{\"@type\":\"ReadAction\",\"target\":[\"https:\\\/\\\/www.iuma.ulpgc.es\\\/el-iuma-apoya-el-desarrollo-del-sector-aeronautico-y-aeroespacial-en-canarias\\\/\"]}]},{\"@type\":\"ImageObject\",\"inLanguage\":\"en-US\",\"@id\":\"https:\\\/\\\/www.iuma.ulpgc.es\\\/el-iuma-apoya-el-desarrollo-del-sector-aeronautico-y-aeroespacial-en-canarias\\\/#primaryimage\",\"url\":\"https:\\\/\\\/www.iuma.ulpgc.es\\\/wp-content\\\/uploads\\\/2022\\\/05\\\/jose-lopez-sector-aeronautico-canarias.jpg\",\"contentUrl\":\"https:\\\/\\\/www.iuma.ulpgc.es\\\/wp-content\\\/uploads\\\/2022\\\/05\\\/jose-lopez-sector-aeronautico-canarias.jpg\",\"width\":600,\"height\":400},{\"@type\":\"BreadcrumbList\",\"@id\":\"https:\\\/\\\/www.iuma.ulpgc.es\\\/el-iuma-apoya-el-desarrollo-del-sector-aeronautico-y-aeroespacial-en-canarias\\\/#breadcrumb\",\"itemListElement\":[{\"@type\":\"ListItem\",\"position\":1,\"name\":\"Home\",\"item\":\"https:\\\/\\\/www.iuma.ulpgc.es\\\/\"},{\"@type\":\"ListItem\",\"position\":2,\"name\":\"El IUMA apoya el desarrollo del sector aeron\u00e1utico y aeroespacial en Canarias\"}]},{\"@type\":\"WebSite\",\"@id\":\"https:\\\/\\\/www.iuma.ulpgc.es\\\/en\\\/#website\",\"url\":\"https:\\\/\\\/www.iuma.ulpgc.es\\\/en\\\/\",\"name\":\"Instituto Universitario de Microelectr\u00f3nica Aplicada\",\"description\":\"El IUMA es un centro de I+D+i de la ULPGC\",\"potentialAction\":[{\"@type\":\"SearchAction\",\"target\":{\"@type\":\"EntryPoint\",\"urlTemplate\":\"https:\\\/\\\/www.iuma.ulpgc.es\\\/en\\\/?s={search_term_string}\"},\"query-input\":{\"@type\":\"PropertyValueSpecification\",\"valueRequired\":true,\"valueName\":\"search_term_string\"}}],\"inLanguage\":\"en-US\"},{\"@type\":\"Person\",\"@id\":\"https:\\\/\\\/www.iuma.ulpgc.es\\\/en\\\/#\\\/schema\\\/person\\\/81a1859b6929a5c16615ff26e3b6e8ee\",\"name\":\"iuma_wp\",\"image\":{\"@type\":\"ImageObject\",\"inLanguage\":\"en-US\",\"@id\":\"https:\\\/\\\/secure.gravatar.com\\\/avatar\\\/ccbd849519410dccb67105c8cda7d394ddb5121b44d68e2ebfe71c5f7ce56b0a?s=96&d=mm&r=g\",\"url\":\"https:\\\/\\\/secure.gravatar.com\\\/avatar\\\/ccbd849519410dccb67105c8cda7d394ddb5121b44d68e2ebfe71c5f7ce56b0a?s=96&d=mm&r=g\",\"contentUrl\":\"https:\\\/\\\/secure.gravatar.com\\\/avatar\\\/ccbd849519410dccb67105c8cda7d394ddb5121b44d68e2ebfe71c5f7ce56b0a?s=96&d=mm&r=g\",\"caption\":\"iuma_wp\"},\"url\":\"https:\\\/\\\/www.iuma.ulpgc.es\\\/en\\\/author\\\/iuma_wp\\\/\"}]}<\/script>\n<!-- \/ Yoast SEO plugin. -->","yoast_head_json":{"title":"El IUMA apoya el desarrollo del sector aeron\u00e1utico y aeroespacial en Canarias - Instituto Universitario de Microelectr\u00f3nica Aplicada","robots":{"index":"index","follow":"follow","max-snippet":"max-snippet:-1","max-image-preview":"max-image-preview:large","max-video-preview":"max-video-preview:-1"},"canonical":"https:\/\/www.iuma.ulpgc.es\/en\/el-iuma-apoya-el-desarrollo-del-sector-aeronautico-y-aeroespacial-en-canarias\/","og_locale":"en_US","og_type":"article","og_title":"El IUMA apoya el desarrollo del sector aeron\u00e1utico y aeroespacial en Canarias - Instituto Universitario de Microelectr\u00f3nica Aplicada","og_description":"El Dr. Jos\u00e9 Fco. L\u00f3pez, investigador del Instituto Universitario de Microelectr\u00f3nica Aplicada (IUMA), present\u00f3 en Madrid, junto con representantes de la ULPGC, PLOCAN, CAAC y PROEXCA&nbsp;las bondades de Canarias para potenciar el sector aeron\u00e1utico y aeroespacial y dotarlo de una reglamentaci\u00f3n necesaria para su funcionamiento. Se trata de un sector a la vanguardia de la [&hellip;]","og_url":"https:\/\/www.iuma.ulpgc.es\/en\/el-iuma-apoya-el-desarrollo-del-sector-aeronautico-y-aeroespacial-en-canarias\/","og_site_name":"Instituto Universitario de Microelectr\u00f3nica Aplicada","article_publisher":"https:\/\/www.facebook.com\/IUMA.ulpgc","article_published_time":"2022-05-03T08:44:35+00:00","article_modified_time":"2024-01-17T15:06:44+00:00","og_image":[{"width":600,"height":400,"url":"https:\/\/www.iuma.ulpgc.es\/wp-content\/uploads\/2022\/05\/jose-lopez-sector-aeronautico-canarias.jpg","type":"image\/jpeg"}],"author":"iuma_wp","twitter_card":"summary_large_image","twitter_creator":"@iumanews","twitter_site":"@iumanews","twitter_misc":{"Written by":"iuma_wp","Est. reading time":"3 minutes"},"schema":{"@context":"https:\/\/schema.org","@graph":[{"@type":"Article","@id":"https:\/\/www.iuma.ulpgc.es\/el-iuma-apoya-el-desarrollo-del-sector-aeronautico-y-aeroespacial-en-canarias\/#article","isPartOf":{"@id":"https:\/\/www.iuma.ulpgc.es\/el-iuma-apoya-el-desarrollo-del-sector-aeronautico-y-aeroespacial-en-canarias\/"},"author":{"name":"iuma_wp","@id":"https:\/\/www.iuma.ulpgc.es\/en\/#\/schema\/person\/81a1859b6929a5c16615ff26e3b6e8ee"},"headline":"El IUMA apoya el desarrollo del sector aeron\u00e1utico y aeroespacial en Canarias","datePublished":"2022-05-03T08:44:35+00:00","dateModified":"2024-01-17T15:06:44+00:00","mainEntityOfPage":{"@id":"https:\/\/www.iuma.ulpgc.es\/el-iuma-apoya-el-desarrollo-del-sector-aeronautico-y-aeroespacial-en-canarias\/"},"wordCount":519,"image":{"@id":"https:\/\/www.iuma.ulpgc.es\/el-iuma-apoya-el-desarrollo-del-sector-aeronautico-y-aeroespacial-en-canarias\/#primaryimage"},"thumbnailUrl":"https:\/\/www.iuma.ulpgc.es\/wp-content\/uploads\/2022\/05\/jose-lopez-sector-aeronautico-canarias.jpg","articleSection":["Eventos","Noticias","Noticias Recientes"],"inLanguage":"en-US"},{"@type":"WebPage","@id":"https:\/\/www.iuma.ulpgc.es\/el-iuma-apoya-el-desarrollo-del-sector-aeronautico-y-aeroespacial-en-canarias\/","url":"https:\/\/www.iuma.ulpgc.es\/el-iuma-apoya-el-desarrollo-del-sector-aeronautico-y-aeroespacial-en-canarias\/","name":"El IUMA apoya el desarrollo del sector aeron\u00e1utico y aeroespacial en Canarias - Instituto Universitario de Microelectr\u00f3nica Aplicada","isPartOf":{"@id":"https:\/\/www.iuma.ulpgc.es\/en\/#website"},"primaryImageOfPage":{"@id":"https:\/\/www.iuma.ulpgc.es\/el-iuma-apoya-el-desarrollo-del-sector-aeronautico-y-aeroespacial-en-canarias\/#primaryimage"},"image":{"@id":"https:\/\/www.iuma.ulpgc.es\/el-iuma-apoya-el-desarrollo-del-sector-aeronautico-y-aeroespacial-en-canarias\/#primaryimage"},"thumbnailUrl":"https:\/\/www.iuma.ulpgc.es\/wp-content\/uploads\/2022\/05\/jose-lopez-sector-aeronautico-canarias.jpg","datePublished":"2022-05-03T08:44:35+00:00","dateModified":"2024-01-17T15:06:44+00:00","author":{"@id":"https:\/\/www.iuma.ulpgc.es\/en\/#\/schema\/person\/81a1859b6929a5c16615ff26e3b6e8ee"},"breadcrumb":{"@id":"https:\/\/www.iuma.ulpgc.es\/el-iuma-apoya-el-desarrollo-del-sector-aeronautico-y-aeroespacial-en-canarias\/#breadcrumb"},"inLanguage":"en-US","potentialAction":[{"@type":"ReadAction","target":["https:\/\/www.iuma.ulpgc.es\/el-iuma-apoya-el-desarrollo-del-sector-aeronautico-y-aeroespacial-en-canarias\/"]}]},{"@type":"ImageObject","inLanguage":"en-US","@id":"https:\/\/www.iuma.ulpgc.es\/el-iuma-apoya-el-desarrollo-del-sector-aeronautico-y-aeroespacial-en-canarias\/#primaryimage","url":"https:\/\/www.iuma.ulpgc.es\/wp-content\/uploads\/2022\/05\/jose-lopez-sector-aeronautico-canarias.jpg","contentUrl":"https:\/\/www.iuma.ulpgc.es\/wp-content\/uploads\/2022\/05\/jose-lopez-sector-aeronautico-canarias.jpg","width":600,"height":400},{"@type":"BreadcrumbList","@id":"https:\/\/www.iuma.ulpgc.es\/el-iuma-apoya-el-desarrollo-del-sector-aeronautico-y-aeroespacial-en-canarias\/#breadcrumb","itemListElement":[{"@type":"ListItem","position":1,"name":"Home","item":"https:\/\/www.iuma.ulpgc.es\/"},{"@type":"ListItem","position":2,"name":"El IUMA apoya el desarrollo del sector aeron\u00e1utico y aeroespacial en Canarias"}]},{"@type":"WebSite","@id":"https:\/\/www.iuma.ulpgc.es\/en\/#website","url":"https:\/\/www.iuma.ulpgc.es\/en\/","name":"Institute for Applied Microelectronics","description":"El IUMA es un centro de I+D+i de la ULPGC","potentialAction":[{"@type":"SearchAction","target":{"@type":"EntryPoint","urlTemplate":"https:\/\/www.iuma.ulpgc.es\/en\/?s={search_term_string}"},"query-input":{"@type":"PropertyValueSpecification","valueRequired":true,"valueName":"search_term_string"}}],"inLanguage":"en-US"},{"@type":"Person","@id":"https:\/\/www.iuma.ulpgc.es\/en\/#\/schema\/person\/81a1859b6929a5c16615ff26e3b6e8ee","name":"iuma_wp","image":{"@type":"ImageObject","inLanguage":"en-US","@id":"https:\/\/secure.gravatar.com\/avatar\/ccbd849519410dccb67105c8cda7d394ddb5121b44d68e2ebfe71c5f7ce56b0a?s=96&d=mm&r=g","url":"https:\/\/secure.gravatar.com\/avatar\/ccbd849519410dccb67105c8cda7d394ddb5121b44d68e2ebfe71c5f7ce56b0a?s=96&d=mm&r=g","contentUrl":"https:\/\/secure.gravatar.com\/avatar\/ccbd849519410dccb67105c8cda7d394ddb5121b44d68e2ebfe71c5f7ce56b0a?s=96&d=mm&r=g","caption":"iuma_wp"},"url":"https:\/\/www.iuma.ulpgc.es\/en\/author\/iuma_wp\/"}]}},"post_mailing_queue_ids":[],"_links":{"self":[{"href":"https:\/\/www.iuma.ulpgc.es\/en\/wp-json\/wp\/v2\/posts\/3360","targetHints":{"allow":["GET"]}}],"collection":[{"href":"https:\/\/www.iuma.ulpgc.es\/en\/wp-json\/wp\/v2\/posts"}],"about":[{"href":"https:\/\/www.iuma.ulpgc.es\/en\/wp-json\/wp\/v2\/types\/post"}],"author":[{"embeddable":true,"href":"https:\/\/www.iuma.ulpgc.es\/en\/wp-json\/wp\/v2\/users\/2"}],"replies":[{"embeddable":true,"href":"https:\/\/www.iuma.ulpgc.es\/en\/wp-json\/wp\/v2\/comments?post=3360"}],"version-history":[{"count":1,"href":"https:\/\/www.iuma.ulpgc.es\/en\/wp-json\/wp\/v2\/posts\/3360\/revisions"}],"predecessor-version":[{"id":7792,"href":"https:\/\/www.iuma.ulpgc.es\/en\/wp-json\/wp\/v2\/posts\/3360\/revisions\/7792"}],"wp:featuredmedia":[{"embeddable":true,"href":"https:\/\/www.iuma.ulpgc.es\/en\/wp-json\/wp\/v2\/media\/2312"}],"wp:attachment":[{"href":"https:\/\/www.iuma.ulpgc.es\/en\/wp-json\/wp\/v2\/media?parent=3360"}],"wp:term":[{"taxonomy":"category","embeddable":true,"href":"https:\/\/www.iuma.ulpgc.es\/en\/wp-json\/wp\/v2\/categories?post=3360"},{"taxonomy":"post_tag","embeddable":true,"href":"https:\/\/www.iuma.ulpgc.es\/en\/wp-json\/wp\/v2\/tags?post=3360"}],"curies":[{"name":"wp","href":"https:\/\/api.w.org\/{rel}","templated":true}]}}