{"id":3372,"date":"2022-07-28T13:02:00","date_gmt":"2022-07-28T12:02:00","guid":{"rendered":"https:\/\/www.prueba.local\/?p=7523"},"modified":"2024-01-17T14:46:42","modified_gmt":"2024-01-17T14:46:42","slug":"yubal-barrios-investigador-del-iuma-lee-su-tesis-doctoral-para-compresion-de-datos-en-satelites","status":"publish","type":"post","link":"https:\/\/www.iuma.ulpgc.es\/en\/yubal-barrios-investigador-del-iuma-lee-su-tesis-doctoral-para-compresion-de-datos-en-satelites\/","title":{"rendered":"Y\u00fabal Barrios, IUMA researcher, reads his doctoral thesis on data compression in satellites"},"content":{"rendered":"<p class=\"wp-block-paragraph\">El 26 de julio ha tenido lugar el acto de lectura y defensa de la tesis doctoral de Y\u00fabal Barrios Alfaro. El t\u00edtulo de la tesis es: \u00abA Modular Approach for the Compression of Payload Information on-board Satellites\u00bb y ha sido desarrollada en el IUMA. Tiene la Menci\u00f3n de Tesis Internacional y cuenta con una estancia en la Agencia Espacial Europea, Centro Europea de Investigaci\u00f3n y Tecnolog\u00eda Espacial, ESTEC, en Noordwijk (Pa\u00edses Bajos). La tesis ha sido dirigida por Roberto Sarmiento (IUMA) y Lucana Santos (ESA, antigua investigadora del IUMA) y ha obtenido la calificaci\u00f3n de Sobresaliente Cum Laude. El tribunal ha estado formado por Antonio N\u00fa\u00f1ez, Juan Carlos L\u00f3pez (Universidad de Castilla La Mancha), Bertrand Granado (Sorbonne Universit\u00e9), Dimitrios Iakovidis (University of Thessaly, Greece) y Jos\u00e9 Francisco L\u00f3pez.<\/p>\n\n\n<div class=\"wp-block-image\">\n<figure data-wp-context=\"{&quot;imageId&quot;:&quot;69f2cfdb2b35f&quot;}\" data-wp-interactive=\"core\/image\" data-wp-key=\"69f2cfdb2b35f\" class=\"aligncenter size-large is-resized wp-lightbox-container\"><img loading=\"lazy\" decoding=\"async\" width=\"1024\" height=\"768\" data-wp-class--hide=\"state.isContentHidden\" data-wp-class--show=\"state.isContentVisible\" data-wp-init=\"callbacks.setButtonStyles\" data-wp-on--click=\"actions.showLightbox\" data-wp-on--load=\"callbacks.setButtonStyles\" data-wp-on--pointerdown=\"actions.preloadImage\" data-wp-on--pointerenter=\"actions.preloadImageWithDelay\" data-wp-on--pointerleave=\"actions.cancelPreload\" data-wp-on-window--resize=\"callbacks.setButtonStyles\" src=\"https:\/\/www.iuma.ulpgc.es\/wp-content\/uploads\/2022\/07\/tesis-yubal-barrios-alfaro-1024x768.jpg\" alt=\"\" class=\"wp-image-2317\" style=\"width:700px\" srcset=\"https:\/\/www.iuma.ulpgc.es\/wp-content\/uploads\/2022\/07\/tesis-yubal-barrios-alfaro-1024x768.jpg 1024w, https:\/\/www.iuma.ulpgc.es\/wp-content\/uploads\/2022\/07\/tesis-yubal-barrios-alfaro-300x225.jpg 300w, https:\/\/www.iuma.ulpgc.es\/wp-content\/uploads\/2022\/07\/tesis-yubal-barrios-alfaro-768x576.jpg 768w, https:\/\/www.iuma.ulpgc.es\/wp-content\/uploads\/2022\/07\/tesis-yubal-barrios-alfaro-1536x1152.jpg 1536w, https:\/\/www.iuma.ulpgc.es\/wp-content\/uploads\/2022\/07\/tesis-yubal-barrios-alfaro.jpg 1600w\" sizes=\"auto, (max-width: 1024px) 100vw, 1024px\" \/><button\n\t\t\tclass=\"lightbox-trigger\"\n\t\t\ttype=\"button\"\n\t\t\taria-haspopup=\"dialog\"\n\t\t\tdata-wp-bind--aria-label=\"state.thisImage.triggerButtonAriaLabel\"\n\t\t\tdata-wp-init=\"callbacks.initTriggerButton\"\n\t\t\tdata-wp-on--click=\"actions.showLightbox\"\n\t\t\tdata-wp-style--right=\"state.thisImage.buttonRight\"\n\t\t\tdata-wp-style--top=\"state.thisImage.buttonTop\"\n\t\t>\n\t\t\t<svg xmlns=\"http:\/\/www.w3.org\/2000\/svg\" width=\"12\" height=\"12\" fill=\"none\" viewbox=\"0 0 12 12\">\n\t\t\t\t<path fill=\"#fff\" d=\"M2 0a2 2 0 0 0-2 2v2h1.5V2a.5.5 0 0 1 .5-.5h2V0H2Zm2 10.5H2a.5.5 0 0 1-.5-.5V8H0v2a2 2 0 0 0 2 2h2v-1.5ZM8 12v-1.5h2a.5.5 0 0 0 .5-.5V8H12v2a2 2 0 0 1-2 2H8Zm2-12a2 2 0 0 1 2 2v2h-1.5V2a.5.5 0 0 0-.5-.5H8V0h2Z\" \/>\n\t\t\t<\/svg>\n\t\t<\/button><\/figure>\n<\/div>","protected":false},"excerpt":{"rendered":"<p>El 26 de julio ha tenido lugar el acto de lectura y defensa de la tesis doctoral de Y\u00fabal Barrios Alfaro. El t\u00edtulo de la tesis es: \u00abA Modular Approach for the Compression of Payload Information on-board Satellites\u00bb y ha sido desarrollada en el IUMA. Tiene la Menci\u00f3n de Tesis Internacional y cuenta con una [&hellip;]<\/p>\n","protected":false},"author":2,"featured_media":2317,"comment_status":"closed","ping_status":"open","sticky":false,"template":"","format":"standard","meta":{"_crdt_document":"","footnotes":""},"categories":[20,18,14],"tags":[],"class_list":["post-3372","post","type-post","status-publish","format-standard","has-post-thumbnail","hentry","category-eventos","category-noticias","category-noticias-recientes"],"yoast_head":"<!-- This site is optimized with the Yoast SEO plugin v27.5 - https:\/\/yoast.com\/product\/yoast-seo-wordpress\/ -->\n<title>Y\u00fabal Barrios, investigador del IUMA, lee su tesis doctoral para compresi\u00f3n de datos en sat\u00e9lites - Instituto Universitario de Microelectr\u00f3nica Aplicada<\/title>\n<meta name=\"robots\" content=\"index, follow, max-snippet:-1, max-image-preview:large, max-video-preview:-1\" \/>\n<link rel=\"canonical\" href=\"https:\/\/www.iuma.ulpgc.es\/en\/yubal-barrios-investigador-del-iuma-lee-su-tesis-doctoral-para-compresion-de-datos-en-satelites\/\" \/>\n<meta property=\"og:locale\" content=\"en_US\" \/>\n<meta property=\"og:type\" content=\"article\" \/>\n<meta property=\"og:title\" content=\"Y\u00fabal Barrios, investigador del IUMA, lee su tesis doctoral para compresi\u00f3n de datos en sat\u00e9lites - Instituto Universitario de Microelectr\u00f3nica Aplicada\" \/>\n<meta property=\"og:description\" content=\"El 26 de julio ha tenido lugar el acto de lectura y defensa de la tesis doctoral de Y\u00fabal Barrios Alfaro. El t\u00edtulo de la tesis es: \u00abA Modular Approach for the Compression of Payload Information on-board Satellites\u00bb y ha sido desarrollada en el IUMA. Tiene la Menci\u00f3n de Tesis Internacional y cuenta con una [&hellip;]\" \/>\n<meta property=\"og:url\" content=\"https:\/\/www.iuma.ulpgc.es\/en\/yubal-barrios-investigador-del-iuma-lee-su-tesis-doctoral-para-compresion-de-datos-en-satelites\/\" \/>\n<meta property=\"og:site_name\" content=\"Instituto Universitario de Microelectr\u00f3nica Aplicada\" \/>\n<meta property=\"article:publisher\" content=\"https:\/\/www.facebook.com\/IUMA.ulpgc\" \/>\n<meta property=\"article:published_time\" content=\"2022-07-28T12:02:00+00:00\" \/>\n<meta property=\"article:modified_time\" content=\"2024-01-17T14:46:42+00:00\" \/>\n<meta property=\"og:image\" content=\"https:\/\/www.iuma.ulpgc.es\/wp-content\/uploads\/2022\/07\/tesis-yubal-barrios-alfaro.jpg\" \/>\n\t<meta property=\"og:image:width\" content=\"1600\" \/>\n\t<meta property=\"og:image:height\" content=\"1200\" \/>\n\t<meta property=\"og:image:type\" content=\"image\/jpeg\" \/>\n<meta name=\"author\" content=\"iuma_wp\" \/>\n<meta name=\"twitter:card\" content=\"summary_large_image\" \/>\n<meta name=\"twitter:creator\" content=\"@iumanews\" \/>\n<meta name=\"twitter:site\" content=\"@iumanews\" \/>\n<meta name=\"twitter:label1\" content=\"Written by\" \/>\n\t<meta name=\"twitter:data1\" content=\"iuma_wp\" \/>\n\t<meta name=\"twitter:label2\" content=\"Est. reading time\" \/>\n\t<meta name=\"twitter:data2\" content=\"1 minute\" \/>\n<script type=\"application\/ld+json\" class=\"yoast-schema-graph\">{\"@context\":\"https:\\\/\\\/schema.org\",\"@graph\":[{\"@type\":\"Article\",\"@id\":\"https:\\\/\\\/www.iuma.ulpgc.es\\\/yubal-barrios-investigador-del-iuma-lee-su-tesis-doctoral-para-compresion-de-datos-en-satelites\\\/#article\",\"isPartOf\":{\"@id\":\"https:\\\/\\\/www.iuma.ulpgc.es\\\/yubal-barrios-investigador-del-iuma-lee-su-tesis-doctoral-para-compresion-de-datos-en-satelites\\\/\"},\"author\":{\"name\":\"iuma_wp\",\"@id\":\"https:\\\/\\\/www.iuma.ulpgc.es\\\/en\\\/#\\\/schema\\\/person\\\/81a1859b6929a5c16615ff26e3b6e8ee\"},\"headline\":\"Y\u00fabal Barrios, investigador del IUMA, lee su tesis doctoral para compresi\u00f3n de datos en sat\u00e9lites\",\"datePublished\":\"2022-07-28T12:02:00+00:00\",\"dateModified\":\"2024-01-17T14:46:42+00:00\",\"mainEntityOfPage\":{\"@id\":\"https:\\\/\\\/www.iuma.ulpgc.es\\\/yubal-barrios-investigador-del-iuma-lee-su-tesis-doctoral-para-compresion-de-datos-en-satelites\\\/\"},\"wordCount\":156,\"image\":{\"@id\":\"https:\\\/\\\/www.iuma.ulpgc.es\\\/yubal-barrios-investigador-del-iuma-lee-su-tesis-doctoral-para-compresion-de-datos-en-satelites\\\/#primaryimage\"},\"thumbnailUrl\":\"https:\\\/\\\/www.iuma.ulpgc.es\\\/wp-content\\\/uploads\\\/2022\\\/07\\\/tesis-yubal-barrios-alfaro.jpg\",\"articleSection\":[\"Eventos\",\"Noticias\",\"Noticias Recientes\"],\"inLanguage\":\"en-US\"},{\"@type\":\"WebPage\",\"@id\":\"https:\\\/\\\/www.iuma.ulpgc.es\\\/yubal-barrios-investigador-del-iuma-lee-su-tesis-doctoral-para-compresion-de-datos-en-satelites\\\/\",\"url\":\"https:\\\/\\\/www.iuma.ulpgc.es\\\/yubal-barrios-investigador-del-iuma-lee-su-tesis-doctoral-para-compresion-de-datos-en-satelites\\\/\",\"name\":\"Y\u00fabal Barrios, investigador del IUMA, lee su tesis doctoral para compresi\u00f3n de datos en sat\u00e9lites - Instituto Universitario de Microelectr\u00f3nica Aplicada\",\"isPartOf\":{\"@id\":\"https:\\\/\\\/www.iuma.ulpgc.es\\\/en\\\/#website\"},\"primaryImageOfPage\":{\"@id\":\"https:\\\/\\\/www.iuma.ulpgc.es\\\/yubal-barrios-investigador-del-iuma-lee-su-tesis-doctoral-para-compresion-de-datos-en-satelites\\\/#primaryimage\"},\"image\":{\"@id\":\"https:\\\/\\\/www.iuma.ulpgc.es\\\/yubal-barrios-investigador-del-iuma-lee-su-tesis-doctoral-para-compresion-de-datos-en-satelites\\\/#primaryimage\"},\"thumbnailUrl\":\"https:\\\/\\\/www.iuma.ulpgc.es\\\/wp-content\\\/uploads\\\/2022\\\/07\\\/tesis-yubal-barrios-alfaro.jpg\",\"datePublished\":\"2022-07-28T12:02:00+00:00\",\"dateModified\":\"2024-01-17T14:46:42+00:00\",\"author\":{\"@id\":\"https:\\\/\\\/www.iuma.ulpgc.es\\\/en\\\/#\\\/schema\\\/person\\\/81a1859b6929a5c16615ff26e3b6e8ee\"},\"breadcrumb\":{\"@id\":\"https:\\\/\\\/www.iuma.ulpgc.es\\\/yubal-barrios-investigador-del-iuma-lee-su-tesis-doctoral-para-compresion-de-datos-en-satelites\\\/#breadcrumb\"},\"inLanguage\":\"en-US\",\"potentialAction\":[{\"@type\":\"ReadAction\",\"target\":[\"https:\\\/\\\/www.iuma.ulpgc.es\\\/yubal-barrios-investigador-del-iuma-lee-su-tesis-doctoral-para-compresion-de-datos-en-satelites\\\/\"]}]},{\"@type\":\"ImageObject\",\"inLanguage\":\"en-US\",\"@id\":\"https:\\\/\\\/www.iuma.ulpgc.es\\\/yubal-barrios-investigador-del-iuma-lee-su-tesis-doctoral-para-compresion-de-datos-en-satelites\\\/#primaryimage\",\"url\":\"https:\\\/\\\/www.iuma.ulpgc.es\\\/wp-content\\\/uploads\\\/2022\\\/07\\\/tesis-yubal-barrios-alfaro.jpg\",\"contentUrl\":\"https:\\\/\\\/www.iuma.ulpgc.es\\\/wp-content\\\/uploads\\\/2022\\\/07\\\/tesis-yubal-barrios-alfaro.jpg\",\"width\":1600,\"height\":1200},{\"@type\":\"BreadcrumbList\",\"@id\":\"https:\\\/\\\/www.iuma.ulpgc.es\\\/yubal-barrios-investigador-del-iuma-lee-su-tesis-doctoral-para-compresion-de-datos-en-satelites\\\/#breadcrumb\",\"itemListElement\":[{\"@type\":\"ListItem\",\"position\":1,\"name\":\"Home\",\"item\":\"https:\\\/\\\/www.iuma.ulpgc.es\\\/\"},{\"@type\":\"ListItem\",\"position\":2,\"name\":\"Y\u00fabal Barrios, investigador del IUMA, lee su tesis doctoral para compresi\u00f3n de datos en sat\u00e9lites\"}]},{\"@type\":\"WebSite\",\"@id\":\"https:\\\/\\\/www.iuma.ulpgc.es\\\/en\\\/#website\",\"url\":\"https:\\\/\\\/www.iuma.ulpgc.es\\\/en\\\/\",\"name\":\"Instituto Universitario de Microelectr\u00f3nica Aplicada\",\"description\":\"El IUMA es un centro de I+D+i de la ULPGC\",\"potentialAction\":[{\"@type\":\"SearchAction\",\"target\":{\"@type\":\"EntryPoint\",\"urlTemplate\":\"https:\\\/\\\/www.iuma.ulpgc.es\\\/en\\\/?s={search_term_string}\"},\"query-input\":{\"@type\":\"PropertyValueSpecification\",\"valueRequired\":true,\"valueName\":\"search_term_string\"}}],\"inLanguage\":\"en-US\"},{\"@type\":\"Person\",\"@id\":\"https:\\\/\\\/www.iuma.ulpgc.es\\\/en\\\/#\\\/schema\\\/person\\\/81a1859b6929a5c16615ff26e3b6e8ee\",\"name\":\"iuma_wp\",\"image\":{\"@type\":\"ImageObject\",\"inLanguage\":\"en-US\",\"@id\":\"https:\\\/\\\/secure.gravatar.com\\\/avatar\\\/ccbd849519410dccb67105c8cda7d394ddb5121b44d68e2ebfe71c5f7ce56b0a?s=96&d=mm&r=g\",\"url\":\"https:\\\/\\\/secure.gravatar.com\\\/avatar\\\/ccbd849519410dccb67105c8cda7d394ddb5121b44d68e2ebfe71c5f7ce56b0a?s=96&d=mm&r=g\",\"contentUrl\":\"https:\\\/\\\/secure.gravatar.com\\\/avatar\\\/ccbd849519410dccb67105c8cda7d394ddb5121b44d68e2ebfe71c5f7ce56b0a?s=96&d=mm&r=g\",\"caption\":\"iuma_wp\"},\"url\":\"https:\\\/\\\/www.iuma.ulpgc.es\\\/en\\\/author\\\/iuma_wp\\\/\"}]}<\/script>\n<!-- \/ Yoast SEO plugin. -->","yoast_head_json":{"title":"Y\u00fabal Barrios, investigador del IUMA, lee su tesis doctoral para compresi\u00f3n de datos en sat\u00e9lites - Instituto Universitario de Microelectr\u00f3nica Aplicada","robots":{"index":"index","follow":"follow","max-snippet":"max-snippet:-1","max-image-preview":"max-image-preview:large","max-video-preview":"max-video-preview:-1"},"canonical":"https:\/\/www.iuma.ulpgc.es\/en\/yubal-barrios-investigador-del-iuma-lee-su-tesis-doctoral-para-compresion-de-datos-en-satelites\/","og_locale":"en_US","og_type":"article","og_title":"Y\u00fabal Barrios, investigador del IUMA, lee su tesis doctoral para compresi\u00f3n de datos en sat\u00e9lites - Instituto Universitario de Microelectr\u00f3nica Aplicada","og_description":"El 26 de julio ha tenido lugar el acto de lectura y defensa de la tesis doctoral de Y\u00fabal Barrios Alfaro. El t\u00edtulo de la tesis es: \u00abA Modular Approach for the Compression of Payload Information on-board Satellites\u00bb y ha sido desarrollada en el IUMA. Tiene la Menci\u00f3n de Tesis Internacional y cuenta con una [&hellip;]","og_url":"https:\/\/www.iuma.ulpgc.es\/en\/yubal-barrios-investigador-del-iuma-lee-su-tesis-doctoral-para-compresion-de-datos-en-satelites\/","og_site_name":"Instituto Universitario de Microelectr\u00f3nica Aplicada","article_publisher":"https:\/\/www.facebook.com\/IUMA.ulpgc","article_published_time":"2022-07-28T12:02:00+00:00","article_modified_time":"2024-01-17T14:46:42+00:00","og_image":[{"width":1600,"height":1200,"url":"https:\/\/www.iuma.ulpgc.es\/wp-content\/uploads\/2022\/07\/tesis-yubal-barrios-alfaro.jpg","type":"image\/jpeg"}],"author":"iuma_wp","twitter_card":"summary_large_image","twitter_creator":"@iumanews","twitter_site":"@iumanews","twitter_misc":{"Written by":"iuma_wp","Est. reading time":"1 minute"},"schema":{"@context":"https:\/\/schema.org","@graph":[{"@type":"Article","@id":"https:\/\/www.iuma.ulpgc.es\/yubal-barrios-investigador-del-iuma-lee-su-tesis-doctoral-para-compresion-de-datos-en-satelites\/#article","isPartOf":{"@id":"https:\/\/www.iuma.ulpgc.es\/yubal-barrios-investigador-del-iuma-lee-su-tesis-doctoral-para-compresion-de-datos-en-satelites\/"},"author":{"name":"iuma_wp","@id":"https:\/\/www.iuma.ulpgc.es\/en\/#\/schema\/person\/81a1859b6929a5c16615ff26e3b6e8ee"},"headline":"Y\u00fabal Barrios, investigador del IUMA, lee su tesis doctoral para compresi\u00f3n de datos en sat\u00e9lites","datePublished":"2022-07-28T12:02:00+00:00","dateModified":"2024-01-17T14:46:42+00:00","mainEntityOfPage":{"@id":"https:\/\/www.iuma.ulpgc.es\/yubal-barrios-investigador-del-iuma-lee-su-tesis-doctoral-para-compresion-de-datos-en-satelites\/"},"wordCount":156,"image":{"@id":"https:\/\/www.iuma.ulpgc.es\/yubal-barrios-investigador-del-iuma-lee-su-tesis-doctoral-para-compresion-de-datos-en-satelites\/#primaryimage"},"thumbnailUrl":"https:\/\/www.iuma.ulpgc.es\/wp-content\/uploads\/2022\/07\/tesis-yubal-barrios-alfaro.jpg","articleSection":["Eventos","Noticias","Noticias Recientes"],"inLanguage":"en-US"},{"@type":"WebPage","@id":"https:\/\/www.iuma.ulpgc.es\/yubal-barrios-investigador-del-iuma-lee-su-tesis-doctoral-para-compresion-de-datos-en-satelites\/","url":"https:\/\/www.iuma.ulpgc.es\/yubal-barrios-investigador-del-iuma-lee-su-tesis-doctoral-para-compresion-de-datos-en-satelites\/","name":"Y\u00fabal Barrios, investigador del IUMA, lee su tesis doctoral para compresi\u00f3n de datos en sat\u00e9lites - Instituto Universitario de Microelectr\u00f3nica Aplicada","isPartOf":{"@id":"https:\/\/www.iuma.ulpgc.es\/en\/#website"},"primaryImageOfPage":{"@id":"https:\/\/www.iuma.ulpgc.es\/yubal-barrios-investigador-del-iuma-lee-su-tesis-doctoral-para-compresion-de-datos-en-satelites\/#primaryimage"},"image":{"@id":"https:\/\/www.iuma.ulpgc.es\/yubal-barrios-investigador-del-iuma-lee-su-tesis-doctoral-para-compresion-de-datos-en-satelites\/#primaryimage"},"thumbnailUrl":"https:\/\/www.iuma.ulpgc.es\/wp-content\/uploads\/2022\/07\/tesis-yubal-barrios-alfaro.jpg","datePublished":"2022-07-28T12:02:00+00:00","dateModified":"2024-01-17T14:46:42+00:00","author":{"@id":"https:\/\/www.iuma.ulpgc.es\/en\/#\/schema\/person\/81a1859b6929a5c16615ff26e3b6e8ee"},"breadcrumb":{"@id":"https:\/\/www.iuma.ulpgc.es\/yubal-barrios-investigador-del-iuma-lee-su-tesis-doctoral-para-compresion-de-datos-en-satelites\/#breadcrumb"},"inLanguage":"en-US","potentialAction":[{"@type":"ReadAction","target":["https:\/\/www.iuma.ulpgc.es\/yubal-barrios-investigador-del-iuma-lee-su-tesis-doctoral-para-compresion-de-datos-en-satelites\/"]}]},{"@type":"ImageObject","inLanguage":"en-US","@id":"https:\/\/www.iuma.ulpgc.es\/yubal-barrios-investigador-del-iuma-lee-su-tesis-doctoral-para-compresion-de-datos-en-satelites\/#primaryimage","url":"https:\/\/www.iuma.ulpgc.es\/wp-content\/uploads\/2022\/07\/tesis-yubal-barrios-alfaro.jpg","contentUrl":"https:\/\/www.iuma.ulpgc.es\/wp-content\/uploads\/2022\/07\/tesis-yubal-barrios-alfaro.jpg","width":1600,"height":1200},{"@type":"BreadcrumbList","@id":"https:\/\/www.iuma.ulpgc.es\/yubal-barrios-investigador-del-iuma-lee-su-tesis-doctoral-para-compresion-de-datos-en-satelites\/#breadcrumb","itemListElement":[{"@type":"ListItem","position":1,"name":"Home","item":"https:\/\/www.iuma.ulpgc.es\/"},{"@type":"ListItem","position":2,"name":"Y\u00fabal Barrios, investigador del IUMA, lee su tesis doctoral para compresi\u00f3n de datos en sat\u00e9lites"}]},{"@type":"WebSite","@id":"https:\/\/www.iuma.ulpgc.es\/en\/#website","url":"https:\/\/www.iuma.ulpgc.es\/en\/","name":"Institute for Applied Microelectronics","description":"El IUMA es un centro de I+D+i de la ULPGC","potentialAction":[{"@type":"SearchAction","target":{"@type":"EntryPoint","urlTemplate":"https:\/\/www.iuma.ulpgc.es\/en\/?s={search_term_string}"},"query-input":{"@type":"PropertyValueSpecification","valueRequired":true,"valueName":"search_term_string"}}],"inLanguage":"en-US"},{"@type":"Person","@id":"https:\/\/www.iuma.ulpgc.es\/en\/#\/schema\/person\/81a1859b6929a5c16615ff26e3b6e8ee","name":"iuma_wp","image":{"@type":"ImageObject","inLanguage":"en-US","@id":"https:\/\/secure.gravatar.com\/avatar\/ccbd849519410dccb67105c8cda7d394ddb5121b44d68e2ebfe71c5f7ce56b0a?s=96&d=mm&r=g","url":"https:\/\/secure.gravatar.com\/avatar\/ccbd849519410dccb67105c8cda7d394ddb5121b44d68e2ebfe71c5f7ce56b0a?s=96&d=mm&r=g","contentUrl":"https:\/\/secure.gravatar.com\/avatar\/ccbd849519410dccb67105c8cda7d394ddb5121b44d68e2ebfe71c5f7ce56b0a?s=96&d=mm&r=g","caption":"iuma_wp"},"url":"https:\/\/www.iuma.ulpgc.es\/en\/author\/iuma_wp\/"}]}},"post_mailing_queue_ids":[],"_links":{"self":[{"href":"https:\/\/www.iuma.ulpgc.es\/en\/wp-json\/wp\/v2\/posts\/3372","targetHints":{"allow":["GET"]}}],"collection":[{"href":"https:\/\/www.iuma.ulpgc.es\/en\/wp-json\/wp\/v2\/posts"}],"about":[{"href":"https:\/\/www.iuma.ulpgc.es\/en\/wp-json\/wp\/v2\/types\/post"}],"author":[{"embeddable":true,"href":"https:\/\/www.iuma.ulpgc.es\/en\/wp-json\/wp\/v2\/users\/2"}],"replies":[{"embeddable":true,"href":"https:\/\/www.iuma.ulpgc.es\/en\/wp-json\/wp\/v2\/comments?post=3372"}],"version-history":[{"count":1,"href":"https:\/\/www.iuma.ulpgc.es\/en\/wp-json\/wp\/v2\/posts\/3372\/revisions"}],"predecessor-version":[{"id":7769,"href":"https:\/\/www.iuma.ulpgc.es\/en\/wp-json\/wp\/v2\/posts\/3372\/revisions\/7769"}],"wp:featuredmedia":[{"embeddable":true,"href":"https:\/\/www.iuma.ulpgc.es\/en\/wp-json\/wp\/v2\/media\/2317"}],"wp:attachment":[{"href":"https:\/\/www.iuma.ulpgc.es\/en\/wp-json\/wp\/v2\/media?parent=3372"}],"wp:term":[{"taxonomy":"category","embeddable":true,"href":"https:\/\/www.iuma.ulpgc.es\/en\/wp-json\/wp\/v2\/categories?post=3372"},{"taxonomy":"post_tag","embeddable":true,"href":"https:\/\/www.iuma.ulpgc.es\/en\/wp-json\/wp\/v2\/tags?post=3372"}],"curies":[{"name":"wp","href":"https:\/\/api.w.org\/{rel}","templated":true}]}}