{"id":3378,"date":"2022-10-06T13:24:31","date_gmt":"2022-10-06T12:24:31","guid":{"rendered":"https:\/\/www.prueba.local\/?p=7572"},"modified":"2024-01-17T14:35:22","modified_gmt":"2024-01-17T14:35:22","slug":"el-iuma-ulpgc-aliado-del-gobierno-de-canarias-en-el-perte-chip-la-apuesta-estatal-para-el-diseno-y-fabricacion-de-chips","status":"publish","type":"post","link":"https:\/\/www.iuma.ulpgc.es\/en\/el-iuma-ulpgc-aliado-del-gobierno-de-canarias-en-el-perte-chip-la-apuesta-estatal-para-el-diseno-y-fabricacion-de-chips\/","title":{"rendered":"The IUMA-ULPGC, ally of the Government of the Canary Islands in the &#039;Perte Chip&#039;, the state commitment to the design and manufacture of chips"},"content":{"rendered":"<div class=\"wp-block-image\">\n<figure class=\"alignleft size-full is-resized\"><img loading=\"lazy\" decoding=\"async\" width=\"680\" height=\"340\" src=\"https:\/\/www.iuma.ulpgc.es\/wp-content\/uploads\/2022\/10\/6._perte_semiconductores.png\" alt=\"\" class=\"wp-image-2323\" style=\"width:352px\" srcset=\"https:\/\/www.iuma.ulpgc.es\/wp-content\/uploads\/2022\/10\/6._perte_semiconductores.png 680w, https:\/\/www.iuma.ulpgc.es\/wp-content\/uploads\/2022\/10\/6._perte_semiconductores-300x150.png 300w\" sizes=\"auto, (max-width: 680px) 100vw, 680px\" \/><\/figure>\n<\/div>\n\n\n<p class=\"wp-block-paragraph\">El IUMA-ULPGC forma parte de la estrategia del Gobierno de Canarias para la atracci\u00f3n de inversiones ligadas al <a href=\"https:\/\/planderecuperacion.gob.es\/noticias\/el-gobierno-aprueba-el-perte-de-microelectronica-y-semiconductores-para-situar-a-espana-como-un-pais-de-referencia\" target=\"_blank\" rel=\"noopener\"><strong>Perte Chip<\/strong><\/a>, aprobado por el Gobierno espa\u00f1ol a finales del pasado mayo y que prev\u00e9 movilizar una inversi\u00f3n p\u00fablica de 12.250 millones para situar a Espa\u00f1a como un pa\u00eds de referencia en el dise\u00f1o y la fabricaci\u00f3n de chips<\/p>\n\n\n\n<p class=\"wp-block-paragraph\">Seg\u00fan recoge&nbsp;<a href=\"https:\/\/cincodias.elpais.com\/cincodias\/2022\/10\/04\/companias\/1664893824_956190.html\" target=\"_blank\" rel=\"noopener\">El Pa\u00eds en su semanario econ\u00f3mico Cinco D\u00edas<\/a>, el Ejecutivo canario asegura que la comunidad aut\u00f3noma dispone de un ecosistema con muy buenas capacidades tecnol\u00f3gicas, log\u00edsticas y de conectividad para participar en este Proyecto Estrat\u00e9gico para la Recuperaci\u00f3n y Transformaci\u00f3n Econ\u00f3mica de Microelectr\u00f3nica y Semiconductores, y sabe que dispone de otra carta clave: un r\u00e9gimen fiscal \u201caltamente favorable para los inversores, que incentiva la inversi\u00f3n en innovaci\u00f3n y aplica diversas exenciones tributarias\u201d, y planea explotarla.<\/p>\n\n\n\n<p class=\"wp-block-paragraph\">Noticia completa en la <a href=\"https:\/\/www.ulpgc.es\/noticia\/2022\/10\/06\/iuma-ulpgc-aliado-del-gobierno-canarias-perte-chip-apuesta-estatal-diseno-y\" target=\"_blank\" rel=\"noopener\">web de la ULPGC<\/a>.<\/p>","protected":false},"excerpt":{"rendered":"<p>El IUMA-ULPGC forma parte de la estrategia del Gobierno de Canarias para la atracci\u00f3n de inversiones ligadas al Perte Chip, aprobado por el Gobierno espa\u00f1ol a finales del pasado mayo y que prev\u00e9 movilizar una inversi\u00f3n p\u00fablica de 12.250 millones para situar a Espa\u00f1a como un pa\u00eds de referencia en el dise\u00f1o y la fabricaci\u00f3n [&hellip;]<\/p>\n","protected":false},"author":2,"featured_media":2323,"comment_status":"closed","ping_status":"open","sticky":false,"template":"","format":"standard","meta":{"_crdt_document":"","footnotes":""},"categories":[18,14],"tags":[],"class_list":["post-3378","post","type-post","status-publish","format-standard","has-post-thumbnail","hentry","category-noticias","category-noticias-recientes"],"yoast_head":"<!-- This site is optimized with the Yoast SEO plugin v27.4 - https:\/\/yoast.com\/product\/yoast-seo-wordpress\/ -->\n<title>El IUMA-ULPGC, aliado del Gobierno de Canarias en el \u2018Perte Chip\u2019, la apuesta estatal para el dise\u00f1o y fabricaci\u00f3n de chips - Instituto Universitario de Microelectr\u00f3nica Aplicada<\/title>\n<meta name=\"robots\" content=\"index, follow, max-snippet:-1, max-image-preview:large, max-video-preview:-1\" \/>\n<link rel=\"canonical\" href=\"https:\/\/www.iuma.ulpgc.es\/en\/el-iuma-ulpgc-aliado-del-gobierno-de-canarias-en-el-perte-chip-la-apuesta-estatal-para-el-diseno-y-fabricacion-de-chips\/\" \/>\n<meta property=\"og:locale\" content=\"en_US\" \/>\n<meta property=\"og:type\" content=\"article\" \/>\n<meta property=\"og:title\" content=\"El IUMA-ULPGC, aliado del Gobierno de Canarias en el \u2018Perte Chip\u2019, la apuesta estatal para el dise\u00f1o y fabricaci\u00f3n de chips - Instituto Universitario de Microelectr\u00f3nica Aplicada\" \/>\n<meta property=\"og:description\" content=\"El IUMA-ULPGC forma parte de la estrategia del Gobierno de Canarias para la atracci\u00f3n de inversiones ligadas al Perte Chip, aprobado por el Gobierno espa\u00f1ol a finales del pasado mayo y que prev\u00e9 movilizar una inversi\u00f3n p\u00fablica de 12.250 millones para situar a Espa\u00f1a como un pa\u00eds de referencia en el dise\u00f1o y la fabricaci\u00f3n [&hellip;]\" \/>\n<meta property=\"og:url\" content=\"https:\/\/www.iuma.ulpgc.es\/en\/el-iuma-ulpgc-aliado-del-gobierno-de-canarias-en-el-perte-chip-la-apuesta-estatal-para-el-diseno-y-fabricacion-de-chips\/\" \/>\n<meta property=\"og:site_name\" content=\"Instituto Universitario de Microelectr\u00f3nica Aplicada\" \/>\n<meta property=\"article:publisher\" content=\"https:\/\/www.facebook.com\/IUMA.ulpgc\" \/>\n<meta property=\"article:published_time\" content=\"2022-10-06T12:24:31+00:00\" \/>\n<meta property=\"article:modified_time\" content=\"2024-01-17T14:35:22+00:00\" \/>\n<meta property=\"og:image\" content=\"https:\/\/www.iuma.ulpgc.es\/wp-content\/uploads\/2022\/10\/6._perte_semiconductores.png\" \/>\n\t<meta property=\"og:image:width\" content=\"680\" \/>\n\t<meta property=\"og:image:height\" content=\"340\" \/>\n\t<meta property=\"og:image:type\" content=\"image\/png\" \/>\n<meta name=\"author\" content=\"iuma_wp\" \/>\n<meta name=\"twitter:card\" content=\"summary_large_image\" \/>\n<meta name=\"twitter:creator\" content=\"@iumanews\" \/>\n<meta name=\"twitter:site\" content=\"@iumanews\" \/>\n<meta name=\"twitter:label1\" content=\"Written by\" \/>\n\t<meta name=\"twitter:data1\" content=\"iuma_wp\" \/>\n\t<meta name=\"twitter:label2\" content=\"Est. reading time\" \/>\n\t<meta name=\"twitter:data2\" content=\"1 minute\" \/>\n<script type=\"application\/ld+json\" class=\"yoast-schema-graph\">{\"@context\":\"https:\\\/\\\/schema.org\",\"@graph\":[{\"@type\":\"Article\",\"@id\":\"https:\\\/\\\/www.iuma.ulpgc.es\\\/el-iuma-ulpgc-aliado-del-gobierno-de-canarias-en-el-perte-chip-la-apuesta-estatal-para-el-diseno-y-fabricacion-de-chips\\\/#article\",\"isPartOf\":{\"@id\":\"https:\\\/\\\/www.iuma.ulpgc.es\\\/el-iuma-ulpgc-aliado-del-gobierno-de-canarias-en-el-perte-chip-la-apuesta-estatal-para-el-diseno-y-fabricacion-de-chips\\\/\"},\"author\":{\"name\":\"iuma_wp\",\"@id\":\"https:\\\/\\\/www.iuma.ulpgc.es\\\/en\\\/#\\\/schema\\\/person\\\/81a1859b6929a5c16615ff26e3b6e8ee\"},\"headline\":\"El IUMA-ULPGC, aliado del Gobierno de Canarias en el \u2018Perte Chip\u2019, la apuesta estatal para el dise\u00f1o y fabricaci\u00f3n de chips\",\"datePublished\":\"2022-10-06T12:24:31+00:00\",\"dateModified\":\"2024-01-17T14:35:22+00:00\",\"mainEntityOfPage\":{\"@id\":\"https:\\\/\\\/www.iuma.ulpgc.es\\\/el-iuma-ulpgc-aliado-del-gobierno-de-canarias-en-el-perte-chip-la-apuesta-estatal-para-el-diseno-y-fabricacion-de-chips\\\/\"},\"wordCount\":188,\"image\":{\"@id\":\"https:\\\/\\\/www.iuma.ulpgc.es\\\/el-iuma-ulpgc-aliado-del-gobierno-de-canarias-en-el-perte-chip-la-apuesta-estatal-para-el-diseno-y-fabricacion-de-chips\\\/#primaryimage\"},\"thumbnailUrl\":\"https:\\\/\\\/www.iuma.ulpgc.es\\\/wp-content\\\/uploads\\\/2022\\\/10\\\/6._perte_semiconductores.png\",\"articleSection\":[\"Noticias\",\"Noticias Recientes\"],\"inLanguage\":\"en-US\"},{\"@type\":\"WebPage\",\"@id\":\"https:\\\/\\\/www.iuma.ulpgc.es\\\/el-iuma-ulpgc-aliado-del-gobierno-de-canarias-en-el-perte-chip-la-apuesta-estatal-para-el-diseno-y-fabricacion-de-chips\\\/\",\"url\":\"https:\\\/\\\/www.iuma.ulpgc.es\\\/el-iuma-ulpgc-aliado-del-gobierno-de-canarias-en-el-perte-chip-la-apuesta-estatal-para-el-diseno-y-fabricacion-de-chips\\\/\",\"name\":\"El IUMA-ULPGC, aliado del Gobierno de Canarias en el \u2018Perte Chip\u2019, la apuesta estatal para el dise\u00f1o y fabricaci\u00f3n de chips - Instituto Universitario de Microelectr\u00f3nica Aplicada\",\"isPartOf\":{\"@id\":\"https:\\\/\\\/www.iuma.ulpgc.es\\\/en\\\/#website\"},\"primaryImageOfPage\":{\"@id\":\"https:\\\/\\\/www.iuma.ulpgc.es\\\/el-iuma-ulpgc-aliado-del-gobierno-de-canarias-en-el-perte-chip-la-apuesta-estatal-para-el-diseno-y-fabricacion-de-chips\\\/#primaryimage\"},\"image\":{\"@id\":\"https:\\\/\\\/www.iuma.ulpgc.es\\\/el-iuma-ulpgc-aliado-del-gobierno-de-canarias-en-el-perte-chip-la-apuesta-estatal-para-el-diseno-y-fabricacion-de-chips\\\/#primaryimage\"},\"thumbnailUrl\":\"https:\\\/\\\/www.iuma.ulpgc.es\\\/wp-content\\\/uploads\\\/2022\\\/10\\\/6._perte_semiconductores.png\",\"datePublished\":\"2022-10-06T12:24:31+00:00\",\"dateModified\":\"2024-01-17T14:35:22+00:00\",\"author\":{\"@id\":\"https:\\\/\\\/www.iuma.ulpgc.es\\\/en\\\/#\\\/schema\\\/person\\\/81a1859b6929a5c16615ff26e3b6e8ee\"},\"breadcrumb\":{\"@id\":\"https:\\\/\\\/www.iuma.ulpgc.es\\\/el-iuma-ulpgc-aliado-del-gobierno-de-canarias-en-el-perte-chip-la-apuesta-estatal-para-el-diseno-y-fabricacion-de-chips\\\/#breadcrumb\"},\"inLanguage\":\"en-US\",\"potentialAction\":[{\"@type\":\"ReadAction\",\"target\":[\"https:\\\/\\\/www.iuma.ulpgc.es\\\/el-iuma-ulpgc-aliado-del-gobierno-de-canarias-en-el-perte-chip-la-apuesta-estatal-para-el-diseno-y-fabricacion-de-chips\\\/\"]}]},{\"@type\":\"ImageObject\",\"inLanguage\":\"en-US\",\"@id\":\"https:\\\/\\\/www.iuma.ulpgc.es\\\/el-iuma-ulpgc-aliado-del-gobierno-de-canarias-en-el-perte-chip-la-apuesta-estatal-para-el-diseno-y-fabricacion-de-chips\\\/#primaryimage\",\"url\":\"https:\\\/\\\/www.iuma.ulpgc.es\\\/wp-content\\\/uploads\\\/2022\\\/10\\\/6._perte_semiconductores.png\",\"contentUrl\":\"https:\\\/\\\/www.iuma.ulpgc.es\\\/wp-content\\\/uploads\\\/2022\\\/10\\\/6._perte_semiconductores.png\",\"width\":680,\"height\":340},{\"@type\":\"BreadcrumbList\",\"@id\":\"https:\\\/\\\/www.iuma.ulpgc.es\\\/el-iuma-ulpgc-aliado-del-gobierno-de-canarias-en-el-perte-chip-la-apuesta-estatal-para-el-diseno-y-fabricacion-de-chips\\\/#breadcrumb\",\"itemListElement\":[{\"@type\":\"ListItem\",\"position\":1,\"name\":\"Home\",\"item\":\"https:\\\/\\\/www.iuma.ulpgc.es\\\/\"},{\"@type\":\"ListItem\",\"position\":2,\"name\":\"El IUMA-ULPGC, aliado del Gobierno de Canarias en el \u2018Perte Chip\u2019, la apuesta estatal para el dise\u00f1o y fabricaci\u00f3n de chips\"}]},{\"@type\":\"WebSite\",\"@id\":\"https:\\\/\\\/www.iuma.ulpgc.es\\\/en\\\/#website\",\"url\":\"https:\\\/\\\/www.iuma.ulpgc.es\\\/en\\\/\",\"name\":\"Instituto Universitario de Microelectr\u00f3nica Aplicada\",\"description\":\"El IUMA es un centro de I+D+i de la ULPGC\",\"potentialAction\":[{\"@type\":\"SearchAction\",\"target\":{\"@type\":\"EntryPoint\",\"urlTemplate\":\"https:\\\/\\\/www.iuma.ulpgc.es\\\/en\\\/?s={search_term_string}\"},\"query-input\":{\"@type\":\"PropertyValueSpecification\",\"valueRequired\":true,\"valueName\":\"search_term_string\"}}],\"inLanguage\":\"en-US\"},{\"@type\":\"Person\",\"@id\":\"https:\\\/\\\/www.iuma.ulpgc.es\\\/en\\\/#\\\/schema\\\/person\\\/81a1859b6929a5c16615ff26e3b6e8ee\",\"name\":\"iuma_wp\",\"image\":{\"@type\":\"ImageObject\",\"inLanguage\":\"en-US\",\"@id\":\"https:\\\/\\\/secure.gravatar.com\\\/avatar\\\/ccbd849519410dccb67105c8cda7d394ddb5121b44d68e2ebfe71c5f7ce56b0a?s=96&d=mm&r=g\",\"url\":\"https:\\\/\\\/secure.gravatar.com\\\/avatar\\\/ccbd849519410dccb67105c8cda7d394ddb5121b44d68e2ebfe71c5f7ce56b0a?s=96&d=mm&r=g\",\"contentUrl\":\"https:\\\/\\\/secure.gravatar.com\\\/avatar\\\/ccbd849519410dccb67105c8cda7d394ddb5121b44d68e2ebfe71c5f7ce56b0a?s=96&d=mm&r=g\",\"caption\":\"iuma_wp\"},\"url\":\"https:\\\/\\\/www.iuma.ulpgc.es\\\/en\\\/author\\\/iuma_wp\\\/\"}]}<\/script>\n<!-- \/ Yoast SEO plugin. -->","yoast_head_json":{"title":"El IUMA-ULPGC, aliado del Gobierno de Canarias en el \u2018Perte Chip\u2019, la apuesta estatal para el dise\u00f1o y fabricaci\u00f3n de chips - Instituto Universitario de Microelectr\u00f3nica Aplicada","robots":{"index":"index","follow":"follow","max-snippet":"max-snippet:-1","max-image-preview":"max-image-preview:large","max-video-preview":"max-video-preview:-1"},"canonical":"https:\/\/www.iuma.ulpgc.es\/en\/el-iuma-ulpgc-aliado-del-gobierno-de-canarias-en-el-perte-chip-la-apuesta-estatal-para-el-diseno-y-fabricacion-de-chips\/","og_locale":"en_US","og_type":"article","og_title":"El IUMA-ULPGC, aliado del Gobierno de Canarias en el \u2018Perte Chip\u2019, la apuesta estatal para el dise\u00f1o y fabricaci\u00f3n de chips - Instituto Universitario de Microelectr\u00f3nica Aplicada","og_description":"El IUMA-ULPGC forma parte de la estrategia del Gobierno de Canarias para la atracci\u00f3n de inversiones ligadas al Perte Chip, aprobado por el Gobierno espa\u00f1ol a finales del pasado mayo y que prev\u00e9 movilizar una inversi\u00f3n p\u00fablica de 12.250 millones para situar a Espa\u00f1a como un pa\u00eds de referencia en el dise\u00f1o y la fabricaci\u00f3n [&hellip;]","og_url":"https:\/\/www.iuma.ulpgc.es\/en\/el-iuma-ulpgc-aliado-del-gobierno-de-canarias-en-el-perte-chip-la-apuesta-estatal-para-el-diseno-y-fabricacion-de-chips\/","og_site_name":"Instituto Universitario de Microelectr\u00f3nica Aplicada","article_publisher":"https:\/\/www.facebook.com\/IUMA.ulpgc","article_published_time":"2022-10-06T12:24:31+00:00","article_modified_time":"2024-01-17T14:35:22+00:00","og_image":[{"width":680,"height":340,"url":"https:\/\/www.iuma.ulpgc.es\/wp-content\/uploads\/2022\/10\/6._perte_semiconductores.png","type":"image\/png"}],"author":"iuma_wp","twitter_card":"summary_large_image","twitter_creator":"@iumanews","twitter_site":"@iumanews","twitter_misc":{"Written by":"iuma_wp","Est. reading time":"1 minute"},"schema":{"@context":"https:\/\/schema.org","@graph":[{"@type":"Article","@id":"https:\/\/www.iuma.ulpgc.es\/el-iuma-ulpgc-aliado-del-gobierno-de-canarias-en-el-perte-chip-la-apuesta-estatal-para-el-diseno-y-fabricacion-de-chips\/#article","isPartOf":{"@id":"https:\/\/www.iuma.ulpgc.es\/el-iuma-ulpgc-aliado-del-gobierno-de-canarias-en-el-perte-chip-la-apuesta-estatal-para-el-diseno-y-fabricacion-de-chips\/"},"author":{"name":"iuma_wp","@id":"https:\/\/www.iuma.ulpgc.es\/en\/#\/schema\/person\/81a1859b6929a5c16615ff26e3b6e8ee"},"headline":"El IUMA-ULPGC, aliado del Gobierno de Canarias en el \u2018Perte Chip\u2019, la apuesta estatal para el dise\u00f1o y fabricaci\u00f3n de chips","datePublished":"2022-10-06T12:24:31+00:00","dateModified":"2024-01-17T14:35:22+00:00","mainEntityOfPage":{"@id":"https:\/\/www.iuma.ulpgc.es\/el-iuma-ulpgc-aliado-del-gobierno-de-canarias-en-el-perte-chip-la-apuesta-estatal-para-el-diseno-y-fabricacion-de-chips\/"},"wordCount":188,"image":{"@id":"https:\/\/www.iuma.ulpgc.es\/el-iuma-ulpgc-aliado-del-gobierno-de-canarias-en-el-perte-chip-la-apuesta-estatal-para-el-diseno-y-fabricacion-de-chips\/#primaryimage"},"thumbnailUrl":"https:\/\/www.iuma.ulpgc.es\/wp-content\/uploads\/2022\/10\/6._perte_semiconductores.png","articleSection":["Noticias","Noticias Recientes"],"inLanguage":"en-US"},{"@type":"WebPage","@id":"https:\/\/www.iuma.ulpgc.es\/el-iuma-ulpgc-aliado-del-gobierno-de-canarias-en-el-perte-chip-la-apuesta-estatal-para-el-diseno-y-fabricacion-de-chips\/","url":"https:\/\/www.iuma.ulpgc.es\/el-iuma-ulpgc-aliado-del-gobierno-de-canarias-en-el-perte-chip-la-apuesta-estatal-para-el-diseno-y-fabricacion-de-chips\/","name":"El IUMA-ULPGC, aliado del Gobierno de Canarias en el \u2018Perte Chip\u2019, la apuesta estatal para el dise\u00f1o y fabricaci\u00f3n de chips - Instituto Universitario de Microelectr\u00f3nica Aplicada","isPartOf":{"@id":"https:\/\/www.iuma.ulpgc.es\/en\/#website"},"primaryImageOfPage":{"@id":"https:\/\/www.iuma.ulpgc.es\/el-iuma-ulpgc-aliado-del-gobierno-de-canarias-en-el-perte-chip-la-apuesta-estatal-para-el-diseno-y-fabricacion-de-chips\/#primaryimage"},"image":{"@id":"https:\/\/www.iuma.ulpgc.es\/el-iuma-ulpgc-aliado-del-gobierno-de-canarias-en-el-perte-chip-la-apuesta-estatal-para-el-diseno-y-fabricacion-de-chips\/#primaryimage"},"thumbnailUrl":"https:\/\/www.iuma.ulpgc.es\/wp-content\/uploads\/2022\/10\/6._perte_semiconductores.png","datePublished":"2022-10-06T12:24:31+00:00","dateModified":"2024-01-17T14:35:22+00:00","author":{"@id":"https:\/\/www.iuma.ulpgc.es\/en\/#\/schema\/person\/81a1859b6929a5c16615ff26e3b6e8ee"},"breadcrumb":{"@id":"https:\/\/www.iuma.ulpgc.es\/el-iuma-ulpgc-aliado-del-gobierno-de-canarias-en-el-perte-chip-la-apuesta-estatal-para-el-diseno-y-fabricacion-de-chips\/#breadcrumb"},"inLanguage":"en-US","potentialAction":[{"@type":"ReadAction","target":["https:\/\/www.iuma.ulpgc.es\/el-iuma-ulpgc-aliado-del-gobierno-de-canarias-en-el-perte-chip-la-apuesta-estatal-para-el-diseno-y-fabricacion-de-chips\/"]}]},{"@type":"ImageObject","inLanguage":"en-US","@id":"https:\/\/www.iuma.ulpgc.es\/el-iuma-ulpgc-aliado-del-gobierno-de-canarias-en-el-perte-chip-la-apuesta-estatal-para-el-diseno-y-fabricacion-de-chips\/#primaryimage","url":"https:\/\/www.iuma.ulpgc.es\/wp-content\/uploads\/2022\/10\/6._perte_semiconductores.png","contentUrl":"https:\/\/www.iuma.ulpgc.es\/wp-content\/uploads\/2022\/10\/6._perte_semiconductores.png","width":680,"height":340},{"@type":"BreadcrumbList","@id":"https:\/\/www.iuma.ulpgc.es\/el-iuma-ulpgc-aliado-del-gobierno-de-canarias-en-el-perte-chip-la-apuesta-estatal-para-el-diseno-y-fabricacion-de-chips\/#breadcrumb","itemListElement":[{"@type":"ListItem","position":1,"name":"Home","item":"https:\/\/www.iuma.ulpgc.es\/"},{"@type":"ListItem","position":2,"name":"El IUMA-ULPGC, aliado del Gobierno de Canarias en el \u2018Perte Chip\u2019, la apuesta estatal para el dise\u00f1o y fabricaci\u00f3n de chips"}]},{"@type":"WebSite","@id":"https:\/\/www.iuma.ulpgc.es\/en\/#website","url":"https:\/\/www.iuma.ulpgc.es\/en\/","name":"Institute for Applied Microelectronics","description":"El IUMA es un centro de I+D+i de la ULPGC","potentialAction":[{"@type":"SearchAction","target":{"@type":"EntryPoint","urlTemplate":"https:\/\/www.iuma.ulpgc.es\/en\/?s={search_term_string}"},"query-input":{"@type":"PropertyValueSpecification","valueRequired":true,"valueName":"search_term_string"}}],"inLanguage":"en-US"},{"@type":"Person","@id":"https:\/\/www.iuma.ulpgc.es\/en\/#\/schema\/person\/81a1859b6929a5c16615ff26e3b6e8ee","name":"iuma_wp","image":{"@type":"ImageObject","inLanguage":"en-US","@id":"https:\/\/secure.gravatar.com\/avatar\/ccbd849519410dccb67105c8cda7d394ddb5121b44d68e2ebfe71c5f7ce56b0a?s=96&d=mm&r=g","url":"https:\/\/secure.gravatar.com\/avatar\/ccbd849519410dccb67105c8cda7d394ddb5121b44d68e2ebfe71c5f7ce56b0a?s=96&d=mm&r=g","contentUrl":"https:\/\/secure.gravatar.com\/avatar\/ccbd849519410dccb67105c8cda7d394ddb5121b44d68e2ebfe71c5f7ce56b0a?s=96&d=mm&r=g","caption":"iuma_wp"},"url":"https:\/\/www.iuma.ulpgc.es\/en\/author\/iuma_wp\/"}]}},"post_mailing_queue_ids":[],"_links":{"self":[{"href":"https:\/\/www.iuma.ulpgc.es\/en\/wp-json\/wp\/v2\/posts\/3378","targetHints":{"allow":["GET"]}}],"collection":[{"href":"https:\/\/www.iuma.ulpgc.es\/en\/wp-json\/wp\/v2\/posts"}],"about":[{"href":"https:\/\/www.iuma.ulpgc.es\/en\/wp-json\/wp\/v2\/types\/post"}],"author":[{"embeddable":true,"href":"https:\/\/www.iuma.ulpgc.es\/en\/wp-json\/wp\/v2\/users\/2"}],"replies":[{"embeddable":true,"href":"https:\/\/www.iuma.ulpgc.es\/en\/wp-json\/wp\/v2\/comments?post=3378"}],"version-history":[{"count":2,"href":"https:\/\/www.iuma.ulpgc.es\/en\/wp-json\/wp\/v2\/posts\/3378\/revisions"}],"predecessor-version":[{"id":7759,"href":"https:\/\/www.iuma.ulpgc.es\/en\/wp-json\/wp\/v2\/posts\/3378\/revisions\/7759"}],"wp:featuredmedia":[{"embeddable":true,"href":"https:\/\/www.iuma.ulpgc.es\/en\/wp-json\/wp\/v2\/media\/2323"}],"wp:attachment":[{"href":"https:\/\/www.iuma.ulpgc.es\/en\/wp-json\/wp\/v2\/media?parent=3378"}],"wp:term":[{"taxonomy":"category","embeddable":true,"href":"https:\/\/www.iuma.ulpgc.es\/en\/wp-json\/wp\/v2\/categories?post=3378"},{"taxonomy":"post_tag","embeddable":true,"href":"https:\/\/www.iuma.ulpgc.es\/en\/wp-json\/wp\/v2\/tags?post=3378"}],"curies":[{"name":"wp","href":"https:\/\/api.w.org\/{rel}","templated":true}]}}