{"id":3379,"date":"2022-10-11T09:42:40","date_gmt":"2022-10-11T08:42:40","guid":{"rendered":"https:\/\/www.prueba.local\/?p=7577"},"modified":"2024-01-17T14:33:55","modified_gmt":"2024-01-17T14:33:55","slug":"el-iuma-colabora-con-el-caam-en-la-exposicion-con-los-pies-en-la-tierra","status":"publish","type":"post","link":"https:\/\/www.iuma.ulpgc.es\/en\/el-iuma-colabora-con-el-caam-en-la-exposicion-con-los-pies-en-la-tierra\/","title":{"rendered":"The IUMA collaborates with the CAAM in the exhibition \u201cWith our feet on the Earth\u201d"},"content":{"rendered":"<div class=\"wp-block-image\">\n<figure data-wp-context=\"{&quot;imageId&quot;:&quot;69f3f96c28e8f&quot;}\" data-wp-interactive=\"core\/image\" data-wp-key=\"69f3f96c28e8f\" class=\"alignleft size-full is-resized wp-lightbox-container\"><img loading=\"lazy\" decoding=\"async\" width=\"600\" height=\"400\" data-wp-class--hide=\"state.isContentHidden\" data-wp-class--show=\"state.isContentVisible\" data-wp-init=\"callbacks.setButtonStyles\" data-wp-on--click=\"actions.showLightbox\" data-wp-on--load=\"callbacks.setButtonStyles\" data-wp-on--pointerdown=\"actions.preloadImage\" data-wp-on--pointerenter=\"actions.preloadImageWithDelay\" data-wp-on--pointerleave=\"actions.cancelPreload\" data-wp-on-window--resize=\"callbacks.setButtonStyles\" src=\"https:\/\/www.iuma.ulpgc.es\/wp-content\/uploads\/2022\/10\/artista_y_director_iuma.jpeg\" alt=\"\" class=\"wp-image-2324\" style=\"width:400px\" srcset=\"https:\/\/www.iuma.ulpgc.es\/wp-content\/uploads\/2022\/10\/artista_y_director_iuma.jpeg 600w, https:\/\/www.iuma.ulpgc.es\/wp-content\/uploads\/2022\/10\/artista_y_director_iuma-300x200.jpeg 300w\" sizes=\"auto, (max-width: 600px) 100vw, 600px\" \/><button\n\t\t\tclass=\"lightbox-trigger\"\n\t\t\ttype=\"button\"\n\t\t\taria-haspopup=\"dialog\"\n\t\t\tdata-wp-bind--aria-label=\"state.thisImage.triggerButtonAriaLabel\"\n\t\t\tdata-wp-init=\"callbacks.initTriggerButton\"\n\t\t\tdata-wp-on--click=\"actions.showLightbox\"\n\t\t\tdata-wp-style--right=\"state.thisImage.buttonRight\"\n\t\t\tdata-wp-style--top=\"state.thisImage.buttonTop\"\n\t\t>\n\t\t\t<svg xmlns=\"http:\/\/www.w3.org\/2000\/svg\" width=\"12\" height=\"12\" fill=\"none\" viewbox=\"0 0 12 12\">\n\t\t\t\t<path fill=\"#fff\" d=\"M2 0a2 2 0 0 0-2 2v2h1.5V2a.5.5 0 0 1 .5-.5h2V0H2Zm2 10.5H2a.5.5 0 0 1-.5-.5V8H0v2a2 2 0 0 0 2 2h2v-1.5ZM8 12v-1.5h2a.5.5 0 0 0 .5-.5V8H12v2a2 2 0 0 1-2 2H8Zm2-12a2 2 0 0 1 2 2v2h-1.5V2a.5.5 0 0 0-.5-.5H8V0h2Z\" \/>\n\t\t\t<\/svg>\n\t\t<\/button><\/figure>\n<\/div>\n\n\n<p class=\"wp-block-paragraph\">Desde el 7 de octubre se exhibe en el&nbsp;<a title=\"Enlace a la web del CAAM - abre en una nueva ventana\" href=\"https:\/\/www.caam.net\/\" target=\"_blank\" rel=\"noopener\" name=\"Enlace a la web del CAAM - abre en una nueva ventana\">Centro Atl\u00e1ntico de Arte Moderno<\/a>&nbsp;de la capital grancanaria la exposici\u00f3n&nbsp;<a title=\"Enlace a la web del CAAM - abre en una nueva ventana\" href=\"https:\/\/www.caam.net\/es\/expos_int.php?n=4366\" target=\"_blank\" rel=\"noopener\" name=\"Enlace a la web del CAAM - abre en una nueva ventana\">\u201cCon los pies en la Tierra\u201d<\/a>, un proyecto multidisciplinar y colectivo internacional sobre arte y ecolog\u00eda compuesto por obras de 35 artistas de 17 pa\u00edses. El&nbsp;Instituto Universitario de Microelectr\u00f3nica Aplicada (IUMA)&nbsp;ha colaborado con la instalaci\u00f3n&nbsp;<strong>donando fotolitos y otros materiales procedentes de la fabricaci\u00f3n de circuitos impresos<\/strong>&nbsp;desde 2005, fecha en la que fue creado el actual \u00abServicio de Fabricaci\u00f3n de Prototipos de Circuitos Impresos y Sistemas Electr\u00f3nicos\u00bb, que funciona de forma ininterrumpida desde entonces.<\/p>\n\n\n\n<p class=\"wp-block-paragraph\">El material donado est\u00e1 compuesto fundamentalmente por fotolitos utilizados en la fabricaci\u00f3n de circuitos impresos para proyectos de investigaci\u00f3n, TFGs, o proyectos de colaboraci\u00f3n con empresas. Un fotolito es un clich\u00e9 negativo fotogr\u00e1fico impreso en acetato transparente, en el cual se encuentra la tipograf\u00eda que queremos grabar sobre el material base que formar\u00e1 posteriormente los circuitos impresos que se emplean en los equipos electr\u00f3nicos.<\/p>\n\n\n\n<p class=\"wp-block-paragraph\">Con el material donado, la artista&nbsp;<strong>Theresa Traore Dahlberg<\/strong>&nbsp;(Suecia-Burkina Faso) ha creado la obra titulada&nbsp;<strong>\u00abTransitions, 2022\u00bb<\/strong>&nbsp;que se expone en uno de los espacios centrales del CAAM. La obra est\u00e1 formada por un total de 368 fotolitos unidos entre s\u00ed, formado una gran superficie con zonas de distinta transparencia que proyectan sombras y luces sobre el recinto.<\/p>\n\n\n\n<p class=\"wp-block-paragraph\">\u201cCon los pies en la Tierra\u201d propone una reflexi\u00f3n sobre la contribuci\u00f3n que el arte debe hacer al debate p\u00fablico en torno a las pol\u00edticas de sostenibilidad y a la generaci\u00f3n de propuestas creativas para un trato al medio ambiente m\u00e1s justo y responsable. La exposici\u00f3n permanecer\u00e1 abierta hasta el 29 de enero de 2023.<\/p>\n\n\n\n<p class=\"wp-block-paragraph\">Noticia en la web de la ULPGC:<\/p>\n\n\n\n<p class=\"wp-block-paragraph\"><a href=\"https:\/\/www.ulpgc.es\/noticia\/2022\/10\/11\/iuma-colabora-caam-exposicion-pies-tierra\" target=\"_blank\" rel=\"noopener\">The IUMA collaborates with the CAAM in the exhibition \u201cWith our feet on the Earth\u201d<\/a><\/p>\n\n\n\n<p class=\"wp-block-paragraph\">Noticia publicada en otros medios:<\/p>\n\n\n\n<ul class=\"wp-block-list\">\n<li><a href=\"https:\/\/www.eldiario.es\/canariasahora\/cultura\/caam-presenta-pies-tierra-exposicion-pone-foco-concepto-justicia-ecologica_1_9598637.html\" data-type=\"link\" data-id=\"https:\/\/www.eldiario.es\/canariasahora\/cultura\/caam-presenta-pies-tierra-exposicion-pone-foco-concepto-justicia-ecologica_1_9598637.html\" target=\"_blank\" rel=\"noreferrer noopener\">El CAAM presenta \u2018Con los pies en la Tierra\u2019, una exposici\u00f3n que pone el foco en el concepto de &#8216;justicia ecol\u00f3gica&#8217; (eldiario.es)<\/a><\/li>\n\n\n\n<li><a href=\"https:\/\/www.canarias7.es\/cultura\/arte\/caam-presenta-pies-20221005183333-nt.html\" data-type=\"link\" data-id=\"https:\/\/www.canarias7.es\/cultura\/arte\/caam-presenta-pies-20221005183333-nt.html\" target=\"_blank\" rel=\"noreferrer noopener\">El CAAM presenta &#8216;Con los pies en la Tierra&#8217; | Canarias7<\/a><\/li>\n\n\n\n<li><a href=\"https:\/\/www.laprovincia.es\/fotos\/cultura\/2022\/10\/05\/caam-presenta-exposicion-internacional-pies-76893966.html\" data-type=\"link\" data-id=\"https:\/\/www.laprovincia.es\/fotos\/cultura\/2022\/10\/05\/caam-presenta-exposicion-internacional-pies-76893966.html\" target=\"_blank\" rel=\"noreferrer noopener\">El CAAM presenta la exposici\u00f3n internacional &#8216;Con los pies en la tierra&#8217; &#8211; La Provincia<\/a><\/li>\n<\/ul>","protected":false},"excerpt":{"rendered":"<p>Desde el 7 de octubre se exhibe en el&nbsp;Centro Atl\u00e1ntico de Arte Moderno&nbsp;de la capital grancanaria la exposici\u00f3n&nbsp;\u201cCon los pies en la Tierra\u201d, un proyecto multidisciplinar y colectivo internacional sobre arte y ecolog\u00eda compuesto por obras de 35 artistas de 17 pa\u00edses. El&nbsp;Instituto Universitario de Microelectr\u00f3nica Aplicada (IUMA)&nbsp;ha colaborado con la instalaci\u00f3n&nbsp;donando fotolitos y otros [&hellip;]<\/p>\n","protected":false},"author":2,"featured_media":2324,"comment_status":"closed","ping_status":"open","sticky":false,"template":"","format":"standard","meta":{"_crdt_document":"","footnotes":""},"categories":[20,18,14],"tags":[],"class_list":["post-3379","post","type-post","status-publish","format-standard","has-post-thumbnail","hentry","category-eventos","category-noticias","category-noticias-recientes"],"yoast_head":"<!-- This site is optimized with the Yoast SEO plugin v27.5 - https:\/\/yoast.com\/product\/yoast-seo-wordpress\/ -->\n<title>El IUMA colabora con el CAAM en la exposici\u00f3n \u201cCon los pies en la Tierra\u201d - Instituto Universitario de Microelectr\u00f3nica Aplicada<\/title>\n<meta name=\"robots\" content=\"index, follow, max-snippet:-1, max-image-preview:large, max-video-preview:-1\" \/>\n<link rel=\"canonical\" href=\"https:\/\/www.iuma.ulpgc.es\/en\/el-iuma-colabora-con-el-caam-en-la-exposicion-con-los-pies-en-la-tierra\/\" \/>\n<meta property=\"og:locale\" content=\"en_US\" \/>\n<meta property=\"og:type\" content=\"article\" \/>\n<meta property=\"og:title\" content=\"El IUMA colabora con el CAAM en la exposici\u00f3n \u201cCon los pies en la Tierra\u201d - Instituto Universitario de Microelectr\u00f3nica Aplicada\" \/>\n<meta property=\"og:description\" content=\"Desde el 7 de octubre se exhibe en el&nbsp;Centro Atl\u00e1ntico de Arte Moderno&nbsp;de la capital grancanaria la exposici\u00f3n&nbsp;\u201cCon los pies en la Tierra\u201d, un proyecto multidisciplinar y colectivo internacional sobre arte y ecolog\u00eda compuesto por obras de 35 artistas de 17 pa\u00edses. El&nbsp;Instituto Universitario de Microelectr\u00f3nica Aplicada (IUMA)&nbsp;ha colaborado con la instalaci\u00f3n&nbsp;donando fotolitos y otros [&hellip;]\" \/>\n<meta property=\"og:url\" content=\"https:\/\/www.iuma.ulpgc.es\/en\/el-iuma-colabora-con-el-caam-en-la-exposicion-con-los-pies-en-la-tierra\/\" \/>\n<meta property=\"og:site_name\" content=\"Instituto Universitario de Microelectr\u00f3nica Aplicada\" \/>\n<meta property=\"article:publisher\" content=\"https:\/\/www.facebook.com\/IUMA.ulpgc\" \/>\n<meta property=\"article:published_time\" content=\"2022-10-11T08:42:40+00:00\" \/>\n<meta property=\"article:modified_time\" content=\"2024-01-17T14:33:55+00:00\" \/>\n<meta property=\"og:image\" content=\"https:\/\/www.iuma.ulpgc.es\/wp-content\/uploads\/2022\/10\/artista_y_director_iuma.jpeg\" \/>\n\t<meta property=\"og:image:width\" content=\"600\" \/>\n\t<meta property=\"og:image:height\" content=\"400\" \/>\n\t<meta property=\"og:image:type\" content=\"image\/jpeg\" \/>\n<meta name=\"author\" content=\"iuma_wp\" \/>\n<meta name=\"twitter:card\" content=\"summary_large_image\" \/>\n<meta name=\"twitter:creator\" content=\"@iumanews\" \/>\n<meta name=\"twitter:site\" content=\"@iumanews\" \/>\n<meta name=\"twitter:label1\" content=\"Written by\" \/>\n\t<meta name=\"twitter:data1\" content=\"iuma_wp\" \/>\n\t<meta name=\"twitter:label2\" content=\"Est. reading time\" \/>\n\t<meta name=\"twitter:data2\" content=\"2 minutes\" \/>\n<script type=\"application\/ld+json\" class=\"yoast-schema-graph\">{\"@context\":\"https:\\\/\\\/schema.org\",\"@graph\":[{\"@type\":\"Article\",\"@id\":\"https:\\\/\\\/www.iuma.ulpgc.es\\\/el-iuma-colabora-con-el-caam-en-la-exposicion-con-los-pies-en-la-tierra\\\/#article\",\"isPartOf\":{\"@id\":\"https:\\\/\\\/www.iuma.ulpgc.es\\\/el-iuma-colabora-con-el-caam-en-la-exposicion-con-los-pies-en-la-tierra\\\/\"},\"author\":{\"name\":\"iuma_wp\",\"@id\":\"https:\\\/\\\/www.iuma.ulpgc.es\\\/en\\\/#\\\/schema\\\/person\\\/81a1859b6929a5c16615ff26e3b6e8ee\"},\"headline\":\"El IUMA colabora con el CAAM en la exposici\u00f3n \u201cCon los pies en la Tierra\u201d\",\"datePublished\":\"2022-10-11T08:42:40+00:00\",\"dateModified\":\"2024-01-17T14:33:55+00:00\",\"mainEntityOfPage\":{\"@id\":\"https:\\\/\\\/www.iuma.ulpgc.es\\\/el-iuma-colabora-con-el-caam-en-la-exposicion-con-los-pies-en-la-tierra\\\/\"},\"wordCount\":395,\"image\":{\"@id\":\"https:\\\/\\\/www.iuma.ulpgc.es\\\/el-iuma-colabora-con-el-caam-en-la-exposicion-con-los-pies-en-la-tierra\\\/#primaryimage\"},\"thumbnailUrl\":\"https:\\\/\\\/www.iuma.ulpgc.es\\\/wp-content\\\/uploads\\\/2022\\\/10\\\/artista_y_director_iuma.jpeg\",\"articleSection\":[\"Eventos\",\"Noticias\",\"Noticias Recientes\"],\"inLanguage\":\"en-US\"},{\"@type\":\"WebPage\",\"@id\":\"https:\\\/\\\/www.iuma.ulpgc.es\\\/el-iuma-colabora-con-el-caam-en-la-exposicion-con-los-pies-en-la-tierra\\\/\",\"url\":\"https:\\\/\\\/www.iuma.ulpgc.es\\\/el-iuma-colabora-con-el-caam-en-la-exposicion-con-los-pies-en-la-tierra\\\/\",\"name\":\"El IUMA colabora con el CAAM en la exposici\u00f3n \u201cCon los pies en la Tierra\u201d - Instituto Universitario de Microelectr\u00f3nica Aplicada\",\"isPartOf\":{\"@id\":\"https:\\\/\\\/www.iuma.ulpgc.es\\\/en\\\/#website\"},\"primaryImageOfPage\":{\"@id\":\"https:\\\/\\\/www.iuma.ulpgc.es\\\/el-iuma-colabora-con-el-caam-en-la-exposicion-con-los-pies-en-la-tierra\\\/#primaryimage\"},\"image\":{\"@id\":\"https:\\\/\\\/www.iuma.ulpgc.es\\\/el-iuma-colabora-con-el-caam-en-la-exposicion-con-los-pies-en-la-tierra\\\/#primaryimage\"},\"thumbnailUrl\":\"https:\\\/\\\/www.iuma.ulpgc.es\\\/wp-content\\\/uploads\\\/2022\\\/10\\\/artista_y_director_iuma.jpeg\",\"datePublished\":\"2022-10-11T08:42:40+00:00\",\"dateModified\":\"2024-01-17T14:33:55+00:00\",\"author\":{\"@id\":\"https:\\\/\\\/www.iuma.ulpgc.es\\\/en\\\/#\\\/schema\\\/person\\\/81a1859b6929a5c16615ff26e3b6e8ee\"},\"breadcrumb\":{\"@id\":\"https:\\\/\\\/www.iuma.ulpgc.es\\\/el-iuma-colabora-con-el-caam-en-la-exposicion-con-los-pies-en-la-tierra\\\/#breadcrumb\"},\"inLanguage\":\"en-US\",\"potentialAction\":[{\"@type\":\"ReadAction\",\"target\":[\"https:\\\/\\\/www.iuma.ulpgc.es\\\/el-iuma-colabora-con-el-caam-en-la-exposicion-con-los-pies-en-la-tierra\\\/\"]}]},{\"@type\":\"ImageObject\",\"inLanguage\":\"en-US\",\"@id\":\"https:\\\/\\\/www.iuma.ulpgc.es\\\/el-iuma-colabora-con-el-caam-en-la-exposicion-con-los-pies-en-la-tierra\\\/#primaryimage\",\"url\":\"https:\\\/\\\/www.iuma.ulpgc.es\\\/wp-content\\\/uploads\\\/2022\\\/10\\\/artista_y_director_iuma.jpeg\",\"contentUrl\":\"https:\\\/\\\/www.iuma.ulpgc.es\\\/wp-content\\\/uploads\\\/2022\\\/10\\\/artista_y_director_iuma.jpeg\",\"width\":600,\"height\":400},{\"@type\":\"BreadcrumbList\",\"@id\":\"https:\\\/\\\/www.iuma.ulpgc.es\\\/el-iuma-colabora-con-el-caam-en-la-exposicion-con-los-pies-en-la-tierra\\\/#breadcrumb\",\"itemListElement\":[{\"@type\":\"ListItem\",\"position\":1,\"name\":\"Home\",\"item\":\"https:\\\/\\\/www.iuma.ulpgc.es\\\/\"},{\"@type\":\"ListItem\",\"position\":2,\"name\":\"El IUMA colabora con el CAAM en la exposici\u00f3n \u201cCon los pies en la Tierra\u201d\"}]},{\"@type\":\"WebSite\",\"@id\":\"https:\\\/\\\/www.iuma.ulpgc.es\\\/en\\\/#website\",\"url\":\"https:\\\/\\\/www.iuma.ulpgc.es\\\/en\\\/\",\"name\":\"Instituto Universitario de Microelectr\u00f3nica Aplicada\",\"description\":\"El IUMA es un centro de I+D+i de la ULPGC\",\"potentialAction\":[{\"@type\":\"SearchAction\",\"target\":{\"@type\":\"EntryPoint\",\"urlTemplate\":\"https:\\\/\\\/www.iuma.ulpgc.es\\\/en\\\/?s={search_term_string}\"},\"query-input\":{\"@type\":\"PropertyValueSpecification\",\"valueRequired\":true,\"valueName\":\"search_term_string\"}}],\"inLanguage\":\"en-US\"},{\"@type\":\"Person\",\"@id\":\"https:\\\/\\\/www.iuma.ulpgc.es\\\/en\\\/#\\\/schema\\\/person\\\/81a1859b6929a5c16615ff26e3b6e8ee\",\"name\":\"iuma_wp\",\"image\":{\"@type\":\"ImageObject\",\"inLanguage\":\"en-US\",\"@id\":\"https:\\\/\\\/secure.gravatar.com\\\/avatar\\\/ccbd849519410dccb67105c8cda7d394ddb5121b44d68e2ebfe71c5f7ce56b0a?s=96&d=mm&r=g\",\"url\":\"https:\\\/\\\/secure.gravatar.com\\\/avatar\\\/ccbd849519410dccb67105c8cda7d394ddb5121b44d68e2ebfe71c5f7ce56b0a?s=96&d=mm&r=g\",\"contentUrl\":\"https:\\\/\\\/secure.gravatar.com\\\/avatar\\\/ccbd849519410dccb67105c8cda7d394ddb5121b44d68e2ebfe71c5f7ce56b0a?s=96&d=mm&r=g\",\"caption\":\"iuma_wp\"},\"url\":\"https:\\\/\\\/www.iuma.ulpgc.es\\\/en\\\/author\\\/iuma_wp\\\/\"}]}<\/script>\n<!-- \/ Yoast SEO plugin. -->","yoast_head_json":{"title":"El IUMA colabora con el CAAM en la exposici\u00f3n \u201cCon los pies en la Tierra\u201d - Instituto Universitario de Microelectr\u00f3nica Aplicada","robots":{"index":"index","follow":"follow","max-snippet":"max-snippet:-1","max-image-preview":"max-image-preview:large","max-video-preview":"max-video-preview:-1"},"canonical":"https:\/\/www.iuma.ulpgc.es\/en\/el-iuma-colabora-con-el-caam-en-la-exposicion-con-los-pies-en-la-tierra\/","og_locale":"en_US","og_type":"article","og_title":"El IUMA colabora con el CAAM en la exposici\u00f3n \u201cCon los pies en la Tierra\u201d - Instituto Universitario de Microelectr\u00f3nica Aplicada","og_description":"Desde el 7 de octubre se exhibe en el&nbsp;Centro Atl\u00e1ntico de Arte Moderno&nbsp;de la capital grancanaria la exposici\u00f3n&nbsp;\u201cCon los pies en la Tierra\u201d, un proyecto multidisciplinar y colectivo internacional sobre arte y ecolog\u00eda compuesto por obras de 35 artistas de 17 pa\u00edses. El&nbsp;Instituto Universitario de Microelectr\u00f3nica Aplicada (IUMA)&nbsp;ha colaborado con la instalaci\u00f3n&nbsp;donando fotolitos y otros [&hellip;]","og_url":"https:\/\/www.iuma.ulpgc.es\/en\/el-iuma-colabora-con-el-caam-en-la-exposicion-con-los-pies-en-la-tierra\/","og_site_name":"Instituto Universitario de Microelectr\u00f3nica Aplicada","article_publisher":"https:\/\/www.facebook.com\/IUMA.ulpgc","article_published_time":"2022-10-11T08:42:40+00:00","article_modified_time":"2024-01-17T14:33:55+00:00","og_image":[{"width":600,"height":400,"url":"https:\/\/www.iuma.ulpgc.es\/wp-content\/uploads\/2022\/10\/artista_y_director_iuma.jpeg","type":"image\/jpeg"}],"author":"iuma_wp","twitter_card":"summary_large_image","twitter_creator":"@iumanews","twitter_site":"@iumanews","twitter_misc":{"Written by":"iuma_wp","Est. reading time":"2 minutes"},"schema":{"@context":"https:\/\/schema.org","@graph":[{"@type":"Article","@id":"https:\/\/www.iuma.ulpgc.es\/el-iuma-colabora-con-el-caam-en-la-exposicion-con-los-pies-en-la-tierra\/#article","isPartOf":{"@id":"https:\/\/www.iuma.ulpgc.es\/el-iuma-colabora-con-el-caam-en-la-exposicion-con-los-pies-en-la-tierra\/"},"author":{"name":"iuma_wp","@id":"https:\/\/www.iuma.ulpgc.es\/en\/#\/schema\/person\/81a1859b6929a5c16615ff26e3b6e8ee"},"headline":"El IUMA colabora con el CAAM en la exposici\u00f3n \u201cCon los pies en la Tierra\u201d","datePublished":"2022-10-11T08:42:40+00:00","dateModified":"2024-01-17T14:33:55+00:00","mainEntityOfPage":{"@id":"https:\/\/www.iuma.ulpgc.es\/el-iuma-colabora-con-el-caam-en-la-exposicion-con-los-pies-en-la-tierra\/"},"wordCount":395,"image":{"@id":"https:\/\/www.iuma.ulpgc.es\/el-iuma-colabora-con-el-caam-en-la-exposicion-con-los-pies-en-la-tierra\/#primaryimage"},"thumbnailUrl":"https:\/\/www.iuma.ulpgc.es\/wp-content\/uploads\/2022\/10\/artista_y_director_iuma.jpeg","articleSection":["Eventos","Noticias","Noticias Recientes"],"inLanguage":"en-US"},{"@type":"WebPage","@id":"https:\/\/www.iuma.ulpgc.es\/el-iuma-colabora-con-el-caam-en-la-exposicion-con-los-pies-en-la-tierra\/","url":"https:\/\/www.iuma.ulpgc.es\/el-iuma-colabora-con-el-caam-en-la-exposicion-con-los-pies-en-la-tierra\/","name":"El IUMA colabora con el CAAM en la exposici\u00f3n \u201cCon los pies en la Tierra\u201d - Instituto Universitario de Microelectr\u00f3nica Aplicada","isPartOf":{"@id":"https:\/\/www.iuma.ulpgc.es\/en\/#website"},"primaryImageOfPage":{"@id":"https:\/\/www.iuma.ulpgc.es\/el-iuma-colabora-con-el-caam-en-la-exposicion-con-los-pies-en-la-tierra\/#primaryimage"},"image":{"@id":"https:\/\/www.iuma.ulpgc.es\/el-iuma-colabora-con-el-caam-en-la-exposicion-con-los-pies-en-la-tierra\/#primaryimage"},"thumbnailUrl":"https:\/\/www.iuma.ulpgc.es\/wp-content\/uploads\/2022\/10\/artista_y_director_iuma.jpeg","datePublished":"2022-10-11T08:42:40+00:00","dateModified":"2024-01-17T14:33:55+00:00","author":{"@id":"https:\/\/www.iuma.ulpgc.es\/en\/#\/schema\/person\/81a1859b6929a5c16615ff26e3b6e8ee"},"breadcrumb":{"@id":"https:\/\/www.iuma.ulpgc.es\/el-iuma-colabora-con-el-caam-en-la-exposicion-con-los-pies-en-la-tierra\/#breadcrumb"},"inLanguage":"en-US","potentialAction":[{"@type":"ReadAction","target":["https:\/\/www.iuma.ulpgc.es\/el-iuma-colabora-con-el-caam-en-la-exposicion-con-los-pies-en-la-tierra\/"]}]},{"@type":"ImageObject","inLanguage":"en-US","@id":"https:\/\/www.iuma.ulpgc.es\/el-iuma-colabora-con-el-caam-en-la-exposicion-con-los-pies-en-la-tierra\/#primaryimage","url":"https:\/\/www.iuma.ulpgc.es\/wp-content\/uploads\/2022\/10\/artista_y_director_iuma.jpeg","contentUrl":"https:\/\/www.iuma.ulpgc.es\/wp-content\/uploads\/2022\/10\/artista_y_director_iuma.jpeg","width":600,"height":400},{"@type":"BreadcrumbList","@id":"https:\/\/www.iuma.ulpgc.es\/el-iuma-colabora-con-el-caam-en-la-exposicion-con-los-pies-en-la-tierra\/#breadcrumb","itemListElement":[{"@type":"ListItem","position":1,"name":"Home","item":"https:\/\/www.iuma.ulpgc.es\/"},{"@type":"ListItem","position":2,"name":"El IUMA colabora con el CAAM en la exposici\u00f3n \u201cCon los pies en la Tierra\u201d"}]},{"@type":"WebSite","@id":"https:\/\/www.iuma.ulpgc.es\/en\/#website","url":"https:\/\/www.iuma.ulpgc.es\/en\/","name":"Institute for Applied Microelectronics","description":"El IUMA es un centro de I+D+i de la ULPGC","potentialAction":[{"@type":"SearchAction","target":{"@type":"EntryPoint","urlTemplate":"https:\/\/www.iuma.ulpgc.es\/en\/?s={search_term_string}"},"query-input":{"@type":"PropertyValueSpecification","valueRequired":true,"valueName":"search_term_string"}}],"inLanguage":"en-US"},{"@type":"Person","@id":"https:\/\/www.iuma.ulpgc.es\/en\/#\/schema\/person\/81a1859b6929a5c16615ff26e3b6e8ee","name":"iuma_wp","image":{"@type":"ImageObject","inLanguage":"en-US","@id":"https:\/\/secure.gravatar.com\/avatar\/ccbd849519410dccb67105c8cda7d394ddb5121b44d68e2ebfe71c5f7ce56b0a?s=96&d=mm&r=g","url":"https:\/\/secure.gravatar.com\/avatar\/ccbd849519410dccb67105c8cda7d394ddb5121b44d68e2ebfe71c5f7ce56b0a?s=96&d=mm&r=g","contentUrl":"https:\/\/secure.gravatar.com\/avatar\/ccbd849519410dccb67105c8cda7d394ddb5121b44d68e2ebfe71c5f7ce56b0a?s=96&d=mm&r=g","caption":"iuma_wp"},"url":"https:\/\/www.iuma.ulpgc.es\/en\/author\/iuma_wp\/"}]}},"post_mailing_queue_ids":[],"_links":{"self":[{"href":"https:\/\/www.iuma.ulpgc.es\/en\/wp-json\/wp\/v2\/posts\/3379","targetHints":{"allow":["GET"]}}],"collection":[{"href":"https:\/\/www.iuma.ulpgc.es\/en\/wp-json\/wp\/v2\/posts"}],"about":[{"href":"https:\/\/www.iuma.ulpgc.es\/en\/wp-json\/wp\/v2\/types\/post"}],"author":[{"embeddable":true,"href":"https:\/\/www.iuma.ulpgc.es\/en\/wp-json\/wp\/v2\/users\/2"}],"replies":[{"embeddable":true,"href":"https:\/\/www.iuma.ulpgc.es\/en\/wp-json\/wp\/v2\/comments?post=3379"}],"version-history":[{"count":6,"href":"https:\/\/www.iuma.ulpgc.es\/en\/wp-json\/wp\/v2\/posts\/3379\/revisions"}],"predecessor-version":[{"id":7757,"href":"https:\/\/www.iuma.ulpgc.es\/en\/wp-json\/wp\/v2\/posts\/3379\/revisions\/7757"}],"wp:featuredmedia":[{"embeddable":true,"href":"https:\/\/www.iuma.ulpgc.es\/en\/wp-json\/wp\/v2\/media\/2324"}],"wp:attachment":[{"href":"https:\/\/www.iuma.ulpgc.es\/en\/wp-json\/wp\/v2\/media?parent=3379"}],"wp:term":[{"taxonomy":"category","embeddable":true,"href":"https:\/\/www.iuma.ulpgc.es\/en\/wp-json\/wp\/v2\/categories?post=3379"},{"taxonomy":"post_tag","embeddable":true,"href":"https:\/\/www.iuma.ulpgc.es\/en\/wp-json\/wp\/v2\/tags?post=3379"}],"curies":[{"name":"wp","href":"https:\/\/api.w.org\/{rel}","templated":true}]}}