{"id":3383,"date":"2022-10-24T11:05:53","date_gmt":"2022-10-24T10:05:53","guid":{"rendered":"https:\/\/www.prueba.local\/?p=7606"},"modified":"2024-01-17T14:21:49","modified_gmt":"2024-01-17T14:21:49","slug":"sebastian-lopez-investigador-del-iuma-nuevo-catedratico-de-la-ulpgc","status":"publish","type":"post","link":"https:\/\/www.iuma.ulpgc.es\/en\/sebastian-lopez-investigador-del-iuma-nuevo-catedratico-de-la-ulpgc\/","title":{"rendered":"Sebasti\u00e1n L\u00f3pez, researcher at the IUMA, new Professor at the ULPGC"},"content":{"rendered":"<p class=\"wp-block-paragraph\">El 21 de octubre de 2022 se ha celebrado el concurso-oposici\u00f3n de acceso a una c\u00e1tedra de universidad en el \u00e1rea de Tecnolog\u00eda Electr\u00f3nica del Departamento de Ingenier\u00eda Electr\u00f3nica y Autom\u00e1tica. El investigador del IUMA Sebasti\u00e1n L\u00f3pez Su\u00e1rez ha obtenido la plaza en la ULPGC ante un tribunal formado por Don Javier Uceda Antol\u00edn (Catedr\u00e1tico de Universidad de la Universidad Polit\u00e9cnica de Madrid), Don Roberto Sarmiento Rodr\u00edguez (Catedr\u00e1tico de Universidad de la Universidad de Las Palmas de Gran Canaria) y Do\u00f1a Mar\u00eda Luisa L\u00f3pez Vallejo (Catedr\u00e1tica de Universidad de la Universidad Polit\u00e9cnica de Madrid). Sus actividades se centran en la impartici\u00f3n de las asignaturas Electr\u00f3nica Anal\u00f3gica (EIIC) y Procesamiento de Im\u00e1genes (IUMA) e investigar en el \u00e1rea de procesamiento y compresi\u00f3n de im\u00e1genes h\u00edperespectrales en tiempo real.<\/p>\n\n\n\n<figure data-wp-context=\"{&quot;galleryId&quot;:&quot;69f3c0fe88206&quot;}\" data-wp-interactive=\"core\/gallery\" class=\"wp-block-gallery has-nested-images columns-default is-cropped wp-block-gallery-1 is-layout-flex wp-block-gallery-is-layout-flex\">\n<figure data-wp-context=\"{&quot;imageId&quot;:&quot;69f3c0fe893af&quot;}\" data-wp-interactive=\"core\/image\" data-wp-key=\"69f3c0fe893af\" class=\"wp-block-image size-large wp-lightbox-container\"><img loading=\"lazy\" decoding=\"async\" width=\"1024\" height=\"768\" data-wp-class--hide=\"state.isContentHidden\" data-wp-class--show=\"state.isContentVisible\" data-wp-init=\"callbacks.setButtonStyles\" data-wp-on--click=\"actions.showLightbox\" data-wp-on--load=\"callbacks.setButtonStyles\" data-wp-on--pointerdown=\"actions.preloadImage\" data-wp-on--pointerenter=\"actions.preloadImageWithDelay\" data-wp-on--pointerleave=\"actions.cancelPreload\" data-wp-on-window--resize=\"callbacks.setButtonStyles\" data-id=\"2326\" src=\"https:\/\/www.iuma.ulpgc.es\/wp-content\/uploads\/2022\/10\/foto-2-1024x768.jpeg\" alt=\"\" class=\"wp-image-2326\" srcset=\"https:\/\/www.iuma.ulpgc.es\/wp-content\/uploads\/2022\/10\/foto-2-1024x768.jpeg 1024w, https:\/\/www.iuma.ulpgc.es\/wp-content\/uploads\/2022\/10\/foto-2-300x225.jpeg 300w, https:\/\/www.iuma.ulpgc.es\/wp-content\/uploads\/2022\/10\/foto-2-768x576.jpeg 768w, https:\/\/www.iuma.ulpgc.es\/wp-content\/uploads\/2022\/10\/foto-2-1536x1152.jpeg 1536w, https:\/\/www.iuma.ulpgc.es\/wp-content\/uploads\/2022\/10\/foto-2.jpeg 2000w\" sizes=\"auto, (max-width: 1024px) 100vw, 1024px\" \/><button\n\t\t\tclass=\"lightbox-trigger\"\n\t\t\ttype=\"button\"\n\t\t\taria-haspopup=\"dialog\"\n\t\t\tdata-wp-bind--aria-label=\"state.thisImage.triggerButtonAriaLabel\"\n\t\t\tdata-wp-init=\"callbacks.initTriggerButton\"\n\t\t\tdata-wp-on--click=\"actions.showLightbox\"\n\t\t\tdata-wp-style--right=\"state.thisImage.buttonRight\"\n\t\t\tdata-wp-style--top=\"state.thisImage.buttonTop\"\n\t\t>\n\t\t\t<svg xmlns=\"http:\/\/www.w3.org\/2000\/svg\" width=\"12\" height=\"12\" fill=\"none\" viewbox=\"0 0 12 12\">\n\t\t\t\t<path fill=\"#fff\" d=\"M2 0a2 2 0 0 0-2 2v2h1.5V2a.5.5 0 0 1 .5-.5h2V0H2Zm2 10.5H2a.5.5 0 0 1-.5-.5V8H0v2a2 2 0 0 0 2 2h2v-1.5ZM8 12v-1.5h2a.5.5 0 0 0 .5-.5V8H12v2a2 2 0 0 1-2 2H8Zm2-12a2 2 0 0 1 2 2v2h-1.5V2a.5.5 0 0 0-.5-.5H8V0h2Z\" \/>\n\t\t\t<\/svg>\n\t\t<\/button><\/figure>\n\n\n\n<figure data-wp-context=\"{&quot;imageId&quot;:&quot;69f3c0fe89657&quot;}\" data-wp-interactive=\"core\/image\" data-wp-key=\"69f3c0fe89657\" class=\"wp-block-image size-large wp-lightbox-container\"><img loading=\"lazy\" decoding=\"async\" width=\"1024\" height=\"768\" data-wp-class--hide=\"state.isContentHidden\" data-wp-class--show=\"state.isContentVisible\" data-wp-init=\"callbacks.setButtonStyles\" data-wp-on--click=\"actions.showLightbox\" data-wp-on--load=\"callbacks.setButtonStyles\" data-wp-on--pointerdown=\"actions.preloadImage\" data-wp-on--pointerenter=\"actions.preloadImageWithDelay\" data-wp-on--pointerleave=\"actions.cancelPreload\" data-wp-on-window--resize=\"callbacks.setButtonStyles\" data-id=\"2325\" src=\"https:\/\/www.iuma.ulpgc.es\/wp-content\/uploads\/2022\/10\/foto-1-1024x768.jpeg\" alt=\"\" class=\"wp-image-2325\" srcset=\"https:\/\/www.iuma.ulpgc.es\/wp-content\/uploads\/2022\/10\/foto-1-1024x768.jpeg 1024w, https:\/\/www.iuma.ulpgc.es\/wp-content\/uploads\/2022\/10\/foto-1-300x225.jpeg 300w, https:\/\/www.iuma.ulpgc.es\/wp-content\/uploads\/2022\/10\/foto-1-768x576.jpeg 768w, https:\/\/www.iuma.ulpgc.es\/wp-content\/uploads\/2022\/10\/foto-1-1536x1152.jpeg 1536w, https:\/\/www.iuma.ulpgc.es\/wp-content\/uploads\/2022\/10\/foto-1.jpeg 2000w\" sizes=\"auto, (max-width: 1024px) 100vw, 1024px\" \/><button\n\t\t\tclass=\"lightbox-trigger\"\n\t\t\ttype=\"button\"\n\t\t\taria-haspopup=\"dialog\"\n\t\t\tdata-wp-bind--aria-label=\"state.thisImage.triggerButtonAriaLabel\"\n\t\t\tdata-wp-init=\"callbacks.initTriggerButton\"\n\t\t\tdata-wp-on--click=\"actions.showLightbox\"\n\t\t\tdata-wp-style--right=\"state.thisImage.buttonRight\"\n\t\t\tdata-wp-style--top=\"state.thisImage.buttonTop\"\n\t\t>\n\t\t\t<svg xmlns=\"http:\/\/www.w3.org\/2000\/svg\" width=\"12\" height=\"12\" fill=\"none\" viewbox=\"0 0 12 12\">\n\t\t\t\t<path fill=\"#fff\" d=\"M2 0a2 2 0 0 0-2 2v2h1.5V2a.5.5 0 0 1 .5-.5h2V0H2Zm2 10.5H2a.5.5 0 0 1-.5-.5V8H0v2a2 2 0 0 0 2 2h2v-1.5ZM8 12v-1.5h2a.5.5 0 0 0 .5-.5V8H12v2a2 2 0 0 1-2 2H8Zm2-12a2 2 0 0 1 2 2v2h-1.5V2a.5.5 0 0 0-.5-.5H8V0h2Z\" \/>\n\t\t\t<\/svg>\n\t\t<\/button><\/figure>\n<\/figure>","protected":false},"excerpt":{"rendered":"<p>El 21 de octubre de 2022 se ha celebrado el concurso-oposici\u00f3n de acceso a una c\u00e1tedra de universidad en el \u00e1rea de Tecnolog\u00eda Electr\u00f3nica del Departamento de Ingenier\u00eda Electr\u00f3nica y Autom\u00e1tica. El investigador del IUMA Sebasti\u00e1n L\u00f3pez Su\u00e1rez ha obtenido la plaza en la ULPGC ante un tribunal formado por Don Javier Uceda Antol\u00edn (Catedr\u00e1tico [&hellip;]<\/p>\n","protected":false},"author":2,"featured_media":2327,"comment_status":"closed","ping_status":"open","sticky":false,"template":"","format":"standard","meta":{"_crdt_document":"","footnotes":""},"categories":[20,18,14],"tags":[],"class_list":["post-3383","post","type-post","status-publish","format-standard","has-post-thumbnail","hentry","category-eventos","category-noticias","category-noticias-recientes"],"yoast_head":"<!-- This site is optimized with the Yoast SEO plugin v27.5 - https:\/\/yoast.com\/product\/yoast-seo-wordpress\/ -->\n<title>Sebasti\u00e1n L\u00f3pez, investigador del IUMA, nuevo Catedr\u00e1tico de la ULPGC - Instituto Universitario de Microelectr\u00f3nica Aplicada<\/title>\n<meta name=\"robots\" content=\"index, follow, max-snippet:-1, max-image-preview:large, max-video-preview:-1\" \/>\n<link rel=\"canonical\" href=\"https:\/\/www.iuma.ulpgc.es\/en\/sebastian-lopez-investigador-del-iuma-nuevo-catedratico-de-la-ulpgc\/\" \/>\n<meta property=\"og:locale\" content=\"en_US\" \/>\n<meta property=\"og:type\" content=\"article\" \/>\n<meta property=\"og:title\" content=\"Sebasti\u00e1n L\u00f3pez, investigador del IUMA, nuevo Catedr\u00e1tico de la ULPGC - Instituto Universitario de Microelectr\u00f3nica Aplicada\" \/>\n<meta property=\"og:description\" content=\"El 21 de octubre de 2022 se ha celebrado el concurso-oposici\u00f3n de acceso a una c\u00e1tedra de universidad en el \u00e1rea de Tecnolog\u00eda Electr\u00f3nica del Departamento de Ingenier\u00eda Electr\u00f3nica y Autom\u00e1tica. El investigador del IUMA Sebasti\u00e1n L\u00f3pez Su\u00e1rez ha obtenido la plaza en la ULPGC ante un tribunal formado por Don Javier Uceda Antol\u00edn (Catedr\u00e1tico [&hellip;]\" \/>\n<meta property=\"og:url\" content=\"https:\/\/www.iuma.ulpgc.es\/en\/sebastian-lopez-investigador-del-iuma-nuevo-catedratico-de-la-ulpgc\/\" \/>\n<meta property=\"og:site_name\" content=\"Instituto Universitario de Microelectr\u00f3nica Aplicada\" \/>\n<meta property=\"article:publisher\" content=\"https:\/\/www.facebook.com\/IUMA.ulpgc\" \/>\n<meta property=\"article:published_time\" content=\"2022-10-24T10:05:53+00:00\" \/>\n<meta property=\"article:modified_time\" content=\"2024-01-17T14:21:49+00:00\" \/>\n<meta property=\"og:image\" content=\"https:\/\/www.iuma.ulpgc.es\/wp-content\/uploads\/2022\/10\/foto-3.jpeg\" \/>\n\t<meta property=\"og:image:width\" content=\"2048\" \/>\n\t<meta property=\"og:image:height\" content=\"923\" \/>\n\t<meta property=\"og:image:type\" content=\"image\/jpeg\" \/>\n<meta name=\"author\" content=\"iuma_wp\" \/>\n<meta name=\"twitter:card\" content=\"summary_large_image\" \/>\n<meta name=\"twitter:creator\" content=\"@iumanews\" \/>\n<meta name=\"twitter:site\" content=\"@iumanews\" \/>\n<meta name=\"twitter:label1\" content=\"Written by\" \/>\n\t<meta name=\"twitter:data1\" content=\"iuma_wp\" \/>\n\t<meta name=\"twitter:label2\" content=\"Est. reading time\" \/>\n\t<meta name=\"twitter:data2\" content=\"1 minute\" \/>\n<script type=\"application\/ld+json\" class=\"yoast-schema-graph\">{\"@context\":\"https:\\\/\\\/schema.org\",\"@graph\":[{\"@type\":\"Article\",\"@id\":\"https:\\\/\\\/www.iuma.ulpgc.es\\\/sebastian-lopez-investigador-del-iuma-nuevo-catedratico-de-la-ulpgc\\\/#article\",\"isPartOf\":{\"@id\":\"https:\\\/\\\/www.iuma.ulpgc.es\\\/sebastian-lopez-investigador-del-iuma-nuevo-catedratico-de-la-ulpgc\\\/\"},\"author\":{\"name\":\"iuma_wp\",\"@id\":\"https:\\\/\\\/www.iuma.ulpgc.es\\\/en\\\/#\\\/schema\\\/person\\\/81a1859b6929a5c16615ff26e3b6e8ee\"},\"headline\":\"Sebasti\u00e1n L\u00f3pez, investigador del IUMA, nuevo Catedr\u00e1tico de la ULPGC\",\"datePublished\":\"2022-10-24T10:05:53+00:00\",\"dateModified\":\"2024-01-17T14:21:49+00:00\",\"mainEntityOfPage\":{\"@id\":\"https:\\\/\\\/www.iuma.ulpgc.es\\\/sebastian-lopez-investigador-del-iuma-nuevo-catedratico-de-la-ulpgc\\\/\"},\"wordCount\":165,\"image\":{\"@id\":\"https:\\\/\\\/www.iuma.ulpgc.es\\\/sebastian-lopez-investigador-del-iuma-nuevo-catedratico-de-la-ulpgc\\\/#primaryimage\"},\"thumbnailUrl\":\"https:\\\/\\\/www.iuma.ulpgc.es\\\/wp-content\\\/uploads\\\/2022\\\/10\\\/foto-3.jpeg\",\"articleSection\":[\"Eventos\",\"Noticias\",\"Noticias Recientes\"],\"inLanguage\":\"en-US\"},{\"@type\":\"WebPage\",\"@id\":\"https:\\\/\\\/www.iuma.ulpgc.es\\\/sebastian-lopez-investigador-del-iuma-nuevo-catedratico-de-la-ulpgc\\\/\",\"url\":\"https:\\\/\\\/www.iuma.ulpgc.es\\\/sebastian-lopez-investigador-del-iuma-nuevo-catedratico-de-la-ulpgc\\\/\",\"name\":\"Sebasti\u00e1n L\u00f3pez, investigador del IUMA, nuevo Catedr\u00e1tico de la ULPGC - Instituto Universitario de Microelectr\u00f3nica Aplicada\",\"isPartOf\":{\"@id\":\"https:\\\/\\\/www.iuma.ulpgc.es\\\/en\\\/#website\"},\"primaryImageOfPage\":{\"@id\":\"https:\\\/\\\/www.iuma.ulpgc.es\\\/sebastian-lopez-investigador-del-iuma-nuevo-catedratico-de-la-ulpgc\\\/#primaryimage\"},\"image\":{\"@id\":\"https:\\\/\\\/www.iuma.ulpgc.es\\\/sebastian-lopez-investigador-del-iuma-nuevo-catedratico-de-la-ulpgc\\\/#primaryimage\"},\"thumbnailUrl\":\"https:\\\/\\\/www.iuma.ulpgc.es\\\/wp-content\\\/uploads\\\/2022\\\/10\\\/foto-3.jpeg\",\"datePublished\":\"2022-10-24T10:05:53+00:00\",\"dateModified\":\"2024-01-17T14:21:49+00:00\",\"author\":{\"@id\":\"https:\\\/\\\/www.iuma.ulpgc.es\\\/en\\\/#\\\/schema\\\/person\\\/81a1859b6929a5c16615ff26e3b6e8ee\"},\"breadcrumb\":{\"@id\":\"https:\\\/\\\/www.iuma.ulpgc.es\\\/sebastian-lopez-investigador-del-iuma-nuevo-catedratico-de-la-ulpgc\\\/#breadcrumb\"},\"inLanguage\":\"en-US\",\"potentialAction\":[{\"@type\":\"ReadAction\",\"target\":[\"https:\\\/\\\/www.iuma.ulpgc.es\\\/sebastian-lopez-investigador-del-iuma-nuevo-catedratico-de-la-ulpgc\\\/\"]}]},{\"@type\":\"ImageObject\",\"inLanguage\":\"en-US\",\"@id\":\"https:\\\/\\\/www.iuma.ulpgc.es\\\/sebastian-lopez-investigador-del-iuma-nuevo-catedratico-de-la-ulpgc\\\/#primaryimage\",\"url\":\"https:\\\/\\\/www.iuma.ulpgc.es\\\/wp-content\\\/uploads\\\/2022\\\/10\\\/foto-3.jpeg\",\"contentUrl\":\"https:\\\/\\\/www.iuma.ulpgc.es\\\/wp-content\\\/uploads\\\/2022\\\/10\\\/foto-3.jpeg\",\"width\":2048,\"height\":923},{\"@type\":\"BreadcrumbList\",\"@id\":\"https:\\\/\\\/www.iuma.ulpgc.es\\\/sebastian-lopez-investigador-del-iuma-nuevo-catedratico-de-la-ulpgc\\\/#breadcrumb\",\"itemListElement\":[{\"@type\":\"ListItem\",\"position\":1,\"name\":\"Home\",\"item\":\"https:\\\/\\\/www.iuma.ulpgc.es\\\/\"},{\"@type\":\"ListItem\",\"position\":2,\"name\":\"Sebasti\u00e1n L\u00f3pez, investigador del IUMA, nuevo Catedr\u00e1tico de la ULPGC\"}]},{\"@type\":\"WebSite\",\"@id\":\"https:\\\/\\\/www.iuma.ulpgc.es\\\/en\\\/#website\",\"url\":\"https:\\\/\\\/www.iuma.ulpgc.es\\\/en\\\/\",\"name\":\"Instituto Universitario de Microelectr\u00f3nica Aplicada\",\"description\":\"El IUMA es un centro de I+D+i de la ULPGC\",\"potentialAction\":[{\"@type\":\"SearchAction\",\"target\":{\"@type\":\"EntryPoint\",\"urlTemplate\":\"https:\\\/\\\/www.iuma.ulpgc.es\\\/en\\\/?s={search_term_string}\"},\"query-input\":{\"@type\":\"PropertyValueSpecification\",\"valueRequired\":true,\"valueName\":\"search_term_string\"}}],\"inLanguage\":\"en-US\"},{\"@type\":\"Person\",\"@id\":\"https:\\\/\\\/www.iuma.ulpgc.es\\\/en\\\/#\\\/schema\\\/person\\\/81a1859b6929a5c16615ff26e3b6e8ee\",\"name\":\"iuma_wp\",\"image\":{\"@type\":\"ImageObject\",\"inLanguage\":\"en-US\",\"@id\":\"https:\\\/\\\/secure.gravatar.com\\\/avatar\\\/ccbd849519410dccb67105c8cda7d394ddb5121b44d68e2ebfe71c5f7ce56b0a?s=96&d=mm&r=g\",\"url\":\"https:\\\/\\\/secure.gravatar.com\\\/avatar\\\/ccbd849519410dccb67105c8cda7d394ddb5121b44d68e2ebfe71c5f7ce56b0a?s=96&d=mm&r=g\",\"contentUrl\":\"https:\\\/\\\/secure.gravatar.com\\\/avatar\\\/ccbd849519410dccb67105c8cda7d394ddb5121b44d68e2ebfe71c5f7ce56b0a?s=96&d=mm&r=g\",\"caption\":\"iuma_wp\"},\"url\":\"https:\\\/\\\/www.iuma.ulpgc.es\\\/en\\\/author\\\/iuma_wp\\\/\"}]}<\/script>\n<!-- \/ Yoast SEO plugin. -->","yoast_head_json":{"title":"Sebasti\u00e1n L\u00f3pez, investigador del IUMA, nuevo Catedr\u00e1tico de la ULPGC - Instituto Universitario de Microelectr\u00f3nica Aplicada","robots":{"index":"index","follow":"follow","max-snippet":"max-snippet:-1","max-image-preview":"max-image-preview:large","max-video-preview":"max-video-preview:-1"},"canonical":"https:\/\/www.iuma.ulpgc.es\/en\/sebastian-lopez-investigador-del-iuma-nuevo-catedratico-de-la-ulpgc\/","og_locale":"en_US","og_type":"article","og_title":"Sebasti\u00e1n L\u00f3pez, investigador del IUMA, nuevo Catedr\u00e1tico de la ULPGC - Instituto Universitario de Microelectr\u00f3nica Aplicada","og_description":"El 21 de octubre de 2022 se ha celebrado el concurso-oposici\u00f3n de acceso a una c\u00e1tedra de universidad en el \u00e1rea de Tecnolog\u00eda Electr\u00f3nica del Departamento de Ingenier\u00eda Electr\u00f3nica y Autom\u00e1tica. El investigador del IUMA Sebasti\u00e1n L\u00f3pez Su\u00e1rez ha obtenido la plaza en la ULPGC ante un tribunal formado por Don Javier Uceda Antol\u00edn (Catedr\u00e1tico [&hellip;]","og_url":"https:\/\/www.iuma.ulpgc.es\/en\/sebastian-lopez-investigador-del-iuma-nuevo-catedratico-de-la-ulpgc\/","og_site_name":"Instituto Universitario de Microelectr\u00f3nica Aplicada","article_publisher":"https:\/\/www.facebook.com\/IUMA.ulpgc","article_published_time":"2022-10-24T10:05:53+00:00","article_modified_time":"2024-01-17T14:21:49+00:00","og_image":[{"width":2048,"height":923,"url":"https:\/\/www.iuma.ulpgc.es\/wp-content\/uploads\/2022\/10\/foto-3.jpeg","type":"image\/jpeg"}],"author":"iuma_wp","twitter_card":"summary_large_image","twitter_creator":"@iumanews","twitter_site":"@iumanews","twitter_misc":{"Written by":"iuma_wp","Est. reading time":"1 minute"},"schema":{"@context":"https:\/\/schema.org","@graph":[{"@type":"Article","@id":"https:\/\/www.iuma.ulpgc.es\/sebastian-lopez-investigador-del-iuma-nuevo-catedratico-de-la-ulpgc\/#article","isPartOf":{"@id":"https:\/\/www.iuma.ulpgc.es\/sebastian-lopez-investigador-del-iuma-nuevo-catedratico-de-la-ulpgc\/"},"author":{"name":"iuma_wp","@id":"https:\/\/www.iuma.ulpgc.es\/en\/#\/schema\/person\/81a1859b6929a5c16615ff26e3b6e8ee"},"headline":"Sebasti\u00e1n L\u00f3pez, investigador del IUMA, nuevo Catedr\u00e1tico de la ULPGC","datePublished":"2022-10-24T10:05:53+00:00","dateModified":"2024-01-17T14:21:49+00:00","mainEntityOfPage":{"@id":"https:\/\/www.iuma.ulpgc.es\/sebastian-lopez-investigador-del-iuma-nuevo-catedratico-de-la-ulpgc\/"},"wordCount":165,"image":{"@id":"https:\/\/www.iuma.ulpgc.es\/sebastian-lopez-investigador-del-iuma-nuevo-catedratico-de-la-ulpgc\/#primaryimage"},"thumbnailUrl":"https:\/\/www.iuma.ulpgc.es\/wp-content\/uploads\/2022\/10\/foto-3.jpeg","articleSection":["Eventos","Noticias","Noticias Recientes"],"inLanguage":"en-US"},{"@type":"WebPage","@id":"https:\/\/www.iuma.ulpgc.es\/sebastian-lopez-investigador-del-iuma-nuevo-catedratico-de-la-ulpgc\/","url":"https:\/\/www.iuma.ulpgc.es\/sebastian-lopez-investigador-del-iuma-nuevo-catedratico-de-la-ulpgc\/","name":"Sebasti\u00e1n L\u00f3pez, investigador del IUMA, nuevo Catedr\u00e1tico de la ULPGC - Instituto Universitario de Microelectr\u00f3nica Aplicada","isPartOf":{"@id":"https:\/\/www.iuma.ulpgc.es\/en\/#website"},"primaryImageOfPage":{"@id":"https:\/\/www.iuma.ulpgc.es\/sebastian-lopez-investigador-del-iuma-nuevo-catedratico-de-la-ulpgc\/#primaryimage"},"image":{"@id":"https:\/\/www.iuma.ulpgc.es\/sebastian-lopez-investigador-del-iuma-nuevo-catedratico-de-la-ulpgc\/#primaryimage"},"thumbnailUrl":"https:\/\/www.iuma.ulpgc.es\/wp-content\/uploads\/2022\/10\/foto-3.jpeg","datePublished":"2022-10-24T10:05:53+00:00","dateModified":"2024-01-17T14:21:49+00:00","author":{"@id":"https:\/\/www.iuma.ulpgc.es\/en\/#\/schema\/person\/81a1859b6929a5c16615ff26e3b6e8ee"},"breadcrumb":{"@id":"https:\/\/www.iuma.ulpgc.es\/sebastian-lopez-investigador-del-iuma-nuevo-catedratico-de-la-ulpgc\/#breadcrumb"},"inLanguage":"en-US","potentialAction":[{"@type":"ReadAction","target":["https:\/\/www.iuma.ulpgc.es\/sebastian-lopez-investigador-del-iuma-nuevo-catedratico-de-la-ulpgc\/"]}]},{"@type":"ImageObject","inLanguage":"en-US","@id":"https:\/\/www.iuma.ulpgc.es\/sebastian-lopez-investigador-del-iuma-nuevo-catedratico-de-la-ulpgc\/#primaryimage","url":"https:\/\/www.iuma.ulpgc.es\/wp-content\/uploads\/2022\/10\/foto-3.jpeg","contentUrl":"https:\/\/www.iuma.ulpgc.es\/wp-content\/uploads\/2022\/10\/foto-3.jpeg","width":2048,"height":923},{"@type":"BreadcrumbList","@id":"https:\/\/www.iuma.ulpgc.es\/sebastian-lopez-investigador-del-iuma-nuevo-catedratico-de-la-ulpgc\/#breadcrumb","itemListElement":[{"@type":"ListItem","position":1,"name":"Home","item":"https:\/\/www.iuma.ulpgc.es\/"},{"@type":"ListItem","position":2,"name":"Sebasti\u00e1n L\u00f3pez, investigador del IUMA, nuevo Catedr\u00e1tico de la ULPGC"}]},{"@type":"WebSite","@id":"https:\/\/www.iuma.ulpgc.es\/en\/#website","url":"https:\/\/www.iuma.ulpgc.es\/en\/","name":"Institute for Applied Microelectronics","description":"El IUMA es un centro de I+D+i de la ULPGC","potentialAction":[{"@type":"SearchAction","target":{"@type":"EntryPoint","urlTemplate":"https:\/\/www.iuma.ulpgc.es\/en\/?s={search_term_string}"},"query-input":{"@type":"PropertyValueSpecification","valueRequired":true,"valueName":"search_term_string"}}],"inLanguage":"en-US"},{"@type":"Person","@id":"https:\/\/www.iuma.ulpgc.es\/en\/#\/schema\/person\/81a1859b6929a5c16615ff26e3b6e8ee","name":"iuma_wp","image":{"@type":"ImageObject","inLanguage":"en-US","@id":"https:\/\/secure.gravatar.com\/avatar\/ccbd849519410dccb67105c8cda7d394ddb5121b44d68e2ebfe71c5f7ce56b0a?s=96&d=mm&r=g","url":"https:\/\/secure.gravatar.com\/avatar\/ccbd849519410dccb67105c8cda7d394ddb5121b44d68e2ebfe71c5f7ce56b0a?s=96&d=mm&r=g","contentUrl":"https:\/\/secure.gravatar.com\/avatar\/ccbd849519410dccb67105c8cda7d394ddb5121b44d68e2ebfe71c5f7ce56b0a?s=96&d=mm&r=g","caption":"iuma_wp"},"url":"https:\/\/www.iuma.ulpgc.es\/en\/author\/iuma_wp\/"}]}},"post_mailing_queue_ids":[],"_links":{"self":[{"href":"https:\/\/www.iuma.ulpgc.es\/en\/wp-json\/wp\/v2\/posts\/3383","targetHints":{"allow":["GET"]}}],"collection":[{"href":"https:\/\/www.iuma.ulpgc.es\/en\/wp-json\/wp\/v2\/posts"}],"about":[{"href":"https:\/\/www.iuma.ulpgc.es\/en\/wp-json\/wp\/v2\/types\/post"}],"author":[{"embeddable":true,"href":"https:\/\/www.iuma.ulpgc.es\/en\/wp-json\/wp\/v2\/users\/2"}],"replies":[{"embeddable":true,"href":"https:\/\/www.iuma.ulpgc.es\/en\/wp-json\/wp\/v2\/comments?post=3383"}],"version-history":[{"count":4,"href":"https:\/\/www.iuma.ulpgc.es\/en\/wp-json\/wp\/v2\/posts\/3383\/revisions"}],"predecessor-version":[{"id":7746,"href":"https:\/\/www.iuma.ulpgc.es\/en\/wp-json\/wp\/v2\/posts\/3383\/revisions\/7746"}],"wp:featuredmedia":[{"embeddable":true,"href":"https:\/\/www.iuma.ulpgc.es\/en\/wp-json\/wp\/v2\/media\/2327"}],"wp:attachment":[{"href":"https:\/\/www.iuma.ulpgc.es\/en\/wp-json\/wp\/v2\/media?parent=3383"}],"wp:term":[{"taxonomy":"category","embeddable":true,"href":"https:\/\/www.iuma.ulpgc.es\/en\/wp-json\/wp\/v2\/categories?post=3383"},{"taxonomy":"post_tag","embeddable":true,"href":"https:\/\/www.iuma.ulpgc.es\/en\/wp-json\/wp\/v2\/tags?post=3383"}],"curies":[{"name":"wp","href":"https:\/\/api.w.org\/{rel}","templated":true}]}}