{"id":3387,"date":"2022-11-28T12:16:40","date_gmt":"2022-11-28T12:16:40","guid":{"rendered":"https:\/\/www.prueba.local\/?p=7656"},"modified":"2024-01-17T14:06:40","modified_gmt":"2024-01-17T14:06:40","slug":"calendario-de-elecciones-del-director-del-iuma","status":"publish","type":"post","link":"https:\/\/www.iuma.ulpgc.es\/en\/calendario-de-elecciones-del-director-del-iuma\/","title":{"rendered":"Election calendar for the Director of the IUMA"},"content":{"rendered":"<p class=\"wp-block-paragraph\">En las sesi\u00f3n ordinaria del Consejo del Instituto Universitario de Microelectr\u00f3nica Aplicada celebrada el viernes 25 de noviembre de 2022, se ha adoptado el acuerdo de convocar elecciones a Director\/a del IUMA, seg\u00fan el siguiente calendario electoral propuesto por la Junta Electoral Central que es la encargada de la organizaci\u00f3n del proceso electoral. El Director del IUMA se elegir\u00e1 en sesi\u00f3n del Consejo del Instituto que se celebrar\u00e1 el 26 de enero de 2023.<\/p>\n\n\n\n<figure class=\"wp-block-table is-style-stripes\"><table><thead><tr><th><strong>A\u00d1O<\/strong><\/th><th><strong>MES<\/strong><\/th><th><strong>D\u00cdA<\/strong><\/th><th><strong>ACTUACIONES<\/strong><\/th><\/tr><\/thead><tbody><tr><td>2022<\/td><td>December<\/td><td>2<\/td><td>PUBLICACI\u00d3N DEL CENSO PROVISIONAL<\/td><\/tr><tr><td>&nbsp;<\/td><td>&nbsp;<\/td><td>12<\/td><td>FIN DE PLAZO DE RECLAMACIONES. FIN DE PLAZO DE SOLICITUD DEL VOTO POR CORREO<\/td><\/tr><tr><td>&nbsp;<\/td><td>&nbsp;<\/td><td>13<\/td><td>REUNI\u00d3N DE LA JUNTA ELECTORAL CENTRAL<\/td><\/tr><tr><td>&nbsp;<\/td><td>&nbsp;<\/td><td>19<\/td><td>APROBACI\u00d3N DEFINITIVA DEL CENSO Y SU PUBLICACI\u00d3N<\/td><\/tr><tr><td>&nbsp;<\/td><td>&nbsp;<\/td><td>20<\/td><td>INICIO DE PRESENTACI\u00d3N DE CANDIDATURAS<\/td><\/tr><tr><td>&nbsp;<\/td><td>&nbsp;<\/td><td>23<\/td><td>FIN DE PLAZO DE PRESENTACI\u00d3N DE CANDIDATURAS<\/td><\/tr><tr><td>2023<\/td><td>January<\/td><td>9<\/td><td>PROCLAMACI\u00d3N PROVISIONAL DE CANDIDATOS Y SU PUBLICACI\u00d3N<\/td><\/tr><tr><td>&nbsp;<\/td><td>&nbsp;<\/td><td>10<\/td><td>REUNI\u00d3N DE LA JUNTA ELECTORAL CENTRAL<\/td><\/tr><tr><td>&nbsp;<\/td><td>&nbsp;<\/td><td>11<\/td><td>FIN DEL PLAZO DE RECLAMACIONES<\/td><\/tr><tr><td>&nbsp;<\/td><td>&nbsp;<\/td><td>12<\/td><td>REUNI\u00d3N DE LA JUNTA ELECTORAL CENTRAL<\/td><\/tr><tr><td>&nbsp;<\/td><td>&nbsp;<\/td><td>16<\/td><td>PROCLAMACI\u00d3N DEFINITIVA DE CANDIDATOS Y SU PUBLICACI\u00d3N<\/td><\/tr><tr><td>&nbsp;<\/td><td>&nbsp;<\/td><td>17<\/td><td>FIN DE PLAZO DE REMISI\u00d3N DE PAPELETAS A SOLICITANTES DE VOTO POR CORREO<\/td><\/tr><tr><td>&nbsp;<\/td><td>&nbsp;<\/td><td>23<\/td><td>FIN DE PLAZO PARA HACER LLEGAR EL VOTO POR CORREO A LA JUNTA ELECTORAL CENTRAL<\/td><\/tr><tr><td>&nbsp;<\/td><td>&nbsp;<\/td><td><strong>26<\/strong><\/td><td><strong>VOTACI\u00d3N Y ESCRUTINIO<\/strong><\/td><\/tr><tr><td>&nbsp;<\/td><td>&nbsp;<\/td><td>30<\/td><td>PROCLAMACI\u00d3N PROVISIONAL DEL CANDIDATO ELECTO Y SU PUBLICACI\u00d3N<\/td><\/tr><tr><td>&nbsp;<\/td><td>February<\/td><td>1<\/td><td>FIN DEL PLAZO DE RECLAMACIONES<\/td><\/tr><tr><td>&nbsp;<\/td><td>&nbsp;<\/td><td>2<\/td><td>REUNI\u00d3N DE LA JUNTA ELECTORAL CENTRAL<\/td><\/tr><tr><td>&nbsp;<\/td><td>&nbsp;<\/td><td>3<\/td><td>PROCLAMACI\u00d3N DEFINITIVA DEL CANDIDATO ELECTO Y SU PUBLICACI\u00d3N<\/td><\/tr><\/tbody><\/table><\/figure>","protected":false},"excerpt":{"rendered":"<p>En las sesi\u00f3n ordinaria del Consejo del Instituto Universitario de Microelectr\u00f3nica Aplicada celebrada el viernes 25 de noviembre de 2022, se ha adoptado el acuerdo de convocar elecciones a Director\/a del IUMA, seg\u00fan el siguiente calendario electoral propuesto por la Junta Electoral Central que es la encargada de la organizaci\u00f3n del proceso electoral. El Director [&hellip;]<\/p>\n","protected":false},"author":2,"featured_media":2330,"comment_status":"closed","ping_status":"open","sticky":false,"template":"","format":"standard","meta":{"_crdt_document":"","footnotes":""},"categories":[18,14],"tags":[],"class_list":["post-3387","post","type-post","status-publish","format-standard","has-post-thumbnail","hentry","category-noticias","category-noticias-recientes"],"yoast_head":"<!-- This site is optimized with the Yoast SEO plugin v27.4 - https:\/\/yoast.com\/product\/yoast-seo-wordpress\/ -->\n<title>Calendario de elecciones del Director del IUMA - Instituto Universitario de Microelectr\u00f3nica Aplicada<\/title>\n<meta name=\"robots\" content=\"index, follow, max-snippet:-1, max-image-preview:large, max-video-preview:-1\" \/>\n<link rel=\"canonical\" href=\"https:\/\/www.iuma.ulpgc.es\/en\/calendario-de-elecciones-del-director-del-iuma\/\" \/>\n<meta property=\"og:locale\" content=\"en_US\" \/>\n<meta property=\"og:type\" content=\"article\" \/>\n<meta property=\"og:title\" content=\"Calendario de elecciones del Director del IUMA - Instituto Universitario de Microelectr\u00f3nica Aplicada\" \/>\n<meta property=\"og:description\" content=\"En las sesi\u00f3n ordinaria del Consejo del Instituto Universitario de Microelectr\u00f3nica Aplicada celebrada el viernes 25 de noviembre de 2022, se ha adoptado el acuerdo de convocar elecciones a Director\/a del IUMA, seg\u00fan el siguiente calendario electoral propuesto por la Junta Electoral Central que es la encargada de la organizaci\u00f3n del proceso electoral. El Director [&hellip;]\" \/>\n<meta property=\"og:url\" content=\"https:\/\/www.iuma.ulpgc.es\/en\/calendario-de-elecciones-del-director-del-iuma\/\" \/>\n<meta property=\"og:site_name\" content=\"Instituto Universitario de Microelectr\u00f3nica Aplicada\" \/>\n<meta property=\"article:publisher\" content=\"https:\/\/www.facebook.com\/IUMA.ulpgc\" \/>\n<meta property=\"article:published_time\" content=\"2022-11-28T12:16:40+00:00\" \/>\n<meta property=\"article:modified_time\" content=\"2024-01-17T14:06:40+00:00\" \/>\n<meta property=\"og:image\" content=\"https:\/\/www.iuma.ulpgc.es\/wp-content\/uploads\/2022\/11\/eleccionDirectorIUMA.jpg\" \/>\n\t<meta property=\"og:image:width\" content=\"640\" \/>\n\t<meta property=\"og:image:height\" content=\"350\" \/>\n\t<meta property=\"og:image:type\" content=\"image\/jpeg\" \/>\n<meta name=\"author\" content=\"iuma_wp\" \/>\n<meta name=\"twitter:card\" content=\"summary_large_image\" \/>\n<meta name=\"twitter:creator\" content=\"@iumanews\" \/>\n<meta name=\"twitter:site\" content=\"@iumanews\" \/>\n<meta name=\"twitter:label1\" content=\"Written by\" \/>\n\t<meta name=\"twitter:data1\" content=\"iuma_wp\" \/>\n\t<meta name=\"twitter:label2\" content=\"Est. reading time\" \/>\n\t<meta name=\"twitter:data2\" content=\"1 minute\" \/>\n<script type=\"application\/ld+json\" class=\"yoast-schema-graph\">{\"@context\":\"https:\\\/\\\/schema.org\",\"@graph\":[{\"@type\":\"Article\",\"@id\":\"https:\\\/\\\/www.iuma.ulpgc.es\\\/calendario-de-elecciones-del-director-del-iuma\\\/#article\",\"isPartOf\":{\"@id\":\"https:\\\/\\\/www.iuma.ulpgc.es\\\/calendario-de-elecciones-del-director-del-iuma\\\/\"},\"author\":{\"name\":\"iuma_wp\",\"@id\":\"https:\\\/\\\/www.iuma.ulpgc.es\\\/en\\\/#\\\/schema\\\/person\\\/81a1859b6929a5c16615ff26e3b6e8ee\"},\"headline\":\"Calendario de elecciones del Director del IUMA\",\"datePublished\":\"2022-11-28T12:16:40+00:00\",\"dateModified\":\"2024-01-17T14:06:40+00:00\",\"mainEntityOfPage\":{\"@id\":\"https:\\\/\\\/www.iuma.ulpgc.es\\\/calendario-de-elecciones-del-director-del-iuma\\\/\"},\"wordCount\":274,\"image\":{\"@id\":\"https:\\\/\\\/www.iuma.ulpgc.es\\\/calendario-de-elecciones-del-director-del-iuma\\\/#primaryimage\"},\"thumbnailUrl\":\"https:\\\/\\\/www.iuma.ulpgc.es\\\/wp-content\\\/uploads\\\/2022\\\/11\\\/eleccionDirectorIUMA.jpg\",\"articleSection\":[\"Noticias\",\"Noticias Recientes\"],\"inLanguage\":\"en-US\"},{\"@type\":\"WebPage\",\"@id\":\"https:\\\/\\\/www.iuma.ulpgc.es\\\/calendario-de-elecciones-del-director-del-iuma\\\/\",\"url\":\"https:\\\/\\\/www.iuma.ulpgc.es\\\/calendario-de-elecciones-del-director-del-iuma\\\/\",\"name\":\"Calendario de elecciones del Director del IUMA - Instituto Universitario de Microelectr\u00f3nica Aplicada\",\"isPartOf\":{\"@id\":\"https:\\\/\\\/www.iuma.ulpgc.es\\\/en\\\/#website\"},\"primaryImageOfPage\":{\"@id\":\"https:\\\/\\\/www.iuma.ulpgc.es\\\/calendario-de-elecciones-del-director-del-iuma\\\/#primaryimage\"},\"image\":{\"@id\":\"https:\\\/\\\/www.iuma.ulpgc.es\\\/calendario-de-elecciones-del-director-del-iuma\\\/#primaryimage\"},\"thumbnailUrl\":\"https:\\\/\\\/www.iuma.ulpgc.es\\\/wp-content\\\/uploads\\\/2022\\\/11\\\/eleccionDirectorIUMA.jpg\",\"datePublished\":\"2022-11-28T12:16:40+00:00\",\"dateModified\":\"2024-01-17T14:06:40+00:00\",\"author\":{\"@id\":\"https:\\\/\\\/www.iuma.ulpgc.es\\\/en\\\/#\\\/schema\\\/person\\\/81a1859b6929a5c16615ff26e3b6e8ee\"},\"breadcrumb\":{\"@id\":\"https:\\\/\\\/www.iuma.ulpgc.es\\\/calendario-de-elecciones-del-director-del-iuma\\\/#breadcrumb\"},\"inLanguage\":\"en-US\",\"potentialAction\":[{\"@type\":\"ReadAction\",\"target\":[\"https:\\\/\\\/www.iuma.ulpgc.es\\\/calendario-de-elecciones-del-director-del-iuma\\\/\"]}]},{\"@type\":\"ImageObject\",\"inLanguage\":\"en-US\",\"@id\":\"https:\\\/\\\/www.iuma.ulpgc.es\\\/calendario-de-elecciones-del-director-del-iuma\\\/#primaryimage\",\"url\":\"https:\\\/\\\/www.iuma.ulpgc.es\\\/wp-content\\\/uploads\\\/2022\\\/11\\\/eleccionDirectorIUMA.jpg\",\"contentUrl\":\"https:\\\/\\\/www.iuma.ulpgc.es\\\/wp-content\\\/uploads\\\/2022\\\/11\\\/eleccionDirectorIUMA.jpg\",\"width\":640,\"height\":350},{\"@type\":\"BreadcrumbList\",\"@id\":\"https:\\\/\\\/www.iuma.ulpgc.es\\\/calendario-de-elecciones-del-director-del-iuma\\\/#breadcrumb\",\"itemListElement\":[{\"@type\":\"ListItem\",\"position\":1,\"name\":\"Home\",\"item\":\"https:\\\/\\\/www.iuma.ulpgc.es\\\/\"},{\"@type\":\"ListItem\",\"position\":2,\"name\":\"Calendario de elecciones del Director del IUMA\"}]},{\"@type\":\"WebSite\",\"@id\":\"https:\\\/\\\/www.iuma.ulpgc.es\\\/en\\\/#website\",\"url\":\"https:\\\/\\\/www.iuma.ulpgc.es\\\/en\\\/\",\"name\":\"Instituto Universitario de Microelectr\u00f3nica Aplicada\",\"description\":\"El IUMA es un centro de I+D+i de la ULPGC\",\"potentialAction\":[{\"@type\":\"SearchAction\",\"target\":{\"@type\":\"EntryPoint\",\"urlTemplate\":\"https:\\\/\\\/www.iuma.ulpgc.es\\\/en\\\/?s={search_term_string}\"},\"query-input\":{\"@type\":\"PropertyValueSpecification\",\"valueRequired\":true,\"valueName\":\"search_term_string\"}}],\"inLanguage\":\"en-US\"},{\"@type\":\"Person\",\"@id\":\"https:\\\/\\\/www.iuma.ulpgc.es\\\/en\\\/#\\\/schema\\\/person\\\/81a1859b6929a5c16615ff26e3b6e8ee\",\"name\":\"iuma_wp\",\"image\":{\"@type\":\"ImageObject\",\"inLanguage\":\"en-US\",\"@id\":\"https:\\\/\\\/secure.gravatar.com\\\/avatar\\\/ccbd849519410dccb67105c8cda7d394ddb5121b44d68e2ebfe71c5f7ce56b0a?s=96&d=mm&r=g\",\"url\":\"https:\\\/\\\/secure.gravatar.com\\\/avatar\\\/ccbd849519410dccb67105c8cda7d394ddb5121b44d68e2ebfe71c5f7ce56b0a?s=96&d=mm&r=g\",\"contentUrl\":\"https:\\\/\\\/secure.gravatar.com\\\/avatar\\\/ccbd849519410dccb67105c8cda7d394ddb5121b44d68e2ebfe71c5f7ce56b0a?s=96&d=mm&r=g\",\"caption\":\"iuma_wp\"},\"url\":\"https:\\\/\\\/www.iuma.ulpgc.es\\\/en\\\/author\\\/iuma_wp\\\/\"}]}<\/script>\n<!-- \/ Yoast SEO plugin. -->","yoast_head_json":{"title":"Calendario de elecciones del Director del IUMA - Instituto Universitario de Microelectr\u00f3nica Aplicada","robots":{"index":"index","follow":"follow","max-snippet":"max-snippet:-1","max-image-preview":"max-image-preview:large","max-video-preview":"max-video-preview:-1"},"canonical":"https:\/\/www.iuma.ulpgc.es\/en\/calendario-de-elecciones-del-director-del-iuma\/","og_locale":"en_US","og_type":"article","og_title":"Calendario de elecciones del Director del IUMA - Instituto Universitario de Microelectr\u00f3nica Aplicada","og_description":"En las sesi\u00f3n ordinaria del Consejo del Instituto Universitario de Microelectr\u00f3nica Aplicada celebrada el viernes 25 de noviembre de 2022, se ha adoptado el acuerdo de convocar elecciones a Director\/a del IUMA, seg\u00fan el siguiente calendario electoral propuesto por la Junta Electoral Central que es la encargada de la organizaci\u00f3n del proceso electoral. El Director [&hellip;]","og_url":"https:\/\/www.iuma.ulpgc.es\/en\/calendario-de-elecciones-del-director-del-iuma\/","og_site_name":"Instituto Universitario de Microelectr\u00f3nica Aplicada","article_publisher":"https:\/\/www.facebook.com\/IUMA.ulpgc","article_published_time":"2022-11-28T12:16:40+00:00","article_modified_time":"2024-01-17T14:06:40+00:00","og_image":[{"width":640,"height":350,"url":"https:\/\/www.iuma.ulpgc.es\/wp-content\/uploads\/2022\/11\/eleccionDirectorIUMA.jpg","type":"image\/jpeg"}],"author":"iuma_wp","twitter_card":"summary_large_image","twitter_creator":"@iumanews","twitter_site":"@iumanews","twitter_misc":{"Written by":"iuma_wp","Est. reading time":"1 minute"},"schema":{"@context":"https:\/\/schema.org","@graph":[{"@type":"Article","@id":"https:\/\/www.iuma.ulpgc.es\/calendario-de-elecciones-del-director-del-iuma\/#article","isPartOf":{"@id":"https:\/\/www.iuma.ulpgc.es\/calendario-de-elecciones-del-director-del-iuma\/"},"author":{"name":"iuma_wp","@id":"https:\/\/www.iuma.ulpgc.es\/en\/#\/schema\/person\/81a1859b6929a5c16615ff26e3b6e8ee"},"headline":"Calendario de elecciones del Director del IUMA","datePublished":"2022-11-28T12:16:40+00:00","dateModified":"2024-01-17T14:06:40+00:00","mainEntityOfPage":{"@id":"https:\/\/www.iuma.ulpgc.es\/calendario-de-elecciones-del-director-del-iuma\/"},"wordCount":274,"image":{"@id":"https:\/\/www.iuma.ulpgc.es\/calendario-de-elecciones-del-director-del-iuma\/#primaryimage"},"thumbnailUrl":"https:\/\/www.iuma.ulpgc.es\/wp-content\/uploads\/2022\/11\/eleccionDirectorIUMA.jpg","articleSection":["Noticias","Noticias Recientes"],"inLanguage":"en-US"},{"@type":"WebPage","@id":"https:\/\/www.iuma.ulpgc.es\/calendario-de-elecciones-del-director-del-iuma\/","url":"https:\/\/www.iuma.ulpgc.es\/calendario-de-elecciones-del-director-del-iuma\/","name":"Calendario de elecciones del Director del IUMA - Instituto Universitario de Microelectr\u00f3nica Aplicada","isPartOf":{"@id":"https:\/\/www.iuma.ulpgc.es\/en\/#website"},"primaryImageOfPage":{"@id":"https:\/\/www.iuma.ulpgc.es\/calendario-de-elecciones-del-director-del-iuma\/#primaryimage"},"image":{"@id":"https:\/\/www.iuma.ulpgc.es\/calendario-de-elecciones-del-director-del-iuma\/#primaryimage"},"thumbnailUrl":"https:\/\/www.iuma.ulpgc.es\/wp-content\/uploads\/2022\/11\/eleccionDirectorIUMA.jpg","datePublished":"2022-11-28T12:16:40+00:00","dateModified":"2024-01-17T14:06:40+00:00","author":{"@id":"https:\/\/www.iuma.ulpgc.es\/en\/#\/schema\/person\/81a1859b6929a5c16615ff26e3b6e8ee"},"breadcrumb":{"@id":"https:\/\/www.iuma.ulpgc.es\/calendario-de-elecciones-del-director-del-iuma\/#breadcrumb"},"inLanguage":"en-US","potentialAction":[{"@type":"ReadAction","target":["https:\/\/www.iuma.ulpgc.es\/calendario-de-elecciones-del-director-del-iuma\/"]}]},{"@type":"ImageObject","inLanguage":"en-US","@id":"https:\/\/www.iuma.ulpgc.es\/calendario-de-elecciones-del-director-del-iuma\/#primaryimage","url":"https:\/\/www.iuma.ulpgc.es\/wp-content\/uploads\/2022\/11\/eleccionDirectorIUMA.jpg","contentUrl":"https:\/\/www.iuma.ulpgc.es\/wp-content\/uploads\/2022\/11\/eleccionDirectorIUMA.jpg","width":640,"height":350},{"@type":"BreadcrumbList","@id":"https:\/\/www.iuma.ulpgc.es\/calendario-de-elecciones-del-director-del-iuma\/#breadcrumb","itemListElement":[{"@type":"ListItem","position":1,"name":"Home","item":"https:\/\/www.iuma.ulpgc.es\/"},{"@type":"ListItem","position":2,"name":"Calendario de elecciones del Director del IUMA"}]},{"@type":"WebSite","@id":"https:\/\/www.iuma.ulpgc.es\/en\/#website","url":"https:\/\/www.iuma.ulpgc.es\/en\/","name":"Institute for Applied Microelectronics","description":"El IUMA es un centro de I+D+i de la ULPGC","potentialAction":[{"@type":"SearchAction","target":{"@type":"EntryPoint","urlTemplate":"https:\/\/www.iuma.ulpgc.es\/en\/?s={search_term_string}"},"query-input":{"@type":"PropertyValueSpecification","valueRequired":true,"valueName":"search_term_string"}}],"inLanguage":"en-US"},{"@type":"Person","@id":"https:\/\/www.iuma.ulpgc.es\/en\/#\/schema\/person\/81a1859b6929a5c16615ff26e3b6e8ee","name":"iuma_wp","image":{"@type":"ImageObject","inLanguage":"en-US","@id":"https:\/\/secure.gravatar.com\/avatar\/ccbd849519410dccb67105c8cda7d394ddb5121b44d68e2ebfe71c5f7ce56b0a?s=96&d=mm&r=g","url":"https:\/\/secure.gravatar.com\/avatar\/ccbd849519410dccb67105c8cda7d394ddb5121b44d68e2ebfe71c5f7ce56b0a?s=96&d=mm&r=g","contentUrl":"https:\/\/secure.gravatar.com\/avatar\/ccbd849519410dccb67105c8cda7d394ddb5121b44d68e2ebfe71c5f7ce56b0a?s=96&d=mm&r=g","caption":"iuma_wp"},"url":"https:\/\/www.iuma.ulpgc.es\/en\/author\/iuma_wp\/"}]}},"post_mailing_queue_ids":[],"_links":{"self":[{"href":"https:\/\/www.iuma.ulpgc.es\/en\/wp-json\/wp\/v2\/posts\/3387","targetHints":{"allow":["GET"]}}],"collection":[{"href":"https:\/\/www.iuma.ulpgc.es\/en\/wp-json\/wp\/v2\/posts"}],"about":[{"href":"https:\/\/www.iuma.ulpgc.es\/en\/wp-json\/wp\/v2\/types\/post"}],"author":[{"embeddable":true,"href":"https:\/\/www.iuma.ulpgc.es\/en\/wp-json\/wp\/v2\/users\/2"}],"replies":[{"embeddable":true,"href":"https:\/\/www.iuma.ulpgc.es\/en\/wp-json\/wp\/v2\/comments?post=3387"}],"version-history":[{"count":3,"href":"https:\/\/www.iuma.ulpgc.es\/en\/wp-json\/wp\/v2\/posts\/3387\/revisions"}],"predecessor-version":[{"id":7734,"href":"https:\/\/www.iuma.ulpgc.es\/en\/wp-json\/wp\/v2\/posts\/3387\/revisions\/7734"}],"wp:featuredmedia":[{"embeddable":true,"href":"https:\/\/www.iuma.ulpgc.es\/en\/wp-json\/wp\/v2\/media\/2330"}],"wp:attachment":[{"href":"https:\/\/www.iuma.ulpgc.es\/en\/wp-json\/wp\/v2\/media?parent=3387"}],"wp:term":[{"taxonomy":"category","embeddable":true,"href":"https:\/\/www.iuma.ulpgc.es\/en\/wp-json\/wp\/v2\/categories?post=3387"},{"taxonomy":"post_tag","embeddable":true,"href":"https:\/\/www.iuma.ulpgc.es\/en\/wp-json\/wp\/v2\/tags?post=3387"}],"curies":[{"name":"wp","href":"https:\/\/api.w.org\/{rel}","templated":true}]}}