{"id":3390,"date":"2023-01-30T11:22:03","date_gmt":"2023-01-30T11:22:03","guid":{"rendered":"https:\/\/www.prueba.local\/?p=7709"},"modified":"2024-01-17T14:00:36","modified_gmt":"2024-01-17T14:00:36","slug":"premio-a-la-productividad-cientifica-a-un-grupo-de-investigacion-del-iuma","status":"publish","type":"post","link":"https:\/\/www.iuma.ulpgc.es\/en\/premio-a-la-productividad-cientifica-a-un-grupo-de-investigacion-del-iuma\/","title":{"rendered":"Award for scientific productivity to an IUMA Research Group"},"content":{"rendered":"<p class=\"wp-block-paragraph\">El pasado s\u00e1bado 28 de enero de 2023, durante el <a href=\"https:\/\/www.ulpgc.es\/noticia\/2023\/01\/24\/acto-investidura-nuevos-doctores-y-doctoras-del-curso-20212022-y-reconocimiento\" target=\"_blank\" rel=\"noopener\">Acto de Investidura de Nuevos Doctores y Doctoras del curso 2021\/2022 y de reconocimiento a la investigaci\u00f3n<\/a> se procedeci\u00f3 al acto de entrega del premio a la <strong>Productividad Cient\u00edfica de Grupos de Investigaci\u00f3n de la ULPGC en 2022, <\/strong>en la rama de conocimiento de ingenier\u00eda y arquitectura <strong>al Grupo de investigaci\u00f3n: Dise\u00f1o de Sistemas Electr\u00f3nicos Integrados para el procesamiento de datos, <\/strong>adscrito al <a href=\"https:\/\/www.iuma.ulpgc.es\/en\/\" data-type=\"page\" data-id=\"438\" target=\"_blank\" rel=\"noreferrer noopener\">Institute for Applied Microelectronics<\/a>.<\/p>\n\n\n\n<p class=\"wp-block-paragraph\">En dicho acto tambi\u00e9n se entreg\u00f3 el <strong>premio extraordinario de Tesis Doctoral 2021\/2022<\/strong> a Mar\u00eda D\u00edaz Mart\u00edn, por su tesis titulada \u00ab<a href=\"http:\/\/hdl.handle.net\/10553\/111385\" target=\"_blank\" rel=\"noopener\">A new approach for the effective processing of hyperspectral images: application to pushbroom-based anomaly detection and compression systems<\/a>\u00ab, dirigida por el profesor del <strong>IUMA<\/strong> Sebasti\u00e1n L\u00f3pez Su\u00e1rez, que intervino en el acto.<\/p>\n\n\n\n<p class=\"wp-block-paragraph\">Igualmente se premi\u00f3 a Pedro Jes\u00fas Rodr\u00edguez de Rivera Socorro como <strong>J\u00f3ven investigador destacado<\/strong>. Pedro realiz\u00f3 su <a href=\"http:\/\/hdl.handle.net\/10553\/113053\">tesis doctoral<\/a> bajo la codirecci\u00f3n del profesor del IUMA Gustavo Marrero Callic\u00f3.<\/p>\n\n\n\n<p class=\"wp-block-paragraph\">Enhorabuena a Gustavo Marrero Callic\u00f3, como coordinador del Grupo de Investigaci\u00f3n y a todos los miembros de la Divisi\u00f3n de Sistema Integrados (DSI) del IUMA, donde est\u00e1 adscrito el grupo.<\/p>\n\n\n\n<p class=\"wp-block-paragraph\">La prensa local (<a href=\"https:\/\/www.canarias7.es\/sociedad\/educacion\/ulpgc-reivindica-fortaleza-20230129165855-nt.html\" target=\"_blank\" rel=\"noopener\">ver noticia en Canarias 7<\/a>) se ha hecho eco de este acto, destacando las palabras del Rector en relaci\u00f3n al IUMA \u00ab<span style=\"color: #333333;\">un ejemplo de trabajo en equipo y de continuidad en una labor iniciada hace casi 40 a\u00f1os que ha ido adapt\u00e1ndose a la aparici\u00f3n de nuevas posibilidades tecnol\u00f3gicas, con una amplia capacidad de internacionalizaci\u00f3n<\/span>\u00bb.<\/p>","protected":false},"excerpt":{"rendered":"<p>El pasado s\u00e1bado 28 de enero de 2023, durante el Acto de Investidura de Nuevos Doctores y Doctoras del curso 2021\/2022 y de reconocimiento a la investigaci\u00f3n se procedeci\u00f3 al acto de entrega del premio a la Productividad Cient\u00edfica de Grupos de Investigaci\u00f3n de la ULPGC en 2022, en la rama de conocimiento de ingenier\u00eda [&hellip;]<\/p>\n","protected":false},"author":2,"featured_media":2132,"comment_status":"closed","ping_status":"open","sticky":false,"template":"","format":"standard","meta":{"_crdt_document":"","footnotes":""},"categories":[18,14],"tags":[],"class_list":["post-3390","post","type-post","status-publish","format-standard","has-post-thumbnail","hentry","category-noticias","category-noticias-recientes"],"yoast_head":"<!-- This site is optimized with the Yoast SEO plugin v27.4 - https:\/\/yoast.com\/product\/yoast-seo-wordpress\/ -->\n<title>Premio a la productividad cient\u00edfica a un Grupo de Investigaci\u00f3n del IUMA - Instituto Universitario de Microelectr\u00f3nica Aplicada<\/title>\n<meta name=\"robots\" content=\"index, follow, max-snippet:-1, max-image-preview:large, max-video-preview:-1\" \/>\n<link rel=\"canonical\" href=\"https:\/\/www.iuma.ulpgc.es\/en\/premio-a-la-productividad-cientifica-a-un-grupo-de-investigacion-del-iuma\/\" \/>\n<meta property=\"og:locale\" content=\"en_US\" \/>\n<meta property=\"og:type\" content=\"article\" \/>\n<meta property=\"og:title\" content=\"Premio a la productividad cient\u00edfica a un Grupo de Investigaci\u00f3n del IUMA - Instituto Universitario de Microelectr\u00f3nica Aplicada\" \/>\n<meta property=\"og:description\" content=\"El pasado s\u00e1bado 28 de enero de 2023, durante el Acto de Investidura de Nuevos Doctores y Doctoras del curso 2021\/2022 y de reconocimiento a la investigaci\u00f3n se procedeci\u00f3 al acto de entrega del premio a la Productividad Cient\u00edfica de Grupos de Investigaci\u00f3n de la ULPGC en 2022, en la rama de conocimiento de ingenier\u00eda [&hellip;]\" \/>\n<meta property=\"og:url\" content=\"https:\/\/www.iuma.ulpgc.es\/en\/premio-a-la-productividad-cientifica-a-un-grupo-de-investigacion-del-iuma\/\" \/>\n<meta property=\"og:site_name\" content=\"Instituto Universitario de Microelectr\u00f3nica Aplicada\" \/>\n<meta property=\"article:publisher\" content=\"https:\/\/www.facebook.com\/IUMA.ulpgc\" \/>\n<meta property=\"article:published_time\" content=\"2023-01-30T11:22:03+00:00\" \/>\n<meta property=\"article:modified_time\" content=\"2024-01-17T14:00:36+00:00\" \/>\n<meta property=\"og:image\" content=\"https:\/\/www.iuma.ulpgc.es\/wp-content\/uploads\/2021\/01\/GustavoMarrero_r.jpg\" \/>\n\t<meta property=\"og:image:width\" content=\"141\" \/>\n\t<meta property=\"og:image:height\" content=\"194\" \/>\n\t<meta property=\"og:image:type\" content=\"image\/jpeg\" \/>\n<meta name=\"author\" content=\"iuma_wp\" \/>\n<meta name=\"twitter:card\" content=\"summary_large_image\" \/>\n<meta name=\"twitter:creator\" content=\"@iumanews\" \/>\n<meta name=\"twitter:site\" content=\"@iumanews\" \/>\n<meta name=\"twitter:label1\" content=\"Written by\" \/>\n\t<meta name=\"twitter:data1\" content=\"iuma_wp\" \/>\n\t<meta name=\"twitter:label2\" content=\"Est. reading time\" \/>\n\t<meta name=\"twitter:data2\" content=\"1 minute\" \/>\n<script type=\"application\/ld+json\" class=\"yoast-schema-graph\">{\"@context\":\"https:\\\/\\\/schema.org\",\"@graph\":[{\"@type\":\"Article\",\"@id\":\"https:\\\/\\\/www.iuma.ulpgc.es\\\/premio-a-la-productividad-cientifica-a-un-grupo-de-investigacion-del-iuma\\\/#article\",\"isPartOf\":{\"@id\":\"https:\\\/\\\/www.iuma.ulpgc.es\\\/premio-a-la-productividad-cientifica-a-un-grupo-de-investigacion-del-iuma\\\/\"},\"author\":{\"name\":\"iuma_wp\",\"@id\":\"https:\\\/\\\/www.iuma.ulpgc.es\\\/en\\\/#\\\/schema\\\/person\\\/81a1859b6929a5c16615ff26e3b6e8ee\"},\"headline\":\"Premio a la productividad cient\u00edfica a un Grupo de Investigaci\u00f3n del IUMA\",\"datePublished\":\"2023-01-30T11:22:03+00:00\",\"dateModified\":\"2024-01-17T14:00:36+00:00\",\"mainEntityOfPage\":{\"@id\":\"https:\\\/\\\/www.iuma.ulpgc.es\\\/premio-a-la-productividad-cientifica-a-un-grupo-de-investigacion-del-iuma\\\/\"},\"wordCount\":283,\"image\":{\"@id\":\"https:\\\/\\\/www.iuma.ulpgc.es\\\/premio-a-la-productividad-cientifica-a-un-grupo-de-investigacion-del-iuma\\\/#primaryimage\"},\"thumbnailUrl\":\"https:\\\/\\\/www.iuma.ulpgc.es\\\/wp-content\\\/uploads\\\/2021\\\/01\\\/GustavoMarrero_r.jpg\",\"articleSection\":[\"Noticias\",\"Noticias Recientes\"],\"inLanguage\":\"en-US\"},{\"@type\":\"WebPage\",\"@id\":\"https:\\\/\\\/www.iuma.ulpgc.es\\\/premio-a-la-productividad-cientifica-a-un-grupo-de-investigacion-del-iuma\\\/\",\"url\":\"https:\\\/\\\/www.iuma.ulpgc.es\\\/premio-a-la-productividad-cientifica-a-un-grupo-de-investigacion-del-iuma\\\/\",\"name\":\"Premio a la productividad cient\u00edfica a un Grupo de Investigaci\u00f3n del IUMA - Instituto Universitario de Microelectr\u00f3nica Aplicada\",\"isPartOf\":{\"@id\":\"https:\\\/\\\/www.iuma.ulpgc.es\\\/en\\\/#website\"},\"primaryImageOfPage\":{\"@id\":\"https:\\\/\\\/www.iuma.ulpgc.es\\\/premio-a-la-productividad-cientifica-a-un-grupo-de-investigacion-del-iuma\\\/#primaryimage\"},\"image\":{\"@id\":\"https:\\\/\\\/www.iuma.ulpgc.es\\\/premio-a-la-productividad-cientifica-a-un-grupo-de-investigacion-del-iuma\\\/#primaryimage\"},\"thumbnailUrl\":\"https:\\\/\\\/www.iuma.ulpgc.es\\\/wp-content\\\/uploads\\\/2021\\\/01\\\/GustavoMarrero_r.jpg\",\"datePublished\":\"2023-01-30T11:22:03+00:00\",\"dateModified\":\"2024-01-17T14:00:36+00:00\",\"author\":{\"@id\":\"https:\\\/\\\/www.iuma.ulpgc.es\\\/en\\\/#\\\/schema\\\/person\\\/81a1859b6929a5c16615ff26e3b6e8ee\"},\"breadcrumb\":{\"@id\":\"https:\\\/\\\/www.iuma.ulpgc.es\\\/premio-a-la-productividad-cientifica-a-un-grupo-de-investigacion-del-iuma\\\/#breadcrumb\"},\"inLanguage\":\"en-US\",\"potentialAction\":[{\"@type\":\"ReadAction\",\"target\":[\"https:\\\/\\\/www.iuma.ulpgc.es\\\/premio-a-la-productividad-cientifica-a-un-grupo-de-investigacion-del-iuma\\\/\"]}]},{\"@type\":\"ImageObject\",\"inLanguage\":\"en-US\",\"@id\":\"https:\\\/\\\/www.iuma.ulpgc.es\\\/premio-a-la-productividad-cientifica-a-un-grupo-de-investigacion-del-iuma\\\/#primaryimage\",\"url\":\"https:\\\/\\\/www.iuma.ulpgc.es\\\/wp-content\\\/uploads\\\/2021\\\/01\\\/GustavoMarrero_r.jpg\",\"contentUrl\":\"https:\\\/\\\/www.iuma.ulpgc.es\\\/wp-content\\\/uploads\\\/2021\\\/01\\\/GustavoMarrero_r.jpg\",\"width\":141,\"height\":194},{\"@type\":\"BreadcrumbList\",\"@id\":\"https:\\\/\\\/www.iuma.ulpgc.es\\\/premio-a-la-productividad-cientifica-a-un-grupo-de-investigacion-del-iuma\\\/#breadcrumb\",\"itemListElement\":[{\"@type\":\"ListItem\",\"position\":1,\"name\":\"Home\",\"item\":\"https:\\\/\\\/www.iuma.ulpgc.es\\\/\"},{\"@type\":\"ListItem\",\"position\":2,\"name\":\"Premio a la productividad cient\u00edfica a un Grupo de Investigaci\u00f3n del IUMA\"}]},{\"@type\":\"WebSite\",\"@id\":\"https:\\\/\\\/www.iuma.ulpgc.es\\\/en\\\/#website\",\"url\":\"https:\\\/\\\/www.iuma.ulpgc.es\\\/en\\\/\",\"name\":\"Instituto Universitario de Microelectr\u00f3nica Aplicada\",\"description\":\"El IUMA es un centro de I+D+i de la ULPGC\",\"potentialAction\":[{\"@type\":\"SearchAction\",\"target\":{\"@type\":\"EntryPoint\",\"urlTemplate\":\"https:\\\/\\\/www.iuma.ulpgc.es\\\/en\\\/?s={search_term_string}\"},\"query-input\":{\"@type\":\"PropertyValueSpecification\",\"valueRequired\":true,\"valueName\":\"search_term_string\"}}],\"inLanguage\":\"en-US\"},{\"@type\":\"Person\",\"@id\":\"https:\\\/\\\/www.iuma.ulpgc.es\\\/en\\\/#\\\/schema\\\/person\\\/81a1859b6929a5c16615ff26e3b6e8ee\",\"name\":\"iuma_wp\",\"image\":{\"@type\":\"ImageObject\",\"inLanguage\":\"en-US\",\"@id\":\"https:\\\/\\\/secure.gravatar.com\\\/avatar\\\/ccbd849519410dccb67105c8cda7d394ddb5121b44d68e2ebfe71c5f7ce56b0a?s=96&d=mm&r=g\",\"url\":\"https:\\\/\\\/secure.gravatar.com\\\/avatar\\\/ccbd849519410dccb67105c8cda7d394ddb5121b44d68e2ebfe71c5f7ce56b0a?s=96&d=mm&r=g\",\"contentUrl\":\"https:\\\/\\\/secure.gravatar.com\\\/avatar\\\/ccbd849519410dccb67105c8cda7d394ddb5121b44d68e2ebfe71c5f7ce56b0a?s=96&d=mm&r=g\",\"caption\":\"iuma_wp\"},\"url\":\"https:\\\/\\\/www.iuma.ulpgc.es\\\/en\\\/author\\\/iuma_wp\\\/\"}]}<\/script>\n<!-- \/ Yoast SEO plugin. -->","yoast_head_json":{"title":"Premio a la productividad cient\u00edfica a un Grupo de Investigaci\u00f3n del IUMA - Instituto Universitario de Microelectr\u00f3nica Aplicada","robots":{"index":"index","follow":"follow","max-snippet":"max-snippet:-1","max-image-preview":"max-image-preview:large","max-video-preview":"max-video-preview:-1"},"canonical":"https:\/\/www.iuma.ulpgc.es\/en\/premio-a-la-productividad-cientifica-a-un-grupo-de-investigacion-del-iuma\/","og_locale":"en_US","og_type":"article","og_title":"Premio a la productividad cient\u00edfica a un Grupo de Investigaci\u00f3n del IUMA - Instituto Universitario de Microelectr\u00f3nica Aplicada","og_description":"El pasado s\u00e1bado 28 de enero de 2023, durante el Acto de Investidura de Nuevos Doctores y Doctoras del curso 2021\/2022 y de reconocimiento a la investigaci\u00f3n se procedeci\u00f3 al acto de entrega del premio a la Productividad Cient\u00edfica de Grupos de Investigaci\u00f3n de la ULPGC en 2022, en la rama de conocimiento de ingenier\u00eda [&hellip;]","og_url":"https:\/\/www.iuma.ulpgc.es\/en\/premio-a-la-productividad-cientifica-a-un-grupo-de-investigacion-del-iuma\/","og_site_name":"Instituto Universitario de Microelectr\u00f3nica Aplicada","article_publisher":"https:\/\/www.facebook.com\/IUMA.ulpgc","article_published_time":"2023-01-30T11:22:03+00:00","article_modified_time":"2024-01-17T14:00:36+00:00","og_image":[{"width":141,"height":194,"url":"https:\/\/www.iuma.ulpgc.es\/wp-content\/uploads\/2021\/01\/GustavoMarrero_r.jpg","type":"image\/jpeg"}],"author":"iuma_wp","twitter_card":"summary_large_image","twitter_creator":"@iumanews","twitter_site":"@iumanews","twitter_misc":{"Written by":"iuma_wp","Est. reading time":"1 minute"},"schema":{"@context":"https:\/\/schema.org","@graph":[{"@type":"Article","@id":"https:\/\/www.iuma.ulpgc.es\/premio-a-la-productividad-cientifica-a-un-grupo-de-investigacion-del-iuma\/#article","isPartOf":{"@id":"https:\/\/www.iuma.ulpgc.es\/premio-a-la-productividad-cientifica-a-un-grupo-de-investigacion-del-iuma\/"},"author":{"name":"iuma_wp","@id":"https:\/\/www.iuma.ulpgc.es\/en\/#\/schema\/person\/81a1859b6929a5c16615ff26e3b6e8ee"},"headline":"Premio a la productividad cient\u00edfica a un Grupo de Investigaci\u00f3n del IUMA","datePublished":"2023-01-30T11:22:03+00:00","dateModified":"2024-01-17T14:00:36+00:00","mainEntityOfPage":{"@id":"https:\/\/www.iuma.ulpgc.es\/premio-a-la-productividad-cientifica-a-un-grupo-de-investigacion-del-iuma\/"},"wordCount":283,"image":{"@id":"https:\/\/www.iuma.ulpgc.es\/premio-a-la-productividad-cientifica-a-un-grupo-de-investigacion-del-iuma\/#primaryimage"},"thumbnailUrl":"https:\/\/www.iuma.ulpgc.es\/wp-content\/uploads\/2021\/01\/GustavoMarrero_r.jpg","articleSection":["Noticias","Noticias Recientes"],"inLanguage":"en-US"},{"@type":"WebPage","@id":"https:\/\/www.iuma.ulpgc.es\/premio-a-la-productividad-cientifica-a-un-grupo-de-investigacion-del-iuma\/","url":"https:\/\/www.iuma.ulpgc.es\/premio-a-la-productividad-cientifica-a-un-grupo-de-investigacion-del-iuma\/","name":"Premio a la productividad cient\u00edfica a un Grupo de Investigaci\u00f3n del IUMA - Instituto Universitario de Microelectr\u00f3nica Aplicada","isPartOf":{"@id":"https:\/\/www.iuma.ulpgc.es\/en\/#website"},"primaryImageOfPage":{"@id":"https:\/\/www.iuma.ulpgc.es\/premio-a-la-productividad-cientifica-a-un-grupo-de-investigacion-del-iuma\/#primaryimage"},"image":{"@id":"https:\/\/www.iuma.ulpgc.es\/premio-a-la-productividad-cientifica-a-un-grupo-de-investigacion-del-iuma\/#primaryimage"},"thumbnailUrl":"https:\/\/www.iuma.ulpgc.es\/wp-content\/uploads\/2021\/01\/GustavoMarrero_r.jpg","datePublished":"2023-01-30T11:22:03+00:00","dateModified":"2024-01-17T14:00:36+00:00","author":{"@id":"https:\/\/www.iuma.ulpgc.es\/en\/#\/schema\/person\/81a1859b6929a5c16615ff26e3b6e8ee"},"breadcrumb":{"@id":"https:\/\/www.iuma.ulpgc.es\/premio-a-la-productividad-cientifica-a-un-grupo-de-investigacion-del-iuma\/#breadcrumb"},"inLanguage":"en-US","potentialAction":[{"@type":"ReadAction","target":["https:\/\/www.iuma.ulpgc.es\/premio-a-la-productividad-cientifica-a-un-grupo-de-investigacion-del-iuma\/"]}]},{"@type":"ImageObject","inLanguage":"en-US","@id":"https:\/\/www.iuma.ulpgc.es\/premio-a-la-productividad-cientifica-a-un-grupo-de-investigacion-del-iuma\/#primaryimage","url":"https:\/\/www.iuma.ulpgc.es\/wp-content\/uploads\/2021\/01\/GustavoMarrero_r.jpg","contentUrl":"https:\/\/www.iuma.ulpgc.es\/wp-content\/uploads\/2021\/01\/GustavoMarrero_r.jpg","width":141,"height":194},{"@type":"BreadcrumbList","@id":"https:\/\/www.iuma.ulpgc.es\/premio-a-la-productividad-cientifica-a-un-grupo-de-investigacion-del-iuma\/#breadcrumb","itemListElement":[{"@type":"ListItem","position":1,"name":"Home","item":"https:\/\/www.iuma.ulpgc.es\/"},{"@type":"ListItem","position":2,"name":"Premio a la productividad cient\u00edfica a un Grupo de Investigaci\u00f3n del IUMA"}]},{"@type":"WebSite","@id":"https:\/\/www.iuma.ulpgc.es\/en\/#website","url":"https:\/\/www.iuma.ulpgc.es\/en\/","name":"Institute for Applied Microelectronics","description":"El IUMA es un centro de I+D+i de la ULPGC","potentialAction":[{"@type":"SearchAction","target":{"@type":"EntryPoint","urlTemplate":"https:\/\/www.iuma.ulpgc.es\/en\/?s={search_term_string}"},"query-input":{"@type":"PropertyValueSpecification","valueRequired":true,"valueName":"search_term_string"}}],"inLanguage":"en-US"},{"@type":"Person","@id":"https:\/\/www.iuma.ulpgc.es\/en\/#\/schema\/person\/81a1859b6929a5c16615ff26e3b6e8ee","name":"iuma_wp","image":{"@type":"ImageObject","inLanguage":"en-US","@id":"https:\/\/secure.gravatar.com\/avatar\/ccbd849519410dccb67105c8cda7d394ddb5121b44d68e2ebfe71c5f7ce56b0a?s=96&d=mm&r=g","url":"https:\/\/secure.gravatar.com\/avatar\/ccbd849519410dccb67105c8cda7d394ddb5121b44d68e2ebfe71c5f7ce56b0a?s=96&d=mm&r=g","contentUrl":"https:\/\/secure.gravatar.com\/avatar\/ccbd849519410dccb67105c8cda7d394ddb5121b44d68e2ebfe71c5f7ce56b0a?s=96&d=mm&r=g","caption":"iuma_wp"},"url":"https:\/\/www.iuma.ulpgc.es\/en\/author\/iuma_wp\/"}]}},"post_mailing_queue_ids":[],"_links":{"self":[{"href":"https:\/\/www.iuma.ulpgc.es\/en\/wp-json\/wp\/v2\/posts\/3390","targetHints":{"allow":["GET"]}}],"collection":[{"href":"https:\/\/www.iuma.ulpgc.es\/en\/wp-json\/wp\/v2\/posts"}],"about":[{"href":"https:\/\/www.iuma.ulpgc.es\/en\/wp-json\/wp\/v2\/types\/post"}],"author":[{"embeddable":true,"href":"https:\/\/www.iuma.ulpgc.es\/en\/wp-json\/wp\/v2\/users\/2"}],"replies":[{"embeddable":true,"href":"https:\/\/www.iuma.ulpgc.es\/en\/wp-json\/wp\/v2\/comments?post=3390"}],"version-history":[{"count":2,"href":"https:\/\/www.iuma.ulpgc.es\/en\/wp-json\/wp\/v2\/posts\/3390\/revisions"}],"predecessor-version":[{"id":7728,"href":"https:\/\/www.iuma.ulpgc.es\/en\/wp-json\/wp\/v2\/posts\/3390\/revisions\/7728"}],"wp:featuredmedia":[{"embeddable":true,"href":"https:\/\/www.iuma.ulpgc.es\/en\/wp-json\/wp\/v2\/media\/2132"}],"wp:attachment":[{"href":"https:\/\/www.iuma.ulpgc.es\/en\/wp-json\/wp\/v2\/media?parent=3390"}],"wp:term":[{"taxonomy":"category","embeddable":true,"href":"https:\/\/www.iuma.ulpgc.es\/en\/wp-json\/wp\/v2\/categories?post=3390"},{"taxonomy":"post_tag","embeddable":true,"href":"https:\/\/www.iuma.ulpgc.es\/en\/wp-json\/wp\/v2\/tags?post=3390"}],"curies":[{"name":"wp","href":"https:\/\/api.w.org\/{rel}","templated":true}]}}