{"id":3391,"date":"2023-01-30T12:01:17","date_gmt":"2023-01-30T12:01:17","guid":{"rendered":"https:\/\/www.prueba.local\/?p=7720"},"modified":"2024-01-17T13:59:01","modified_gmt":"2024-01-17T13:59:01","slug":"aurelio-vega-reelegido-como-director-del-iuma","status":"publish","type":"post","link":"https:\/\/www.iuma.ulpgc.es\/en\/aurelio-vega-reelegido-como-director-del-iuma\/","title":{"rendered":"Aurelio Vega re-elected as Director of the IUMA"},"content":{"rendered":"<p class=\"wp-block-paragraph\">En la sesi\u00f3n extraordinaria del Consejo del Instituto Universitario de Microelectr\u00f3nica Aplicada (IUMA) celebrada el pasado jueves 26 de enero se ha reelegido al Dr.&nbsp;Aurelio Vega Mart\u00ednez como Director del IUMA para un nuevo mandato de cuatro a\u00f1os.<\/p>\n\n\n\n<p class=\"wp-block-paragraph\">The <a href=\"https:\/\/www.ulpgc.es\/jec2\/elecciones-directora-instituto-universitario-microelectronica-aplicada-iuma-diciembre-2022\">Junta Electoral Central<\/a> ha publicado el acta de escrutinio y el proceso culminar\u00e1 seg\u00fan el calendario electoral publicado el pr\u00f3ximo d\u00eda 3 de febrero de 2023.<\/p>","protected":false},"excerpt":{"rendered":"<p>En la sesi\u00f3n extraordinaria del Consejo del Instituto Universitario de Microelectr\u00f3nica Aplicada (IUMA) celebrada el pasado jueves 26 de enero se ha reelegido al Dr.&nbsp;Aurelio Vega Mart\u00ednez como Director del IUMA para un nuevo mandato de cuatro a\u00f1os. La Junta Electoral Central ha publicado el acta de escrutinio y el proceso culminar\u00e1 seg\u00fan el calendario [&hellip;]<\/p>\n","protected":false},"author":1,"featured_media":2192,"comment_status":"closed","ping_status":"open","sticky":false,"template":"","format":"standard","meta":{"_crdt_document":"","footnotes":""},"categories":[20,18,14],"tags":[],"class_list":["post-3391","post","type-post","status-publish","format-standard","has-post-thumbnail","hentry","category-eventos","category-noticias","category-noticias-recientes"],"yoast_head":"<!-- This site is optimized with the Yoast SEO plugin v27.5 - https:\/\/yoast.com\/product\/yoast-seo-wordpress\/ -->\n<title>Aurelio Vega reelegido como Director del IUMA - Instituto Universitario de Microelectr\u00f3nica Aplicada<\/title>\n<meta name=\"robots\" content=\"index, follow, max-snippet:-1, max-image-preview:large, max-video-preview:-1\" \/>\n<link rel=\"canonical\" href=\"https:\/\/www.iuma.ulpgc.es\/en\/aurelio-vega-reelegido-como-director-del-iuma\/\" \/>\n<meta property=\"og:locale\" content=\"en_US\" \/>\n<meta property=\"og:type\" content=\"article\" \/>\n<meta property=\"og:title\" content=\"Aurelio Vega reelegido como Director del IUMA - Instituto Universitario de Microelectr\u00f3nica Aplicada\" \/>\n<meta property=\"og:description\" content=\"En la sesi\u00f3n extraordinaria del Consejo del Instituto Universitario de Microelectr\u00f3nica Aplicada (IUMA) celebrada el pasado jueves 26 de enero se ha reelegido al Dr.&nbsp;Aurelio Vega Mart\u00ednez como Director del IUMA para un nuevo mandato de cuatro a\u00f1os. La Junta Electoral Central ha publicado el acta de escrutinio y el proceso culminar\u00e1 seg\u00fan el calendario [&hellip;]\" \/>\n<meta property=\"og:url\" content=\"https:\/\/www.iuma.ulpgc.es\/en\/aurelio-vega-reelegido-como-director-del-iuma\/\" \/>\n<meta property=\"og:site_name\" content=\"Instituto Universitario de Microelectr\u00f3nica Aplicada\" \/>\n<meta property=\"article:publisher\" content=\"https:\/\/www.facebook.com\/IUMA.ulpgc\" \/>\n<meta property=\"article:published_time\" content=\"2023-01-30T12:01:17+00:00\" \/>\n<meta property=\"article:modified_time\" content=\"2024-01-17T13:59:01+00:00\" \/>\n<meta property=\"og:image\" content=\"https:\/\/www.iuma.ulpgc.es\/wp-content\/uploads\/2021\/02\/AurelioVega_o.jpg\" \/>\n\t<meta property=\"og:image:width\" content=\"1568\" \/>\n\t<meta property=\"og:image:height\" content=\"2112\" \/>\n\t<meta property=\"og:image:type\" content=\"image\/jpeg\" \/>\n<meta name=\"author\" content=\"wordpress\" \/>\n<meta name=\"twitter:card\" content=\"summary_large_image\" \/>\n<meta name=\"twitter:creator\" content=\"@iumanews\" \/>\n<meta name=\"twitter:site\" content=\"@iumanews\" \/>\n<meta name=\"twitter:label1\" content=\"Written by\" \/>\n\t<meta name=\"twitter:data1\" content=\"wordpress\" \/>\n<script type=\"application\/ld+json\" class=\"yoast-schema-graph\">{\"@context\":\"https:\\\/\\\/schema.org\",\"@graph\":[{\"@type\":\"Article\",\"@id\":\"https:\\\/\\\/www.iuma.ulpgc.es\\\/aurelio-vega-reelegido-como-director-del-iuma\\\/#article\",\"isPartOf\":{\"@id\":\"https:\\\/\\\/www.iuma.ulpgc.es\\\/aurelio-vega-reelegido-como-director-del-iuma\\\/\"},\"author\":{\"name\":\"wordpress\",\"@id\":\"https:\\\/\\\/www.iuma.ulpgc.es\\\/en\\\/#\\\/schema\\\/person\\\/37a33ecac9f83ab10f19329140aca8d8\"},\"headline\":\"Aurelio Vega reelegido como Director del IUMA\",\"datePublished\":\"2023-01-30T12:01:17+00:00\",\"dateModified\":\"2024-01-17T13:59:01+00:00\",\"mainEntityOfPage\":{\"@id\":\"https:\\\/\\\/www.iuma.ulpgc.es\\\/aurelio-vega-reelegido-como-director-del-iuma\\\/\"},\"wordCount\":78,\"image\":{\"@id\":\"https:\\\/\\\/www.iuma.ulpgc.es\\\/aurelio-vega-reelegido-como-director-del-iuma\\\/#primaryimage\"},\"thumbnailUrl\":\"https:\\\/\\\/www.iuma.ulpgc.es\\\/wp-content\\\/uploads\\\/2021\\\/02\\\/AurelioVega_o.jpg\",\"articleSection\":[\"Eventos\",\"Noticias\",\"Noticias Recientes\"],\"inLanguage\":\"en-US\"},{\"@type\":\"WebPage\",\"@id\":\"https:\\\/\\\/www.iuma.ulpgc.es\\\/aurelio-vega-reelegido-como-director-del-iuma\\\/\",\"url\":\"https:\\\/\\\/www.iuma.ulpgc.es\\\/aurelio-vega-reelegido-como-director-del-iuma\\\/\",\"name\":\"Aurelio Vega reelegido como Director del IUMA - Instituto Universitario de Microelectr\u00f3nica Aplicada\",\"isPartOf\":{\"@id\":\"https:\\\/\\\/www.iuma.ulpgc.es\\\/en\\\/#website\"},\"primaryImageOfPage\":{\"@id\":\"https:\\\/\\\/www.iuma.ulpgc.es\\\/aurelio-vega-reelegido-como-director-del-iuma\\\/#primaryimage\"},\"image\":{\"@id\":\"https:\\\/\\\/www.iuma.ulpgc.es\\\/aurelio-vega-reelegido-como-director-del-iuma\\\/#primaryimage\"},\"thumbnailUrl\":\"https:\\\/\\\/www.iuma.ulpgc.es\\\/wp-content\\\/uploads\\\/2021\\\/02\\\/AurelioVega_o.jpg\",\"datePublished\":\"2023-01-30T12:01:17+00:00\",\"dateModified\":\"2024-01-17T13:59:01+00:00\",\"author\":{\"@id\":\"https:\\\/\\\/www.iuma.ulpgc.es\\\/en\\\/#\\\/schema\\\/person\\\/37a33ecac9f83ab10f19329140aca8d8\"},\"breadcrumb\":{\"@id\":\"https:\\\/\\\/www.iuma.ulpgc.es\\\/aurelio-vega-reelegido-como-director-del-iuma\\\/#breadcrumb\"},\"inLanguage\":\"en-US\",\"potentialAction\":[{\"@type\":\"ReadAction\",\"target\":[\"https:\\\/\\\/www.iuma.ulpgc.es\\\/aurelio-vega-reelegido-como-director-del-iuma\\\/\"]}]},{\"@type\":\"ImageObject\",\"inLanguage\":\"en-US\",\"@id\":\"https:\\\/\\\/www.iuma.ulpgc.es\\\/aurelio-vega-reelegido-como-director-del-iuma\\\/#primaryimage\",\"url\":\"https:\\\/\\\/www.iuma.ulpgc.es\\\/wp-content\\\/uploads\\\/2021\\\/02\\\/AurelioVega_o.jpg\",\"contentUrl\":\"https:\\\/\\\/www.iuma.ulpgc.es\\\/wp-content\\\/uploads\\\/2021\\\/02\\\/AurelioVega_o.jpg\",\"width\":1568,\"height\":2112},{\"@type\":\"BreadcrumbList\",\"@id\":\"https:\\\/\\\/www.iuma.ulpgc.es\\\/aurelio-vega-reelegido-como-director-del-iuma\\\/#breadcrumb\",\"itemListElement\":[{\"@type\":\"ListItem\",\"position\":1,\"name\":\"Home\",\"item\":\"https:\\\/\\\/www.iuma.ulpgc.es\\\/\"},{\"@type\":\"ListItem\",\"position\":2,\"name\":\"Aurelio Vega reelegido como Director del IUMA\"}]},{\"@type\":\"WebSite\",\"@id\":\"https:\\\/\\\/www.iuma.ulpgc.es\\\/en\\\/#website\",\"url\":\"https:\\\/\\\/www.iuma.ulpgc.es\\\/en\\\/\",\"name\":\"Instituto Universitario de Microelectr\u00f3nica Aplicada\",\"description\":\"El IUMA es un centro de I+D+i de la ULPGC\",\"potentialAction\":[{\"@type\":\"SearchAction\",\"target\":{\"@type\":\"EntryPoint\",\"urlTemplate\":\"https:\\\/\\\/www.iuma.ulpgc.es\\\/en\\\/?s={search_term_string}\"},\"query-input\":{\"@type\":\"PropertyValueSpecification\",\"valueRequired\":true,\"valueName\":\"search_term_string\"}}],\"inLanguage\":\"en-US\"},{\"@type\":\"Person\",\"@id\":\"https:\\\/\\\/www.iuma.ulpgc.es\\\/en\\\/#\\\/schema\\\/person\\\/37a33ecac9f83ab10f19329140aca8d8\",\"name\":\"wordpress\",\"image\":{\"@type\":\"ImageObject\",\"inLanguage\":\"en-US\",\"@id\":\"https:\\\/\\\/secure.gravatar.com\\\/avatar\\\/df170964f67a2c1ea1f378c66f11bd551d50391502d817967ef2c8c9f2c3ef43?s=96&d=mm&r=g\",\"url\":\"https:\\\/\\\/secure.gravatar.com\\\/avatar\\\/df170964f67a2c1ea1f378c66f11bd551d50391502d817967ef2c8c9f2c3ef43?s=96&d=mm&r=g\",\"contentUrl\":\"https:\\\/\\\/secure.gravatar.com\\\/avatar\\\/df170964f67a2c1ea1f378c66f11bd551d50391502d817967ef2c8c9f2c3ef43?s=96&d=mm&r=g\",\"caption\":\"wordpress\"},\"sameAs\":[\"https:\\\/\\\/www.iuma.ulpgc.es\"],\"url\":\"https:\\\/\\\/www.iuma.ulpgc.es\\\/en\\\/author\\\/wordpress-2\\\/\"}]}<\/script>\n<!-- \/ Yoast SEO plugin. -->","yoast_head_json":{"title":"Aurelio Vega reelegido como Director del IUMA - Instituto Universitario de Microelectr\u00f3nica Aplicada","robots":{"index":"index","follow":"follow","max-snippet":"max-snippet:-1","max-image-preview":"max-image-preview:large","max-video-preview":"max-video-preview:-1"},"canonical":"https:\/\/www.iuma.ulpgc.es\/en\/aurelio-vega-reelegido-como-director-del-iuma\/","og_locale":"en_US","og_type":"article","og_title":"Aurelio Vega reelegido como Director del IUMA - Instituto Universitario de Microelectr\u00f3nica Aplicada","og_description":"En la sesi\u00f3n extraordinaria del Consejo del Instituto Universitario de Microelectr\u00f3nica Aplicada (IUMA) celebrada el pasado jueves 26 de enero se ha reelegido al Dr.&nbsp;Aurelio Vega Mart\u00ednez como Director del IUMA para un nuevo mandato de cuatro a\u00f1os. La Junta Electoral Central ha publicado el acta de escrutinio y el proceso culminar\u00e1 seg\u00fan el calendario [&hellip;]","og_url":"https:\/\/www.iuma.ulpgc.es\/en\/aurelio-vega-reelegido-como-director-del-iuma\/","og_site_name":"Instituto Universitario de Microelectr\u00f3nica Aplicada","article_publisher":"https:\/\/www.facebook.com\/IUMA.ulpgc","article_published_time":"2023-01-30T12:01:17+00:00","article_modified_time":"2024-01-17T13:59:01+00:00","og_image":[{"width":1568,"height":2112,"url":"https:\/\/www.iuma.ulpgc.es\/wp-content\/uploads\/2021\/02\/AurelioVega_o.jpg","type":"image\/jpeg"}],"author":"wordpress","twitter_card":"summary_large_image","twitter_creator":"@iumanews","twitter_site":"@iumanews","twitter_misc":{"Written by":"wordpress"},"schema":{"@context":"https:\/\/schema.org","@graph":[{"@type":"Article","@id":"https:\/\/www.iuma.ulpgc.es\/aurelio-vega-reelegido-como-director-del-iuma\/#article","isPartOf":{"@id":"https:\/\/www.iuma.ulpgc.es\/aurelio-vega-reelegido-como-director-del-iuma\/"},"author":{"name":"wordpress","@id":"https:\/\/www.iuma.ulpgc.es\/en\/#\/schema\/person\/37a33ecac9f83ab10f19329140aca8d8"},"headline":"Aurelio Vega reelegido como Director del IUMA","datePublished":"2023-01-30T12:01:17+00:00","dateModified":"2024-01-17T13:59:01+00:00","mainEntityOfPage":{"@id":"https:\/\/www.iuma.ulpgc.es\/aurelio-vega-reelegido-como-director-del-iuma\/"},"wordCount":78,"image":{"@id":"https:\/\/www.iuma.ulpgc.es\/aurelio-vega-reelegido-como-director-del-iuma\/#primaryimage"},"thumbnailUrl":"https:\/\/www.iuma.ulpgc.es\/wp-content\/uploads\/2021\/02\/AurelioVega_o.jpg","articleSection":["Eventos","Noticias","Noticias Recientes"],"inLanguage":"en-US"},{"@type":"WebPage","@id":"https:\/\/www.iuma.ulpgc.es\/aurelio-vega-reelegido-como-director-del-iuma\/","url":"https:\/\/www.iuma.ulpgc.es\/aurelio-vega-reelegido-como-director-del-iuma\/","name":"Aurelio Vega reelegido como Director del IUMA - Instituto Universitario de Microelectr\u00f3nica Aplicada","isPartOf":{"@id":"https:\/\/www.iuma.ulpgc.es\/en\/#website"},"primaryImageOfPage":{"@id":"https:\/\/www.iuma.ulpgc.es\/aurelio-vega-reelegido-como-director-del-iuma\/#primaryimage"},"image":{"@id":"https:\/\/www.iuma.ulpgc.es\/aurelio-vega-reelegido-como-director-del-iuma\/#primaryimage"},"thumbnailUrl":"https:\/\/www.iuma.ulpgc.es\/wp-content\/uploads\/2021\/02\/AurelioVega_o.jpg","datePublished":"2023-01-30T12:01:17+00:00","dateModified":"2024-01-17T13:59:01+00:00","author":{"@id":"https:\/\/www.iuma.ulpgc.es\/en\/#\/schema\/person\/37a33ecac9f83ab10f19329140aca8d8"},"breadcrumb":{"@id":"https:\/\/www.iuma.ulpgc.es\/aurelio-vega-reelegido-como-director-del-iuma\/#breadcrumb"},"inLanguage":"en-US","potentialAction":[{"@type":"ReadAction","target":["https:\/\/www.iuma.ulpgc.es\/aurelio-vega-reelegido-como-director-del-iuma\/"]}]},{"@type":"ImageObject","inLanguage":"en-US","@id":"https:\/\/www.iuma.ulpgc.es\/aurelio-vega-reelegido-como-director-del-iuma\/#primaryimage","url":"https:\/\/www.iuma.ulpgc.es\/wp-content\/uploads\/2021\/02\/AurelioVega_o.jpg","contentUrl":"https:\/\/www.iuma.ulpgc.es\/wp-content\/uploads\/2021\/02\/AurelioVega_o.jpg","width":1568,"height":2112},{"@type":"BreadcrumbList","@id":"https:\/\/www.iuma.ulpgc.es\/aurelio-vega-reelegido-como-director-del-iuma\/#breadcrumb","itemListElement":[{"@type":"ListItem","position":1,"name":"Home","item":"https:\/\/www.iuma.ulpgc.es\/"},{"@type":"ListItem","position":2,"name":"Aurelio Vega reelegido como Director del IUMA"}]},{"@type":"WebSite","@id":"https:\/\/www.iuma.ulpgc.es\/en\/#website","url":"https:\/\/www.iuma.ulpgc.es\/en\/","name":"Institute for Applied Microelectronics","description":"El IUMA es un centro de I+D+i de la ULPGC","potentialAction":[{"@type":"SearchAction","target":{"@type":"EntryPoint","urlTemplate":"https:\/\/www.iuma.ulpgc.es\/en\/?s={search_term_string}"},"query-input":{"@type":"PropertyValueSpecification","valueRequired":true,"valueName":"search_term_string"}}],"inLanguage":"en-US"},{"@type":"Person","@id":"https:\/\/www.iuma.ulpgc.es\/en\/#\/schema\/person\/37a33ecac9f83ab10f19329140aca8d8","name":"wordpress","image":{"@type":"ImageObject","inLanguage":"en-US","@id":"https:\/\/secure.gravatar.com\/avatar\/df170964f67a2c1ea1f378c66f11bd551d50391502d817967ef2c8c9f2c3ef43?s=96&d=mm&r=g","url":"https:\/\/secure.gravatar.com\/avatar\/df170964f67a2c1ea1f378c66f11bd551d50391502d817967ef2c8c9f2c3ef43?s=96&d=mm&r=g","contentUrl":"https:\/\/secure.gravatar.com\/avatar\/df170964f67a2c1ea1f378c66f11bd551d50391502d817967ef2c8c9f2c3ef43?s=96&d=mm&r=g","caption":"wordpress"},"sameAs":["https:\/\/www.iuma.ulpgc.es"],"url":"https:\/\/www.iuma.ulpgc.es\/en\/author\/wordpress-2\/"}]}},"post_mailing_queue_ids":[],"_links":{"self":[{"href":"https:\/\/www.iuma.ulpgc.es\/en\/wp-json\/wp\/v2\/posts\/3391","targetHints":{"allow":["GET"]}}],"collection":[{"href":"https:\/\/www.iuma.ulpgc.es\/en\/wp-json\/wp\/v2\/posts"}],"about":[{"href":"https:\/\/www.iuma.ulpgc.es\/en\/wp-json\/wp\/v2\/types\/post"}],"author":[{"embeddable":true,"href":"https:\/\/www.iuma.ulpgc.es\/en\/wp-json\/wp\/v2\/users\/1"}],"replies":[{"embeddable":true,"href":"https:\/\/www.iuma.ulpgc.es\/en\/wp-json\/wp\/v2\/comments?post=3391"}],"version-history":[{"count":1,"href":"https:\/\/www.iuma.ulpgc.es\/en\/wp-json\/wp\/v2\/posts\/3391\/revisions"}],"predecessor-version":[{"id":7726,"href":"https:\/\/www.iuma.ulpgc.es\/en\/wp-json\/wp\/v2\/posts\/3391\/revisions\/7726"}],"wp:featuredmedia":[{"embeddable":true,"href":"https:\/\/www.iuma.ulpgc.es\/en\/wp-json\/wp\/v2\/media\/2192"}],"wp:attachment":[{"href":"https:\/\/www.iuma.ulpgc.es\/en\/wp-json\/wp\/v2\/media?parent=3391"}],"wp:term":[{"taxonomy":"category","embeddable":true,"href":"https:\/\/www.iuma.ulpgc.es\/en\/wp-json\/wp\/v2\/categories?post=3391"},{"taxonomy":"post_tag","embeddable":true,"href":"https:\/\/www.iuma.ulpgc.es\/en\/wp-json\/wp\/v2\/tags?post=3391"}],"curies":[{"name":"wp","href":"https:\/\/api.w.org\/{rel}","templated":true}]}}