{"id":8431,"date":"2024-03-08T09:44:00","date_gmt":"2024-03-08T09:44:00","guid":{"rendered":"https:\/\/www.iuma.ulpgc.es\/?p=8431"},"modified":"2024-04-17T19:47:57","modified_gmt":"2024-04-17T19:47:57","slug":"kick-off-meeting-proyecto-stratum","status":"publish","type":"post","link":"https:\/\/www.iuma.ulpgc.es\/en\/kick-off-meeting-proyecto-stratum\/","title":{"rendered":"The ULPGC celebrates the kick-off meeting of the European STRATUM Project"},"content":{"rendered":"<div class=\"wp-block-image\">\n<figure data-wp-context=\"{&quot;imageId&quot;:&quot;69f26dd5c1c06&quot;}\" data-wp-interactive=\"core\/image\" data-wp-key=\"69f26dd5c1c06\" class=\"alignleft size-medium is-resized wp-lightbox-container\"><img loading=\"lazy\" decoding=\"async\" width=\"300\" height=\"240\" data-wp-class--hide=\"state.isContentHidden\" data-wp-class--show=\"state.isContentVisible\" data-wp-init=\"callbacks.setButtonStyles\" data-wp-on--click=\"actions.showLightbox\" data-wp-on--load=\"callbacks.setButtonStyles\" data-wp-on--pointerdown=\"actions.preloadImage\" data-wp-on--pointerenter=\"actions.preloadImageWithDelay\" data-wp-on--pointerleave=\"actions.cancelPreload\" data-wp-on-window--resize=\"callbacks.setButtonStyles\" src=\"https:\/\/www.iuma.ulpgc.es\/wp-content\/uploads\/2024\/03\/stratum-kick-off-1-300x240.jpg\" alt=\"\" class=\"wp-image-8432\" style=\"width:300px\" srcset=\"https:\/\/www.iuma.ulpgc.es\/wp-content\/uploads\/2024\/03\/stratum-kick-off-1-300x240.jpg 300w, https:\/\/www.iuma.ulpgc.es\/wp-content\/uploads\/2024\/03\/stratum-kick-off-1-15x12.jpg 15w, https:\/\/www.iuma.ulpgc.es\/wp-content\/uploads\/2024\/03\/stratum-kick-off-1.jpg 634w\" sizes=\"auto, (max-width: 300px) 100vw, 300px\" \/><button\n\t\t\tclass=\"lightbox-trigger\"\n\t\t\ttype=\"button\"\n\t\t\taria-haspopup=\"dialog\"\n\t\t\tdata-wp-bind--aria-label=\"state.thisImage.triggerButtonAriaLabel\"\n\t\t\tdata-wp-init=\"callbacks.initTriggerButton\"\n\t\t\tdata-wp-on--click=\"actions.showLightbox\"\n\t\t\tdata-wp-style--right=\"state.thisImage.buttonRight\"\n\t\t\tdata-wp-style--top=\"state.thisImage.buttonTop\"\n\t\t>\n\t\t\t<svg xmlns=\"http:\/\/www.w3.org\/2000\/svg\" width=\"12\" height=\"12\" fill=\"none\" viewbox=\"0 0 12 12\">\n\t\t\t\t<path fill=\"#fff\" d=\"M2 0a2 2 0 0 0-2 2v2h1.5V2a.5.5 0 0 1 .5-.5h2V0H2Zm2 10.5H2a.5.5 0 0 1-.5-.5V8H0v2a2 2 0 0 0 2 2h2v-1.5ZM8 12v-1.5h2a.5.5 0 0 0 .5-.5V8H12v2a2 2 0 0 1-2 2H8Zm2-12a2 2 0 0 1 2 2v2h-1.5V2a.5.5 0 0 0-.5-.5H8V0h2Z\" \/>\n\t\t\t<\/svg>\n\t\t<\/button><\/figure>\n<\/div>\n\n\n<p class=\"wp-block-paragraph\">On February 26 and 27, the Institutional Headquarters of the University of Las Palmas de Gran Canaria (ULPGC) held the\u00a0<em>kick-off meeting<\/em>\u00a0of the project\u00a0<a href=\"https:\/\/cordis.europa.eu\/project\/id\/101137416\">STRATUM<\/a>\u00a0(<em>3D Decision Support Tool for Brain Tumor Surgery<\/em>), financed by the European Commission through the Program\u00a0<em>Horizon Europe,<\/em>\u00a0with a total of 10.7 million euros. It is coordinated by the ULPGC research institutes\u00a0<a href=\"https:\/\/www.iuma.ulpgc.es\/en\/\" data-type=\"page\" data-id=\"438\">Institute for Applied Microelectronics (IUMA)<\/a>\u00a0and\u00a0<a href=\"https:\/\/www.iuibs.ulpgc.es\/\">University Institute of Biomedical and Health Research (iUIBS)<\/a>.<\/p>\n\n\n\n<p class=\"wp-block-paragraph\">The ULPGC professor, Dr. Gustavo Marrero Callic\u00f3, project coordinator, and Dr. Himar Fabelo, deputy coordinator of the project, led this meeting, where the bases and objectives of the project were established. During the meeting, the main partners of the consortium discussed the roles and responsibilities of each entity involved, as well as the deadlines and objectives of the project.<\/p>\n\n\n\n<p class=\"wp-block-paragraph\">The partners participating in the consortium to develop the project include the Canary Islands Foundation Health Research Institute of the Canary Islands (FIISC) belonging to the Canary Islands Health Service (Spain), the&nbsp;<em>Technische Universiteit Eindhoven<\/em>&nbsp;(Netherlands), the&nbsp;<em>Karolinska University Hospital<\/em>&nbsp;(Sweden), the Barcelona Supercomputing Center (Spain), the company SAS UPMEM (France), the&nbsp;<em>University of the Studies of Pavia&nbsp;<\/em>(Italy), the Polytechnic University of Madrid (Spain), the 12 de Octubre University Hospital (Spain), the&nbsp;<em>Rheinland-Pfalzische Technische Universitat<\/em>&nbsp;(Germany), the company OPTOMIC (Spain) and the&nbsp;<em>European Citizen Science Association<\/em>&nbsp;(Germany).<\/p>\n\n\n<div class=\"wp-block-image\">\n<figure data-wp-context=\"{&quot;imageId&quot;:&quot;69f26dd5c2018&quot;}\" data-wp-interactive=\"core\/image\" data-wp-key=\"69f26dd5c2018\" class=\"aligncenter size-large wp-lightbox-container\"><img loading=\"lazy\" decoding=\"async\" width=\"1024\" height=\"459\" data-wp-class--hide=\"state.isContentHidden\" data-wp-class--show=\"state.isContentVisible\" data-wp-init=\"callbacks.setButtonStyles\" data-wp-on--click=\"actions.showLightbox\" data-wp-on--load=\"callbacks.setButtonStyles\" data-wp-on--pointerdown=\"actions.preloadImage\" data-wp-on--pointerenter=\"actions.preloadImageWithDelay\" data-wp-on--pointerleave=\"actions.cancelPreload\" data-wp-on-window--resize=\"callbacks.setButtonStyles\" src=\"https:\/\/www.iuma.ulpgc.es\/wp-content\/uploads\/2024\/03\/stratum-kick-off-2-1024x459.jpg\" alt=\"\" class=\"wp-image-8433\" srcset=\"https:\/\/www.iuma.ulpgc.es\/wp-content\/uploads\/2024\/03\/stratum-kick-off-2-1024x459.jpg 1024w, https:\/\/www.iuma.ulpgc.es\/wp-content\/uploads\/2024\/03\/stratum-kick-off-2-300x134.jpg 300w, https:\/\/www.iuma.ulpgc.es\/wp-content\/uploads\/2024\/03\/stratum-kick-off-2-768x344.jpg 768w, https:\/\/www.iuma.ulpgc.es\/wp-content\/uploads\/2024\/03\/stratum-kick-off-2-1536x688.jpg 1536w, https:\/\/www.iuma.ulpgc.es\/wp-content\/uploads\/2024\/03\/stratum-kick-off-2-18x8.jpg 18w, https:\/\/www.iuma.ulpgc.es\/wp-content\/uploads\/2024\/03\/stratum-kick-off-2.jpg 2048w\" sizes=\"auto, (max-width: 1024px) 100vw, 1024px\" \/><button\n\t\t\tclass=\"lightbox-trigger\"\n\t\t\ttype=\"button\"\n\t\t\taria-haspopup=\"dialog\"\n\t\t\tdata-wp-bind--aria-label=\"state.thisImage.triggerButtonAriaLabel\"\n\t\t\tdata-wp-init=\"callbacks.initTriggerButton\"\n\t\t\tdata-wp-on--click=\"actions.showLightbox\"\n\t\t\tdata-wp-style--right=\"state.thisImage.buttonRight\"\n\t\t\tdata-wp-style--top=\"state.thisImage.buttonTop\"\n\t\t>\n\t\t\t<svg xmlns=\"http:\/\/www.w3.org\/2000\/svg\" width=\"12\" height=\"12\" fill=\"none\" viewbox=\"0 0 12 12\">\n\t\t\t\t<path fill=\"#fff\" d=\"M2 0a2 2 0 0 0-2 2v2h1.5V2a.5.5 0 0 1 .5-.5h2V0H2Zm2 10.5H2a.5.5 0 0 1-.5-.5V8H0v2a2 2 0 0 0 2 2h2v-1.5ZM8 12v-1.5h2a.5.5 0 0 0 .5-.5V8H12v2a2 2 0 0 1-2 2H8Zm2-12a2 2 0 0 1 2 2v2h-1.5V2a.5.5 0 0 0-.5-.5H8V0h2Z\" \/>\n\t\t\t<\/svg>\n\t\t<\/button><\/figure>\n<\/div>\n\n\n<p class=\"wp-block-paragraph\">This meeting marks the beginning of a collaborative and interdisciplinary process for the development of a 3D imaging system using artificial intelligence technology, with the objective of reaching a level of technological maturity TRL7 (Complete system\/prototype demonstrated in an operational environment). This innovative tool is expected to provide neurosurgeons with the ability to make informed and accurate decisions during surgical interventions, thereby improving the care and treatment of patients with brain tumors.<\/p>\n\n\n\n<div style=\"height:12px\" aria-hidden=\"true\" class=\"wp-block-spacer\"><\/div>\n\n\n<div class=\"wp-block-image\">\n<figure data-wp-context=\"{&quot;imageId&quot;:&quot;69f26dd5c2375&quot;}\" data-wp-interactive=\"core\/image\" data-wp-key=\"69f26dd5c2375\" class=\"alignleft size-medium wp-lightbox-container\"><img loading=\"lazy\" decoding=\"async\" width=\"300\" height=\"55\" data-wp-class--hide=\"state.isContentHidden\" data-wp-class--show=\"state.isContentVisible\" data-wp-init=\"callbacks.setButtonStyles\" data-wp-on--click=\"actions.showLightbox\" data-wp-on--load=\"callbacks.setButtonStyles\" data-wp-on--pointerdown=\"actions.preloadImage\" data-wp-on--pointerenter=\"actions.preloadImageWithDelay\" data-wp-on--pointerleave=\"actions.cancelPreload\" data-wp-on-window--resize=\"callbacks.setButtonStyles\" src=\"https:\/\/www.iuma.ulpgc.es\/wp-content\/uploads\/2024\/03\/stratum-logo-25-300x55.png\" alt=\"\" class=\"wp-image-8397\" srcset=\"https:\/\/www.iuma.ulpgc.es\/wp-content\/uploads\/2024\/03\/stratum-logo-25-300x55.png 300w, https:\/\/www.iuma.ulpgc.es\/wp-content\/uploads\/2024\/03\/stratum-logo-25-768x141.png 768w, https:\/\/www.iuma.ulpgc.es\/wp-content\/uploads\/2024\/03\/stratum-logo-25-18x3.png 18w, https:\/\/www.iuma.ulpgc.es\/wp-content\/uploads\/2024\/03\/stratum-logo-25.png 907w\" sizes=\"auto, (max-width: 300px) 100vw, 300px\" \/><button\n\t\t\tclass=\"lightbox-trigger\"\n\t\t\ttype=\"button\"\n\t\t\taria-haspopup=\"dialog\"\n\t\t\tdata-wp-bind--aria-label=\"state.thisImage.triggerButtonAriaLabel\"\n\t\t\tdata-wp-init=\"callbacks.initTriggerButton\"\n\t\t\tdata-wp-on--click=\"actions.showLightbox\"\n\t\t\tdata-wp-style--right=\"state.thisImage.buttonRight\"\n\t\t\tdata-wp-style--top=\"state.thisImage.buttonTop\"\n\t\t>\n\t\t\t<svg xmlns=\"http:\/\/www.w3.org\/2000\/svg\" width=\"12\" height=\"12\" fill=\"none\" viewbox=\"0 0 12 12\">\n\t\t\t\t<path fill=\"#fff\" d=\"M2 0a2 2 0 0 0-2 2v2h1.5V2a.5.5 0 0 1 .5-.5h2V0H2Zm2 10.5H2a.5.5 0 0 1-.5-.5V8H0v2a2 2 0 0 0 2 2h2v-1.5ZM8 12v-1.5h2a.5.5 0 0 0 .5-.5V8H12v2a2 2 0 0 1-2 2H8Zm2-12a2 2 0 0 1 2 2v2h-1.5V2a.5.5 0 0 0-.5-.5H8V0h2Z\" \/>\n\t\t\t<\/svg>\n\t\t<\/button><\/figure>\n<\/div>\n\n<div class=\"wp-block-image\">\n<figure data-wp-context=\"{&quot;imageId&quot;:&quot;69f26dd5c2685&quot;}\" data-wp-interactive=\"core\/image\" data-wp-key=\"69f26dd5c2685\" class=\"alignright size-medium wp-lightbox-container\"><img loading=\"lazy\" decoding=\"async\" width=\"300\" height=\"82\" data-wp-class--hide=\"state.isContentHidden\" data-wp-class--show=\"state.isContentVisible\" data-wp-init=\"callbacks.setButtonStyles\" data-wp-on--click=\"actions.showLightbox\" data-wp-on--load=\"callbacks.setButtonStyles\" data-wp-on--pointerdown=\"actions.preloadImage\" data-wp-on--pointerenter=\"actions.preloadImageWithDelay\" data-wp-on--pointerleave=\"actions.cancelPreload\" data-wp-on-window--resize=\"callbacks.setButtonStyles\" src=\"https:\/\/www.iuma.ulpgc.es\/wp-content\/uploads\/2024\/03\/STRATUM-neurocirugia-300x82.png\" alt=\"\" class=\"wp-image-8396\" srcset=\"https:\/\/www.iuma.ulpgc.es\/wp-content\/uploads\/2024\/03\/STRATUM-neurocirugia-300x82.png 300w, https:\/\/www.iuma.ulpgc.es\/wp-content\/uploads\/2024\/03\/STRATUM-neurocirugia-1024x279.png 1024w, https:\/\/www.iuma.ulpgc.es\/wp-content\/uploads\/2024\/03\/STRATUM-neurocirugia-768x209.png 768w, https:\/\/www.iuma.ulpgc.es\/wp-content\/uploads\/2024\/03\/STRATUM-neurocirugia-18x5.png 18w, https:\/\/www.iuma.ulpgc.es\/wp-content\/uploads\/2024\/03\/STRATUM-neurocirugia.png 1342w\" sizes=\"auto, (max-width: 300px) 100vw, 300px\" \/><button\n\t\t\tclass=\"lightbox-trigger\"\n\t\t\ttype=\"button\"\n\t\t\taria-haspopup=\"dialog\"\n\t\t\tdata-wp-bind--aria-label=\"state.thisImage.triggerButtonAriaLabel\"\n\t\t\tdata-wp-init=\"callbacks.initTriggerButton\"\n\t\t\tdata-wp-on--click=\"actions.showLightbox\"\n\t\t\tdata-wp-style--right=\"state.thisImage.buttonRight\"\n\t\t\tdata-wp-style--top=\"state.thisImage.buttonTop\"\n\t\t>\n\t\t\t<svg xmlns=\"http:\/\/www.w3.org\/2000\/svg\" width=\"12\" height=\"12\" fill=\"none\" viewbox=\"0 0 12 12\">\n\t\t\t\t<path fill=\"#fff\" d=\"M2 0a2 2 0 0 0-2 2v2h1.5V2a.5.5 0 0 1 .5-.5h2V0H2Zm2 10.5H2a.5.5 0 0 1-.5-.5V8H0v2a2 2 0 0 0 2 2h2v-1.5ZM8 12v-1.5h2a.5.5 0 0 0 .5-.5V8H12v2a2 2 0 0 1-2 2H8Zm2-12a2 2 0 0 1 2 2v2h-1.5V2a.5.5 0 0 0-.5-.5H8V0h2Z\" \/>\n\t\t\t<\/svg>\n\t\t<\/button><\/figure>\n<\/div>","protected":false},"excerpt":{"rendered":"<p>Los d\u00edas 26 y 27 de febrero se celebr\u00f3 en la Sede Institucional de la Universidad de Las Palmas de Gran Canaria (ULPGC) el\u00a0kick-off meeting\u00a0del proyecto\u00a0STRATUM\u00a0(3D Decision Support Tool for Brain Tumor Surgery), financiado por la Comisi\u00f3n Europea a trav\u00e9s del Programa\u00a0Horizon Europe,\u00a0con un total de 10,7 millones de euros. Est\u00e1 coordinado por los institutos [&hellip;]<\/p>\n","protected":false},"author":1,"featured_media":8434,"comment_status":"closed","ping_status":"open","sticky":false,"template":"","format":"standard","meta":{"_crdt_document":"","footnotes":""},"categories":[18,14],"tags":[],"class_list":["post-8431","post","type-post","status-publish","format-standard","has-post-thumbnail","hentry","category-noticias","category-noticias-recientes"],"yoast_head":"<!-- This site is optimized with the Yoast SEO plugin v27.5 - https:\/\/yoast.com\/product\/yoast-seo-wordpress\/ -->\n<title>La ULPGC celebra el kick-off meeting del Proyecto Europeo STRATUM - Instituto Universitario de Microelectr\u00f3nica Aplicada<\/title>\n<meta name=\"robots\" content=\"index, follow, max-snippet:-1, max-image-preview:large, max-video-preview:-1\" \/>\n<link rel=\"canonical\" href=\"https:\/\/www.iuma.ulpgc.es\/en\/kick-off-meeting-proyecto-stratum\/\" \/>\n<meta property=\"og:locale\" content=\"en_US\" \/>\n<meta property=\"og:type\" content=\"article\" \/>\n<meta property=\"og:title\" content=\"La ULPGC celebra el kick-off meeting del Proyecto Europeo STRATUM - Instituto Universitario de Microelectr\u00f3nica Aplicada\" \/>\n<meta property=\"og:description\" content=\"Los d\u00edas 26 y 27 de febrero se celebr\u00f3 en la Sede Institucional de la Universidad de Las Palmas de Gran Canaria (ULPGC) el\u00a0kick-off meeting\u00a0del proyecto\u00a0STRATUM\u00a0(3D Decision Support Tool for Brain Tumor Surgery), financiado por la Comisi\u00f3n Europea a trav\u00e9s del Programa\u00a0Horizon Europe,\u00a0con un total de 10,7 millones de euros. Est\u00e1 coordinado por los institutos [&hellip;]\" \/>\n<meta property=\"og:url\" content=\"https:\/\/www.iuma.ulpgc.es\/en\/kick-off-meeting-proyecto-stratum\/\" \/>\n<meta property=\"og:site_name\" content=\"Instituto Universitario de Microelectr\u00f3nica Aplicada\" \/>\n<meta property=\"article:publisher\" content=\"https:\/\/www.facebook.com\/IUMA.ulpgc\" \/>\n<meta property=\"article:published_time\" content=\"2024-03-08T09:44:00+00:00\" \/>\n<meta property=\"article:modified_time\" content=\"2024-04-17T19:47:57+00:00\" \/>\n<meta property=\"og:image\" content=\"https:\/\/www.iuma.ulpgc.es\/wp-content\/uploads\/2024\/03\/stratum-logo-vertical.png\" \/>\n\t<meta property=\"og:image:width\" content=\"1300\" \/>\n\t<meta property=\"og:image:height\" content=\"683\" \/>\n\t<meta property=\"og:image:type\" content=\"image\/png\" \/>\n<meta name=\"author\" content=\"wordpress\" \/>\n<meta name=\"twitter:card\" content=\"summary_large_image\" \/>\n<meta name=\"twitter:creator\" content=\"@iumanews\" \/>\n<meta name=\"twitter:site\" content=\"@iumanews\" \/>\n<meta name=\"twitter:label1\" content=\"Written by\" \/>\n\t<meta name=\"twitter:data1\" content=\"wordpress\" \/>\n\t<meta name=\"twitter:label2\" content=\"Est. reading time\" \/>\n\t<meta name=\"twitter:data2\" content=\"2 minutes\" \/>\n<script type=\"application\/ld+json\" class=\"yoast-schema-graph\">{\"@context\":\"https:\\\/\\\/schema.org\",\"@graph\":[{\"@type\":\"Article\",\"@id\":\"https:\\\/\\\/www.iuma.ulpgc.es\\\/kick-off-meeting-proyecto-stratum\\\/#article\",\"isPartOf\":{\"@id\":\"https:\\\/\\\/www.iuma.ulpgc.es\\\/kick-off-meeting-proyecto-stratum\\\/\"},\"author\":{\"name\":\"wordpress\",\"@id\":\"https:\\\/\\\/www.iuma.ulpgc.es\\\/en\\\/#\\\/schema\\\/person\\\/37a33ecac9f83ab10f19329140aca8d8\"},\"headline\":\"La ULPGC celebra el kick-off meeting del Proyecto Europeo STRATUM\",\"datePublished\":\"2024-03-08T09:44:00+00:00\",\"dateModified\":\"2024-04-17T19:47:57+00:00\",\"mainEntityOfPage\":{\"@id\":\"https:\\\/\\\/www.iuma.ulpgc.es\\\/kick-off-meeting-proyecto-stratum\\\/\"},\"wordCount\":348,\"image\":{\"@id\":\"https:\\\/\\\/www.iuma.ulpgc.es\\\/kick-off-meeting-proyecto-stratum\\\/#primaryimage\"},\"thumbnailUrl\":\"https:\\\/\\\/www.iuma.ulpgc.es\\\/wp-content\\\/uploads\\\/2024\\\/03\\\/stratum-logo-vertical.png\",\"articleSection\":[\"Noticias\",\"Noticias Recientes\"],\"inLanguage\":\"en-US\"},{\"@type\":\"WebPage\",\"@id\":\"https:\\\/\\\/www.iuma.ulpgc.es\\\/kick-off-meeting-proyecto-stratum\\\/\",\"url\":\"https:\\\/\\\/www.iuma.ulpgc.es\\\/kick-off-meeting-proyecto-stratum\\\/\",\"name\":\"La ULPGC celebra el kick-off meeting del Proyecto Europeo STRATUM - Instituto Universitario de Microelectr\u00f3nica Aplicada\",\"isPartOf\":{\"@id\":\"https:\\\/\\\/www.iuma.ulpgc.es\\\/en\\\/#website\"},\"primaryImageOfPage\":{\"@id\":\"https:\\\/\\\/www.iuma.ulpgc.es\\\/kick-off-meeting-proyecto-stratum\\\/#primaryimage\"},\"image\":{\"@id\":\"https:\\\/\\\/www.iuma.ulpgc.es\\\/kick-off-meeting-proyecto-stratum\\\/#primaryimage\"},\"thumbnailUrl\":\"https:\\\/\\\/www.iuma.ulpgc.es\\\/wp-content\\\/uploads\\\/2024\\\/03\\\/stratum-logo-vertical.png\",\"datePublished\":\"2024-03-08T09:44:00+00:00\",\"dateModified\":\"2024-04-17T19:47:57+00:00\",\"author\":{\"@id\":\"https:\\\/\\\/www.iuma.ulpgc.es\\\/en\\\/#\\\/schema\\\/person\\\/37a33ecac9f83ab10f19329140aca8d8\"},\"breadcrumb\":{\"@id\":\"https:\\\/\\\/www.iuma.ulpgc.es\\\/kick-off-meeting-proyecto-stratum\\\/#breadcrumb\"},\"inLanguage\":\"en-US\",\"potentialAction\":[{\"@type\":\"ReadAction\",\"target\":[\"https:\\\/\\\/www.iuma.ulpgc.es\\\/kick-off-meeting-proyecto-stratum\\\/\"]}]},{\"@type\":\"ImageObject\",\"inLanguage\":\"en-US\",\"@id\":\"https:\\\/\\\/www.iuma.ulpgc.es\\\/kick-off-meeting-proyecto-stratum\\\/#primaryimage\",\"url\":\"https:\\\/\\\/www.iuma.ulpgc.es\\\/wp-content\\\/uploads\\\/2024\\\/03\\\/stratum-logo-vertical.png\",\"contentUrl\":\"https:\\\/\\\/www.iuma.ulpgc.es\\\/wp-content\\\/uploads\\\/2024\\\/03\\\/stratum-logo-vertical.png\",\"width\":1300,\"height\":683},{\"@type\":\"BreadcrumbList\",\"@id\":\"https:\\\/\\\/www.iuma.ulpgc.es\\\/kick-off-meeting-proyecto-stratum\\\/#breadcrumb\",\"itemListElement\":[{\"@type\":\"ListItem\",\"position\":1,\"name\":\"Home\",\"item\":\"https:\\\/\\\/www.iuma.ulpgc.es\\\/\"},{\"@type\":\"ListItem\",\"position\":2,\"name\":\"La ULPGC celebra el kick-off meeting del Proyecto Europeo STRATUM\"}]},{\"@type\":\"WebSite\",\"@id\":\"https:\\\/\\\/www.iuma.ulpgc.es\\\/en\\\/#website\",\"url\":\"https:\\\/\\\/www.iuma.ulpgc.es\\\/en\\\/\",\"name\":\"Instituto Universitario de Microelectr\u00f3nica Aplicada\",\"description\":\"El IUMA es un centro de I+D+i de la ULPGC\",\"potentialAction\":[{\"@type\":\"SearchAction\",\"target\":{\"@type\":\"EntryPoint\",\"urlTemplate\":\"https:\\\/\\\/www.iuma.ulpgc.es\\\/en\\\/?s={search_term_string}\"},\"query-input\":{\"@type\":\"PropertyValueSpecification\",\"valueRequired\":true,\"valueName\":\"search_term_string\"}}],\"inLanguage\":\"en-US\"},{\"@type\":\"Person\",\"@id\":\"https:\\\/\\\/www.iuma.ulpgc.es\\\/en\\\/#\\\/schema\\\/person\\\/37a33ecac9f83ab10f19329140aca8d8\",\"name\":\"wordpress\",\"image\":{\"@type\":\"ImageObject\",\"inLanguage\":\"en-US\",\"@id\":\"https:\\\/\\\/secure.gravatar.com\\\/avatar\\\/df170964f67a2c1ea1f378c66f11bd551d50391502d817967ef2c8c9f2c3ef43?s=96&d=mm&r=g\",\"url\":\"https:\\\/\\\/secure.gravatar.com\\\/avatar\\\/df170964f67a2c1ea1f378c66f11bd551d50391502d817967ef2c8c9f2c3ef43?s=96&d=mm&r=g\",\"contentUrl\":\"https:\\\/\\\/secure.gravatar.com\\\/avatar\\\/df170964f67a2c1ea1f378c66f11bd551d50391502d817967ef2c8c9f2c3ef43?s=96&d=mm&r=g\",\"caption\":\"wordpress\"},\"sameAs\":[\"https:\\\/\\\/www.iuma.ulpgc.es\"],\"url\":\"https:\\\/\\\/www.iuma.ulpgc.es\\\/en\\\/author\\\/wordpress-2\\\/\"}]}<\/script>\n<!-- \/ Yoast SEO plugin. -->","yoast_head_json":{"title":"La ULPGC celebra el kick-off meeting del Proyecto Europeo STRATUM - Instituto Universitario de Microelectr\u00f3nica Aplicada","robots":{"index":"index","follow":"follow","max-snippet":"max-snippet:-1","max-image-preview":"max-image-preview:large","max-video-preview":"max-video-preview:-1"},"canonical":"https:\/\/www.iuma.ulpgc.es\/en\/kick-off-meeting-proyecto-stratum\/","og_locale":"en_US","og_type":"article","og_title":"La ULPGC celebra el kick-off meeting del Proyecto Europeo STRATUM - Instituto Universitario de Microelectr\u00f3nica Aplicada","og_description":"Los d\u00edas 26 y 27 de febrero se celebr\u00f3 en la Sede Institucional de la Universidad de Las Palmas de Gran Canaria (ULPGC) el\u00a0kick-off meeting\u00a0del proyecto\u00a0STRATUM\u00a0(3D Decision Support Tool for Brain Tumor Surgery), financiado por la Comisi\u00f3n Europea a trav\u00e9s del Programa\u00a0Horizon Europe,\u00a0con un total de 10,7 millones de euros. Est\u00e1 coordinado por los institutos [&hellip;]","og_url":"https:\/\/www.iuma.ulpgc.es\/en\/kick-off-meeting-proyecto-stratum\/","og_site_name":"Instituto Universitario de Microelectr\u00f3nica Aplicada","article_publisher":"https:\/\/www.facebook.com\/IUMA.ulpgc","article_published_time":"2024-03-08T09:44:00+00:00","article_modified_time":"2024-04-17T19:47:57+00:00","og_image":[{"width":1300,"height":683,"url":"https:\/\/www.iuma.ulpgc.es\/wp-content\/uploads\/2024\/03\/stratum-logo-vertical.png","type":"image\/png"}],"author":"wordpress","twitter_card":"summary_large_image","twitter_creator":"@iumanews","twitter_site":"@iumanews","twitter_misc":{"Written by":"wordpress","Est. reading time":"2 minutes"},"schema":{"@context":"https:\/\/schema.org","@graph":[{"@type":"Article","@id":"https:\/\/www.iuma.ulpgc.es\/kick-off-meeting-proyecto-stratum\/#article","isPartOf":{"@id":"https:\/\/www.iuma.ulpgc.es\/kick-off-meeting-proyecto-stratum\/"},"author":{"name":"wordpress","@id":"https:\/\/www.iuma.ulpgc.es\/en\/#\/schema\/person\/37a33ecac9f83ab10f19329140aca8d8"},"headline":"La ULPGC celebra el kick-off meeting del Proyecto Europeo STRATUM","datePublished":"2024-03-08T09:44:00+00:00","dateModified":"2024-04-17T19:47:57+00:00","mainEntityOfPage":{"@id":"https:\/\/www.iuma.ulpgc.es\/kick-off-meeting-proyecto-stratum\/"},"wordCount":348,"image":{"@id":"https:\/\/www.iuma.ulpgc.es\/kick-off-meeting-proyecto-stratum\/#primaryimage"},"thumbnailUrl":"https:\/\/www.iuma.ulpgc.es\/wp-content\/uploads\/2024\/03\/stratum-logo-vertical.png","articleSection":["Noticias","Noticias Recientes"],"inLanguage":"en-US"},{"@type":"WebPage","@id":"https:\/\/www.iuma.ulpgc.es\/kick-off-meeting-proyecto-stratum\/","url":"https:\/\/www.iuma.ulpgc.es\/kick-off-meeting-proyecto-stratum\/","name":"La ULPGC celebra el kick-off meeting del Proyecto Europeo STRATUM - Instituto Universitario de Microelectr\u00f3nica Aplicada","isPartOf":{"@id":"https:\/\/www.iuma.ulpgc.es\/en\/#website"},"primaryImageOfPage":{"@id":"https:\/\/www.iuma.ulpgc.es\/kick-off-meeting-proyecto-stratum\/#primaryimage"},"image":{"@id":"https:\/\/www.iuma.ulpgc.es\/kick-off-meeting-proyecto-stratum\/#primaryimage"},"thumbnailUrl":"https:\/\/www.iuma.ulpgc.es\/wp-content\/uploads\/2024\/03\/stratum-logo-vertical.png","datePublished":"2024-03-08T09:44:00+00:00","dateModified":"2024-04-17T19:47:57+00:00","author":{"@id":"https:\/\/www.iuma.ulpgc.es\/en\/#\/schema\/person\/37a33ecac9f83ab10f19329140aca8d8"},"breadcrumb":{"@id":"https:\/\/www.iuma.ulpgc.es\/kick-off-meeting-proyecto-stratum\/#breadcrumb"},"inLanguage":"en-US","potentialAction":[{"@type":"ReadAction","target":["https:\/\/www.iuma.ulpgc.es\/kick-off-meeting-proyecto-stratum\/"]}]},{"@type":"ImageObject","inLanguage":"en-US","@id":"https:\/\/www.iuma.ulpgc.es\/kick-off-meeting-proyecto-stratum\/#primaryimage","url":"https:\/\/www.iuma.ulpgc.es\/wp-content\/uploads\/2024\/03\/stratum-logo-vertical.png","contentUrl":"https:\/\/www.iuma.ulpgc.es\/wp-content\/uploads\/2024\/03\/stratum-logo-vertical.png","width":1300,"height":683},{"@type":"BreadcrumbList","@id":"https:\/\/www.iuma.ulpgc.es\/kick-off-meeting-proyecto-stratum\/#breadcrumb","itemListElement":[{"@type":"ListItem","position":1,"name":"Home","item":"https:\/\/www.iuma.ulpgc.es\/"},{"@type":"ListItem","position":2,"name":"La ULPGC celebra el kick-off meeting del Proyecto Europeo STRATUM"}]},{"@type":"WebSite","@id":"https:\/\/www.iuma.ulpgc.es\/en\/#website","url":"https:\/\/www.iuma.ulpgc.es\/en\/","name":"Institute for Applied Microelectronics","description":"El IUMA es un centro de I+D+i de la ULPGC","potentialAction":[{"@type":"SearchAction","target":{"@type":"EntryPoint","urlTemplate":"https:\/\/www.iuma.ulpgc.es\/en\/?s={search_term_string}"},"query-input":{"@type":"PropertyValueSpecification","valueRequired":true,"valueName":"search_term_string"}}],"inLanguage":"en-US"},{"@type":"Person","@id":"https:\/\/www.iuma.ulpgc.es\/en\/#\/schema\/person\/37a33ecac9f83ab10f19329140aca8d8","name":"wordpress","image":{"@type":"ImageObject","inLanguage":"en-US","@id":"https:\/\/secure.gravatar.com\/avatar\/df170964f67a2c1ea1f378c66f11bd551d50391502d817967ef2c8c9f2c3ef43?s=96&d=mm&r=g","url":"https:\/\/secure.gravatar.com\/avatar\/df170964f67a2c1ea1f378c66f11bd551d50391502d817967ef2c8c9f2c3ef43?s=96&d=mm&r=g","contentUrl":"https:\/\/secure.gravatar.com\/avatar\/df170964f67a2c1ea1f378c66f11bd551d50391502d817967ef2c8c9f2c3ef43?s=96&d=mm&r=g","caption":"wordpress"},"sameAs":["https:\/\/www.iuma.ulpgc.es"],"url":"https:\/\/www.iuma.ulpgc.es\/en\/author\/wordpress-2\/"}]}},"post_mailing_queue_ids":[],"_links":{"self":[{"href":"https:\/\/www.iuma.ulpgc.es\/en\/wp-json\/wp\/v2\/posts\/8431","targetHints":{"allow":["GET"]}}],"collection":[{"href":"https:\/\/www.iuma.ulpgc.es\/en\/wp-json\/wp\/v2\/posts"}],"about":[{"href":"https:\/\/www.iuma.ulpgc.es\/en\/wp-json\/wp\/v2\/types\/post"}],"author":[{"embeddable":true,"href":"https:\/\/www.iuma.ulpgc.es\/en\/wp-json\/wp\/v2\/users\/1"}],"replies":[{"embeddable":true,"href":"https:\/\/www.iuma.ulpgc.es\/en\/wp-json\/wp\/v2\/comments?post=8431"}],"version-history":[{"count":5,"href":"https:\/\/www.iuma.ulpgc.es\/en\/wp-json\/wp\/v2\/posts\/8431\/revisions"}],"predecessor-version":[{"id":8439,"href":"https:\/\/www.iuma.ulpgc.es\/en\/wp-json\/wp\/v2\/posts\/8431\/revisions\/8439"}],"wp:featuredmedia":[{"embeddable":true,"href":"https:\/\/www.iuma.ulpgc.es\/en\/wp-json\/wp\/v2\/media\/8434"}],"wp:attachment":[{"href":"https:\/\/www.iuma.ulpgc.es\/en\/wp-json\/wp\/v2\/media?parent=8431"}],"wp:term":[{"taxonomy":"category","embeddable":true,"href":"https:\/\/www.iuma.ulpgc.es\/en\/wp-json\/wp\/v2\/categories?post=8431"},{"taxonomy":"post_tag","embeddable":true,"href":"https:\/\/www.iuma.ulpgc.es\/en\/wp-json\/wp\/v2\/tags?post=8431"}],"curies":[{"name":"wp","href":"https:\/\/api.w.org\/{rel}","templated":true}]}}