{"id":8729,"date":"2024-04-26T12:17:18","date_gmt":"2024-04-26T12:17:18","guid":{"rendered":"https:\/\/www.iuma.ulpgc.es\/?p=8729"},"modified":"2024-04-26T12:17:18","modified_gmt":"2024-04-26T12:17:18","slug":"la-investigadora-raquel-leon-del-iuma-recibe-el-reconocimiento-a-jovenes-investigadores-destacados","status":"publish","type":"post","link":"https:\/\/www.iuma.ulpgc.es\/en\/la-investigadora-raquel-leon-del-iuma-recibe-el-reconocimiento-a-jovenes-investigadores-destacados\/","title":{"rendered":"IUMA researcher Raquel Le\u00f3n receives the Outstanding Young Researchers Award"},"content":{"rendered":"\n<p class=\"wp-block-paragraph\">La investigadora Raquel Le\u00f3n, de la Divisi\u00f3n de Dise\u00f1o de Sistemas Integrados (DSI) del IUMA, ha sido galardonada con el Reconocimiento a J\u00f3venes Investigadores Destacados por su sobresaliente contribuci\u00f3n en la rama de conocimiento de Ingenier\u00eda y Arquitectura.<\/p>\n\n\n<div class=\"wp-block-image is-style-default\">\n<figure class=\"alignleft size-full is-resized\"><img loading=\"lazy\" decoding=\"async\" width=\"512\" height=\"512\" src=\"https:\/\/www.iuma.ulpgc.es\/wp-content\/uploads\/2024\/04\/Raquel-Leon-6.jpg\" alt=\"\" class=\"wp-image-8738\" style=\"width:431px;height:auto\" srcset=\"https:\/\/www.iuma.ulpgc.es\/wp-content\/uploads\/2024\/04\/Raquel-Leon-6.jpg 512w, https:\/\/www.iuma.ulpgc.es\/wp-content\/uploads\/2024\/04\/Raquel-Leon-6-300x300.jpg 300w, https:\/\/www.iuma.ulpgc.es\/wp-content\/uploads\/2024\/04\/Raquel-Leon-6-150x150.jpg 150w, https:\/\/www.iuma.ulpgc.es\/wp-content\/uploads\/2024\/04\/Raquel-Leon-6-12x12.jpg 12w\" sizes=\"auto, (max-width: 512px) 100vw, 512px\" \/><\/figure>\n<\/div>\n\n\n<p class=\"wp-block-paragraph\">El premio, otorgado por el Vicerrectorado de Investigaci\u00f3n y Transferencia de la Universidad de Las Palmas de Gran Canaria, reconoce el arduo trabajo y la excelencia acad\u00e9mica de j\u00f3venes investigadores que han demostrado un impacto significativo en sus respectivas \u00e1reas de estudio. En este sentido, Raquel Le\u00f3n ha destacado por su dedicaci\u00f3n y compromiso con la investigaci\u00f3n desarrollada en el campo de la identificaci\u00f3n de enfermedades usando imagen hiperespectral.<\/p>\n\n\n\n<p class=\"wp-block-paragraph\">Desde que se uni\u00f3 al IUMA, Raquel Le\u00f3n ha participado en diversos proyectos, tanto nacionales como internacionales, relacionado con el uso de im\u00e1genes hiperespectrales para la detecci\u00f3n de c\u00e1ncer. En el 2020 obtuvo el contrato de Personal Investigador en Formaci\u00f3n del Gobierno de Canarias para realizar su tesis enfocada en esta l\u00ednea. Durante este tiempo, la joven investigadora ha publicado sus avances en congresos y revistas de alto impacto, siendo la m\u00e1s reciente en <a href=\"https:\/\/www.nature.com\/articles\/s41698-023-00475-9\">npj Precision Oncology<\/a>, donde resume el uso de la imagen hiperespectral en el campo de la neurocirug\u00eda. <\/p>\n\n\n\n<p class=\"wp-block-paragraph\">El BOULPGC ha publicado el [fecha] la resoluci\u00f3n definitiva por la que se concede dicho reconocimiento. El acto de entrega del Reconocimiento a J\u00f3venes Investigadores Destacados se llevar\u00e1 a cabo el pr\u00f3ximo jueves 25 de abril de 2024 a las 17:00 en Paraninfo de la ULPGC, donde reconocer\u00e1 a los j\u00f3venes investigadores distinguidos de todas las ramas.<\/p>\n\n\n\n<figure class=\"wp-block-image size-full\"><img loading=\"lazy\" decoding=\"async\" width=\"1024\" height=\"683\" src=\"https:\/\/www.iuma.ulpgc.es\/wp-content\/uploads\/2024\/04\/raquel_premio_excelencia_joven_investigadora_r1.jpg\" alt=\"Raquel Le\u00f3n, premio excelencia joven investigadora\" class=\"wp-image-8743\" srcset=\"https:\/\/www.iuma.ulpgc.es\/wp-content\/uploads\/2024\/04\/raquel_premio_excelencia_joven_investigadora_r1.jpg 1024w, https:\/\/www.iuma.ulpgc.es\/wp-content\/uploads\/2024\/04\/raquel_premio_excelencia_joven_investigadora_r1-300x200.jpg 300w, https:\/\/www.iuma.ulpgc.es\/wp-content\/uploads\/2024\/04\/raquel_premio_excelencia_joven_investigadora_r1-768x512.jpg 768w, https:\/\/www.iuma.ulpgc.es\/wp-content\/uploads\/2024\/04\/raquel_premio_excelencia_joven_investigadora_r1-18x12.jpg 18w\" sizes=\"auto, (max-width: 1024px) 100vw, 1024px\" \/><\/figure>\n\n\n\n<p class=\"wp-block-paragraph\">Fuente imagen: Archivo ULPGC<\/p>\n\n\n\n<p class=\"wp-block-paragraph\"><\/p>\n\n\n\n<p class=\"wp-block-paragraph\"><\/p>\n\n\n\n<p class=\"wp-block-paragraph\"><\/p>\n\n\n\n<p class=\"wp-block-paragraph\"><\/p>\n\n\n\n<p class=\"wp-block-paragraph\"><\/p>\n\n\n\n<p class=\"wp-block-paragraph\"><\/p>\n\n\n\n<p class=\"wp-block-paragraph\"><\/p>\n\n\n\n<p class=\"wp-block-paragraph\"><\/p>\n\n\n\n<p class=\"wp-block-paragraph\"><\/p>\n\n\n\n<p class=\"wp-block-paragraph\"><\/p>\n\n\n\n<p class=\"wp-block-paragraph\"><\/p>\n\n\n\n<p class=\"wp-block-paragraph\"><\/p>\n","protected":false},"excerpt":{"rendered":"<p>La investigadora Raquel Le\u00f3n, de la Divisi\u00f3n de Dise\u00f1o de Sistemas Integrados (DSI) del IUMA, ha sido galardonada con el Reconocimiento a J\u00f3venes Investigadores Destacados por su sobresaliente contribuci\u00f3n en la rama de conocimiento de Ingenier\u00eda y Arquitectura. El premio, otorgado por el Vicerrectorado de Investigaci\u00f3n y Transferencia de la Universidad de Las Palmas de [&hellip;]<\/p>\n","protected":false},"author":1,"featured_media":8738,"comment_status":"closed","ping_status":"open","sticky":false,"template":"","format":"standard","meta":{"_crdt_document":"","footnotes":""},"categories":[18,14],"tags":[],"class_list":["post-8729","post","type-post","status-publish","format-standard","has-post-thumbnail","hentry","category-noticias","category-noticias-recientes"],"yoast_head":"<!-- This site is optimized with the Yoast SEO plugin v27.5 - https:\/\/yoast.com\/product\/yoast-seo-wordpress\/ -->\n<title>La investigadora Raquel Le\u00f3n del IUMA recibe el Reconocimiento a J\u00f3venes Investigadores Destacados - Instituto Universitario de Microelectr\u00f3nica Aplicada<\/title>\n<meta name=\"robots\" content=\"index, follow, max-snippet:-1, max-image-preview:large, max-video-preview:-1\" \/>\n<link rel=\"canonical\" href=\"https:\/\/www.iuma.ulpgc.es\/en\/la-investigadora-raquel-leon-del-iuma-recibe-el-reconocimiento-a-jovenes-investigadores-destacados\/\" \/>\n<meta property=\"og:locale\" content=\"en_US\" \/>\n<meta property=\"og:type\" content=\"article\" \/>\n<meta property=\"og:title\" content=\"La investigadora Raquel Le\u00f3n del IUMA recibe el Reconocimiento a J\u00f3venes Investigadores Destacados - Instituto Universitario de Microelectr\u00f3nica Aplicada\" \/>\n<meta property=\"og:description\" content=\"La investigadora Raquel Le\u00f3n, de la Divisi\u00f3n de Dise\u00f1o de Sistemas Integrados (DSI) del IUMA, ha sido galardonada con el Reconocimiento a J\u00f3venes Investigadores Destacados por su sobresaliente contribuci\u00f3n en la rama de conocimiento de Ingenier\u00eda y Arquitectura. El premio, otorgado por el Vicerrectorado de Investigaci\u00f3n y Transferencia de la Universidad de Las Palmas de [&hellip;]\" \/>\n<meta property=\"og:url\" content=\"https:\/\/www.iuma.ulpgc.es\/en\/la-investigadora-raquel-leon-del-iuma-recibe-el-reconocimiento-a-jovenes-investigadores-destacados\/\" \/>\n<meta property=\"og:site_name\" content=\"Instituto Universitario de Microelectr\u00f3nica Aplicada\" \/>\n<meta property=\"article:publisher\" content=\"https:\/\/www.facebook.com\/IUMA.ulpgc\" \/>\n<meta property=\"article:published_time\" content=\"2024-04-26T12:17:18+00:00\" \/>\n<meta property=\"og:image\" content=\"https:\/\/www.iuma.ulpgc.es\/wp-content\/uploads\/2024\/04\/Raquel-Leon-6.jpg\" \/>\n\t<meta property=\"og:image:width\" content=\"512\" \/>\n\t<meta property=\"og:image:height\" content=\"512\" \/>\n\t<meta property=\"og:image:type\" content=\"image\/jpeg\" \/>\n<meta name=\"author\" content=\"wordpress\" \/>\n<meta name=\"twitter:card\" content=\"summary_large_image\" \/>\n<meta name=\"twitter:creator\" content=\"@iumanews\" \/>\n<meta name=\"twitter:site\" content=\"@iumanews\" \/>\n<meta name=\"twitter:label1\" content=\"Written by\" \/>\n\t<meta name=\"twitter:data1\" content=\"wordpress\" \/>\n\t<meta name=\"twitter:label2\" content=\"Est. reading time\" \/>\n\t<meta name=\"twitter:data2\" content=\"1 minute\" \/>\n<script type=\"application\/ld+json\" class=\"yoast-schema-graph\">{\"@context\":\"https:\\\/\\\/schema.org\",\"@graph\":[{\"@type\":\"Article\",\"@id\":\"https:\\\/\\\/www.iuma.ulpgc.es\\\/la-investigadora-raquel-leon-del-iuma-recibe-el-reconocimiento-a-jovenes-investigadores-destacados\\\/#article\",\"isPartOf\":{\"@id\":\"https:\\\/\\\/www.iuma.ulpgc.es\\\/la-investigadora-raquel-leon-del-iuma-recibe-el-reconocimiento-a-jovenes-investigadores-destacados\\\/\"},\"author\":{\"name\":\"wordpress\",\"@id\":\"https:\\\/\\\/www.iuma.ulpgc.es\\\/en\\\/#\\\/schema\\\/person\\\/37a33ecac9f83ab10f19329140aca8d8\"},\"headline\":\"La investigadora Raquel Le\u00f3n del IUMA recibe el Reconocimiento a J\u00f3venes Investigadores Destacados\",\"datePublished\":\"2024-04-26T12:17:18+00:00\",\"mainEntityOfPage\":{\"@id\":\"https:\\\/\\\/www.iuma.ulpgc.es\\\/la-investigadora-raquel-leon-del-iuma-recibe-el-reconocimiento-a-jovenes-investigadores-destacados\\\/\"},\"wordCount\":295,\"image\":{\"@id\":\"https:\\\/\\\/www.iuma.ulpgc.es\\\/la-investigadora-raquel-leon-del-iuma-recibe-el-reconocimiento-a-jovenes-investigadores-destacados\\\/#primaryimage\"},\"thumbnailUrl\":\"https:\\\/\\\/www.iuma.ulpgc.es\\\/wp-content\\\/uploads\\\/2024\\\/04\\\/Raquel-Leon-6.jpg\",\"articleSection\":[\"Noticias\",\"Noticias Recientes\"],\"inLanguage\":\"en-US\"},{\"@type\":\"WebPage\",\"@id\":\"https:\\\/\\\/www.iuma.ulpgc.es\\\/la-investigadora-raquel-leon-del-iuma-recibe-el-reconocimiento-a-jovenes-investigadores-destacados\\\/\",\"url\":\"https:\\\/\\\/www.iuma.ulpgc.es\\\/la-investigadora-raquel-leon-del-iuma-recibe-el-reconocimiento-a-jovenes-investigadores-destacados\\\/\",\"name\":\"La investigadora Raquel Le\u00f3n del IUMA recibe el Reconocimiento a J\u00f3venes Investigadores Destacados - Instituto Universitario de Microelectr\u00f3nica Aplicada\",\"isPartOf\":{\"@id\":\"https:\\\/\\\/www.iuma.ulpgc.es\\\/en\\\/#website\"},\"primaryImageOfPage\":{\"@id\":\"https:\\\/\\\/www.iuma.ulpgc.es\\\/la-investigadora-raquel-leon-del-iuma-recibe-el-reconocimiento-a-jovenes-investigadores-destacados\\\/#primaryimage\"},\"image\":{\"@id\":\"https:\\\/\\\/www.iuma.ulpgc.es\\\/la-investigadora-raquel-leon-del-iuma-recibe-el-reconocimiento-a-jovenes-investigadores-destacados\\\/#primaryimage\"},\"thumbnailUrl\":\"https:\\\/\\\/www.iuma.ulpgc.es\\\/wp-content\\\/uploads\\\/2024\\\/04\\\/Raquel-Leon-6.jpg\",\"datePublished\":\"2024-04-26T12:17:18+00:00\",\"author\":{\"@id\":\"https:\\\/\\\/www.iuma.ulpgc.es\\\/en\\\/#\\\/schema\\\/person\\\/37a33ecac9f83ab10f19329140aca8d8\"},\"breadcrumb\":{\"@id\":\"https:\\\/\\\/www.iuma.ulpgc.es\\\/la-investigadora-raquel-leon-del-iuma-recibe-el-reconocimiento-a-jovenes-investigadores-destacados\\\/#breadcrumb\"},\"inLanguage\":\"en-US\",\"potentialAction\":[{\"@type\":\"ReadAction\",\"target\":[\"https:\\\/\\\/www.iuma.ulpgc.es\\\/la-investigadora-raquel-leon-del-iuma-recibe-el-reconocimiento-a-jovenes-investigadores-destacados\\\/\"]}]},{\"@type\":\"ImageObject\",\"inLanguage\":\"en-US\",\"@id\":\"https:\\\/\\\/www.iuma.ulpgc.es\\\/la-investigadora-raquel-leon-del-iuma-recibe-el-reconocimiento-a-jovenes-investigadores-destacados\\\/#primaryimage\",\"url\":\"https:\\\/\\\/www.iuma.ulpgc.es\\\/wp-content\\\/uploads\\\/2024\\\/04\\\/Raquel-Leon-6.jpg\",\"contentUrl\":\"https:\\\/\\\/www.iuma.ulpgc.es\\\/wp-content\\\/uploads\\\/2024\\\/04\\\/Raquel-Leon-6.jpg\",\"width\":512,\"height\":512},{\"@type\":\"BreadcrumbList\",\"@id\":\"https:\\\/\\\/www.iuma.ulpgc.es\\\/la-investigadora-raquel-leon-del-iuma-recibe-el-reconocimiento-a-jovenes-investigadores-destacados\\\/#breadcrumb\",\"itemListElement\":[{\"@type\":\"ListItem\",\"position\":1,\"name\":\"Home\",\"item\":\"https:\\\/\\\/www.iuma.ulpgc.es\\\/\"},{\"@type\":\"ListItem\",\"position\":2,\"name\":\"La investigadora Raquel Le\u00f3n del IUMA recibe el Reconocimiento a J\u00f3venes Investigadores Destacados\"}]},{\"@type\":\"WebSite\",\"@id\":\"https:\\\/\\\/www.iuma.ulpgc.es\\\/en\\\/#website\",\"url\":\"https:\\\/\\\/www.iuma.ulpgc.es\\\/en\\\/\",\"name\":\"Instituto Universitario de Microelectr\u00f3nica Aplicada\",\"description\":\"El IUMA es un centro de I+D+i de la ULPGC\",\"potentialAction\":[{\"@type\":\"SearchAction\",\"target\":{\"@type\":\"EntryPoint\",\"urlTemplate\":\"https:\\\/\\\/www.iuma.ulpgc.es\\\/en\\\/?s={search_term_string}\"},\"query-input\":{\"@type\":\"PropertyValueSpecification\",\"valueRequired\":true,\"valueName\":\"search_term_string\"}}],\"inLanguage\":\"en-US\"},{\"@type\":\"Person\",\"@id\":\"https:\\\/\\\/www.iuma.ulpgc.es\\\/en\\\/#\\\/schema\\\/person\\\/37a33ecac9f83ab10f19329140aca8d8\",\"name\":\"wordpress\",\"image\":{\"@type\":\"ImageObject\",\"inLanguage\":\"en-US\",\"@id\":\"https:\\\/\\\/secure.gravatar.com\\\/avatar\\\/df170964f67a2c1ea1f378c66f11bd551d50391502d817967ef2c8c9f2c3ef43?s=96&d=mm&r=g\",\"url\":\"https:\\\/\\\/secure.gravatar.com\\\/avatar\\\/df170964f67a2c1ea1f378c66f11bd551d50391502d817967ef2c8c9f2c3ef43?s=96&d=mm&r=g\",\"contentUrl\":\"https:\\\/\\\/secure.gravatar.com\\\/avatar\\\/df170964f67a2c1ea1f378c66f11bd551d50391502d817967ef2c8c9f2c3ef43?s=96&d=mm&r=g\",\"caption\":\"wordpress\"},\"sameAs\":[\"https:\\\/\\\/www.iuma.ulpgc.es\"],\"url\":\"https:\\\/\\\/www.iuma.ulpgc.es\\\/en\\\/author\\\/wordpress-2\\\/\"}]}<\/script>\n<!-- \/ Yoast SEO plugin. -->","yoast_head_json":{"title":"La investigadora Raquel Le\u00f3n del IUMA recibe el Reconocimiento a J\u00f3venes Investigadores Destacados - Instituto Universitario de Microelectr\u00f3nica Aplicada","robots":{"index":"index","follow":"follow","max-snippet":"max-snippet:-1","max-image-preview":"max-image-preview:large","max-video-preview":"max-video-preview:-1"},"canonical":"https:\/\/www.iuma.ulpgc.es\/en\/la-investigadora-raquel-leon-del-iuma-recibe-el-reconocimiento-a-jovenes-investigadores-destacados\/","og_locale":"en_US","og_type":"article","og_title":"La investigadora Raquel Le\u00f3n del IUMA recibe el Reconocimiento a J\u00f3venes Investigadores Destacados - Instituto Universitario de Microelectr\u00f3nica Aplicada","og_description":"La investigadora Raquel Le\u00f3n, de la Divisi\u00f3n de Dise\u00f1o de Sistemas Integrados (DSI) del IUMA, ha sido galardonada con el Reconocimiento a J\u00f3venes Investigadores Destacados por su sobresaliente contribuci\u00f3n en la rama de conocimiento de Ingenier\u00eda y Arquitectura. El premio, otorgado por el Vicerrectorado de Investigaci\u00f3n y Transferencia de la Universidad de Las Palmas de [&hellip;]","og_url":"https:\/\/www.iuma.ulpgc.es\/en\/la-investigadora-raquel-leon-del-iuma-recibe-el-reconocimiento-a-jovenes-investigadores-destacados\/","og_site_name":"Instituto Universitario de Microelectr\u00f3nica Aplicada","article_publisher":"https:\/\/www.facebook.com\/IUMA.ulpgc","article_published_time":"2024-04-26T12:17:18+00:00","og_image":[{"width":512,"height":512,"url":"https:\/\/www.iuma.ulpgc.es\/wp-content\/uploads\/2024\/04\/Raquel-Leon-6.jpg","type":"image\/jpeg"}],"author":"wordpress","twitter_card":"summary_large_image","twitter_creator":"@iumanews","twitter_site":"@iumanews","twitter_misc":{"Written by":"wordpress","Est. reading time":"1 minute"},"schema":{"@context":"https:\/\/schema.org","@graph":[{"@type":"Article","@id":"https:\/\/www.iuma.ulpgc.es\/la-investigadora-raquel-leon-del-iuma-recibe-el-reconocimiento-a-jovenes-investigadores-destacados\/#article","isPartOf":{"@id":"https:\/\/www.iuma.ulpgc.es\/la-investigadora-raquel-leon-del-iuma-recibe-el-reconocimiento-a-jovenes-investigadores-destacados\/"},"author":{"name":"wordpress","@id":"https:\/\/www.iuma.ulpgc.es\/en\/#\/schema\/person\/37a33ecac9f83ab10f19329140aca8d8"},"headline":"La investigadora Raquel Le\u00f3n del IUMA recibe el Reconocimiento a J\u00f3venes Investigadores Destacados","datePublished":"2024-04-26T12:17:18+00:00","mainEntityOfPage":{"@id":"https:\/\/www.iuma.ulpgc.es\/la-investigadora-raquel-leon-del-iuma-recibe-el-reconocimiento-a-jovenes-investigadores-destacados\/"},"wordCount":295,"image":{"@id":"https:\/\/www.iuma.ulpgc.es\/la-investigadora-raquel-leon-del-iuma-recibe-el-reconocimiento-a-jovenes-investigadores-destacados\/#primaryimage"},"thumbnailUrl":"https:\/\/www.iuma.ulpgc.es\/wp-content\/uploads\/2024\/04\/Raquel-Leon-6.jpg","articleSection":["Noticias","Noticias Recientes"],"inLanguage":"en-US"},{"@type":"WebPage","@id":"https:\/\/www.iuma.ulpgc.es\/la-investigadora-raquel-leon-del-iuma-recibe-el-reconocimiento-a-jovenes-investigadores-destacados\/","url":"https:\/\/www.iuma.ulpgc.es\/la-investigadora-raquel-leon-del-iuma-recibe-el-reconocimiento-a-jovenes-investigadores-destacados\/","name":"La investigadora Raquel Le\u00f3n del IUMA recibe el Reconocimiento a J\u00f3venes Investigadores Destacados - Instituto Universitario de Microelectr\u00f3nica Aplicada","isPartOf":{"@id":"https:\/\/www.iuma.ulpgc.es\/en\/#website"},"primaryImageOfPage":{"@id":"https:\/\/www.iuma.ulpgc.es\/la-investigadora-raquel-leon-del-iuma-recibe-el-reconocimiento-a-jovenes-investigadores-destacados\/#primaryimage"},"image":{"@id":"https:\/\/www.iuma.ulpgc.es\/la-investigadora-raquel-leon-del-iuma-recibe-el-reconocimiento-a-jovenes-investigadores-destacados\/#primaryimage"},"thumbnailUrl":"https:\/\/www.iuma.ulpgc.es\/wp-content\/uploads\/2024\/04\/Raquel-Leon-6.jpg","datePublished":"2024-04-26T12:17:18+00:00","author":{"@id":"https:\/\/www.iuma.ulpgc.es\/en\/#\/schema\/person\/37a33ecac9f83ab10f19329140aca8d8"},"breadcrumb":{"@id":"https:\/\/www.iuma.ulpgc.es\/la-investigadora-raquel-leon-del-iuma-recibe-el-reconocimiento-a-jovenes-investigadores-destacados\/#breadcrumb"},"inLanguage":"en-US","potentialAction":[{"@type":"ReadAction","target":["https:\/\/www.iuma.ulpgc.es\/la-investigadora-raquel-leon-del-iuma-recibe-el-reconocimiento-a-jovenes-investigadores-destacados\/"]}]},{"@type":"ImageObject","inLanguage":"en-US","@id":"https:\/\/www.iuma.ulpgc.es\/la-investigadora-raquel-leon-del-iuma-recibe-el-reconocimiento-a-jovenes-investigadores-destacados\/#primaryimage","url":"https:\/\/www.iuma.ulpgc.es\/wp-content\/uploads\/2024\/04\/Raquel-Leon-6.jpg","contentUrl":"https:\/\/www.iuma.ulpgc.es\/wp-content\/uploads\/2024\/04\/Raquel-Leon-6.jpg","width":512,"height":512},{"@type":"BreadcrumbList","@id":"https:\/\/www.iuma.ulpgc.es\/la-investigadora-raquel-leon-del-iuma-recibe-el-reconocimiento-a-jovenes-investigadores-destacados\/#breadcrumb","itemListElement":[{"@type":"ListItem","position":1,"name":"Home","item":"https:\/\/www.iuma.ulpgc.es\/"},{"@type":"ListItem","position":2,"name":"La investigadora Raquel Le\u00f3n del IUMA recibe el Reconocimiento a J\u00f3venes Investigadores Destacados"}]},{"@type":"WebSite","@id":"https:\/\/www.iuma.ulpgc.es\/en\/#website","url":"https:\/\/www.iuma.ulpgc.es\/en\/","name":"Institute for Applied Microelectronics","description":"El IUMA es un centro de I+D+i de la ULPGC","potentialAction":[{"@type":"SearchAction","target":{"@type":"EntryPoint","urlTemplate":"https:\/\/www.iuma.ulpgc.es\/en\/?s={search_term_string}"},"query-input":{"@type":"PropertyValueSpecification","valueRequired":true,"valueName":"search_term_string"}}],"inLanguage":"en-US"},{"@type":"Person","@id":"https:\/\/www.iuma.ulpgc.es\/en\/#\/schema\/person\/37a33ecac9f83ab10f19329140aca8d8","name":"wordpress","image":{"@type":"ImageObject","inLanguage":"en-US","@id":"https:\/\/secure.gravatar.com\/avatar\/df170964f67a2c1ea1f378c66f11bd551d50391502d817967ef2c8c9f2c3ef43?s=96&d=mm&r=g","url":"https:\/\/secure.gravatar.com\/avatar\/df170964f67a2c1ea1f378c66f11bd551d50391502d817967ef2c8c9f2c3ef43?s=96&d=mm&r=g","contentUrl":"https:\/\/secure.gravatar.com\/avatar\/df170964f67a2c1ea1f378c66f11bd551d50391502d817967ef2c8c9f2c3ef43?s=96&d=mm&r=g","caption":"wordpress"},"sameAs":["https:\/\/www.iuma.ulpgc.es"],"url":"https:\/\/www.iuma.ulpgc.es\/en\/author\/wordpress-2\/"}]}},"post_mailing_queue_ids":[],"_links":{"self":[{"href":"https:\/\/www.iuma.ulpgc.es\/en\/wp-json\/wp\/v2\/posts\/8729","targetHints":{"allow":["GET"]}}],"collection":[{"href":"https:\/\/www.iuma.ulpgc.es\/en\/wp-json\/wp\/v2\/posts"}],"about":[{"href":"https:\/\/www.iuma.ulpgc.es\/en\/wp-json\/wp\/v2\/types\/post"}],"author":[{"embeddable":true,"href":"https:\/\/www.iuma.ulpgc.es\/en\/wp-json\/wp\/v2\/users\/1"}],"replies":[{"embeddable":true,"href":"https:\/\/www.iuma.ulpgc.es\/en\/wp-json\/wp\/v2\/comments?post=8729"}],"version-history":[{"count":6,"href":"https:\/\/www.iuma.ulpgc.es\/en\/wp-json\/wp\/v2\/posts\/8729\/revisions"}],"predecessor-version":[{"id":8744,"href":"https:\/\/www.iuma.ulpgc.es\/en\/wp-json\/wp\/v2\/posts\/8729\/revisions\/8744"}],"wp:featuredmedia":[{"embeddable":true,"href":"https:\/\/www.iuma.ulpgc.es\/en\/wp-json\/wp\/v2\/media\/8738"}],"wp:attachment":[{"href":"https:\/\/www.iuma.ulpgc.es\/en\/wp-json\/wp\/v2\/media?parent=8729"}],"wp:term":[{"taxonomy":"category","embeddable":true,"href":"https:\/\/www.iuma.ulpgc.es\/en\/wp-json\/wp\/v2\/categories?post=8729"},{"taxonomy":"post_tag","embeddable":true,"href":"https:\/\/www.iuma.ulpgc.es\/en\/wp-json\/wp\/v2\/tags?post=8729"}],"curies":[{"name":"wp","href":"https:\/\/api.w.org\/{rel}","templated":true}]}}