{"id":8969,"date":"2024-11-18T12:03:07","date_gmt":"2024-11-18T12:03:07","guid":{"rendered":"https:\/\/www.iuma.ulpgc.es\/?p=8969"},"modified":"2024-11-27T10:42:15","modified_gmt":"2024-11-27T10:42:15","slug":"el-profesor-antonio-nunez-premio-nt-2024","status":"publish","type":"post","link":"https:\/\/www.iuma.ulpgc.es\/en\/el-profesor-antonio-nunez-premio-nt-2024\/","title":{"rendered":"El Profesor Antonio N\u00fa\u00f1ez, Premio COIT\/ACIT"},"content":{"rendered":"<div class=\"wp-block-image\">\n<figure class=\"alignleft size-full is-resized\"><img loading=\"lazy\" decoding=\"async\" width=\"1800\" height=\"1200\" src=\"https:\/\/www.iuma.ulpgc.es\/wp-content\/uploads\/2024\/11\/Antonio-Nunez-CarlosCouros-NI2024.jpg\" alt=\"\" class=\"wp-image-8971\" style=\"width:416px;height:auto\" srcset=\"https:\/\/www.iuma.ulpgc.es\/wp-content\/uploads\/2024\/11\/Antonio-Nunez-CarlosCouros-NI2024.jpg 1800w, https:\/\/www.iuma.ulpgc.es\/wp-content\/uploads\/2024\/11\/Antonio-Nunez-CarlosCouros-NI2024-300x200.jpg 300w, https:\/\/www.iuma.ulpgc.es\/wp-content\/uploads\/2024\/11\/Antonio-Nunez-CarlosCouros-NI2024-1024x683.jpg 1024w, https:\/\/www.iuma.ulpgc.es\/wp-content\/uploads\/2024\/11\/Antonio-Nunez-CarlosCouros-NI2024-768x512.jpg 768w, https:\/\/www.iuma.ulpgc.es\/wp-content\/uploads\/2024\/11\/Antonio-Nunez-CarlosCouros-NI2024-1536x1024.jpg 1536w, https:\/\/www.iuma.ulpgc.es\/wp-content\/uploads\/2024\/11\/Antonio-Nunez-CarlosCouros-NI2024-18x12.jpg 18w\" sizes=\"auto, (max-width: 1800px) 100vw, 1800px\" \/><\/figure>\n<\/div>\n\n\n<p class=\"has-text-align-left wp-block-paragraph\"> The <strong>Canarian Association of Telecommunication Engineers (ACIT)<\/strong> and the Official College of Telecommunications Engineers (COIT) have awarded one of their annual distinctions to the ULPGC professor <a href=\"https:\/\/forohistorico.coit.es\/index.php\/personajes\/trayectoria-profesional\/item\/nunez-ordonez-antonio\" target=\"_blank\" rel=\"noreferrer noopener\">Antonio N\u00fa\u00f1ez<\/a>, in the course of the <a href=\"https:\/\/acit.es\/resumen-noche-de-las-telecomunicaciones\/\" target=\"_blank\" rel=\"noreferrer noopener\">17th edition of Telecommunications Night<\/a>, organised by both entities, which brings together the main agents of the Information and Communication Technologies sector in the Canary Islands. Antonio received the award for his contributions to the telecommunications sector, especially in the area of applied microelectronics, and for his defence of telecommunications engineers.<\/p>\n\n\n\n<p class=\"wp-block-paragraph\"><\/p>\n\n\n\n<p class=\"wp-block-paragraph\"><\/p>","protected":false},"excerpt":{"rendered":"<p>La Asociaci\u00f3n Canaria de Ingenieros de Telecomunicaci\u00f3n (ACIT) y el Colegio Oficial de Ingenieros de Telecomunicaci\u00f3n (COIT) han otorgado una de sus distinciones anuales al Catedr\u00e1tico de la ULPGC Antonio N\u00fa\u00f1ez Ord\u00f3\u00f1ez, en el transcurso de la XVII edici\u00f3n de la Noche de las Telecomunicaciones, organizado por ambas entidades, que se re\u00fanen los principales agentes [&hellip;]<\/p>\n","protected":false},"author":2,"featured_media":8971,"comment_status":"closed","ping_status":"open","sticky":false,"template":"","format":"standard","meta":{"_crdt_document":"","footnotes":""},"categories":[18,14],"tags":[99,83],"class_list":["post-8969","post","type-post","status-publish","format-standard","has-post-thumbnail","hentry","category-noticias","category-noticias-recientes","tag-antonio-nunez","tag-premios"],"yoast_head":"<!-- This site is optimized with the Yoast SEO plugin v27.5 - https:\/\/yoast.com\/product\/yoast-seo-wordpress\/ -->\n<title>El Profesor Antonio N\u00fa\u00f1ez, Premio COIT\/ACIT - Instituto Universitario de Microelectr\u00f3nica Aplicada<\/title>\n<meta name=\"robots\" content=\"index, follow, max-snippet:-1, max-image-preview:large, max-video-preview:-1\" \/>\n<link rel=\"canonical\" href=\"https:\/\/www.iuma.ulpgc.es\/en\/el-profesor-antonio-nunez-premio-nt-2024\/\" \/>\n<meta property=\"og:locale\" content=\"en_US\" \/>\n<meta property=\"og:type\" content=\"article\" \/>\n<meta property=\"og:title\" content=\"El Profesor Antonio N\u00fa\u00f1ez, Premio COIT\/ACIT - Instituto Universitario de Microelectr\u00f3nica Aplicada\" \/>\n<meta property=\"og:description\" content=\"La Asociaci\u00f3n Canaria de Ingenieros de Telecomunicaci\u00f3n (ACIT) y el Colegio Oficial de Ingenieros de Telecomunicaci\u00f3n (COIT) han otorgado una de sus distinciones anuales al Catedr\u00e1tico de la ULPGC Antonio N\u00fa\u00f1ez Ord\u00f3\u00f1ez, en el transcurso de la XVII edici\u00f3n de la Noche de las Telecomunicaciones, organizado por ambas entidades, que se re\u00fanen los principales agentes [&hellip;]\" \/>\n<meta property=\"og:url\" content=\"https:\/\/www.iuma.ulpgc.es\/en\/el-profesor-antonio-nunez-premio-nt-2024\/\" \/>\n<meta property=\"og:site_name\" content=\"Instituto Universitario de Microelectr\u00f3nica Aplicada\" \/>\n<meta property=\"article:publisher\" content=\"https:\/\/www.facebook.com\/IUMA.ulpgc\" \/>\n<meta property=\"article:published_time\" content=\"2024-11-18T12:03:07+00:00\" \/>\n<meta property=\"article:modified_time\" content=\"2024-11-27T10:42:15+00:00\" \/>\n<meta property=\"og:image\" content=\"https:\/\/www.iuma.ulpgc.es\/wp-content\/uploads\/2024\/11\/Antonio-Nunez-CarlosCouros-NI2024.jpg\" \/>\n\t<meta property=\"og:image:width\" content=\"1800\" \/>\n\t<meta property=\"og:image:height\" content=\"1200\" \/>\n\t<meta property=\"og:image:type\" content=\"image\/jpeg\" \/>\n<meta name=\"author\" content=\"iuma_wp\" \/>\n<meta name=\"twitter:card\" content=\"summary_large_image\" \/>\n<meta name=\"twitter:creator\" content=\"@iumanews\" \/>\n<meta name=\"twitter:site\" content=\"@iumanews\" \/>\n<meta name=\"twitter:label1\" content=\"Written by\" \/>\n\t<meta name=\"twitter:data1\" content=\"iuma_wp\" \/>\n\t<meta name=\"twitter:label2\" content=\"Est. reading time\" \/>\n\t<meta name=\"twitter:data2\" content=\"1 minute\" \/>\n<script type=\"application\/ld+json\" class=\"yoast-schema-graph\">{\"@context\":\"https:\\\/\\\/schema.org\",\"@graph\":[{\"@type\":\"Article\",\"@id\":\"https:\\\/\\\/www.iuma.ulpgc.es\\\/el-profesor-antonio-nunez-premio-nt-2024\\\/#article\",\"isPartOf\":{\"@id\":\"https:\\\/\\\/www.iuma.ulpgc.es\\\/el-profesor-antonio-nunez-premio-nt-2024\\\/\"},\"author\":{\"name\":\"iuma_wp\",\"@id\":\"https:\\\/\\\/www.iuma.ulpgc.es\\\/en\\\/#\\\/schema\\\/person\\\/81a1859b6929a5c16615ff26e3b6e8ee\"},\"headline\":\"El Profesor Antonio N\u00fa\u00f1ez, Premio COIT\\\/ACIT\",\"datePublished\":\"2024-11-18T12:03:07+00:00\",\"dateModified\":\"2024-11-27T10:42:15+00:00\",\"mainEntityOfPage\":{\"@id\":\"https:\\\/\\\/www.iuma.ulpgc.es\\\/el-profesor-antonio-nunez-premio-nt-2024\\\/\"},\"wordCount\":121,\"image\":{\"@id\":\"https:\\\/\\\/www.iuma.ulpgc.es\\\/el-profesor-antonio-nunez-premio-nt-2024\\\/#primaryimage\"},\"thumbnailUrl\":\"https:\\\/\\\/www.iuma.ulpgc.es\\\/wp-content\\\/uploads\\\/2024\\\/11\\\/Antonio-Nunez-CarlosCouros-NI2024.jpg\",\"keywords\":[\"Antonio N\u00fa\u00f1ez\",\"Premios\"],\"articleSection\":[\"Noticias\",\"Noticias Recientes\"],\"inLanguage\":\"en-US\"},{\"@type\":\"WebPage\",\"@id\":\"https:\\\/\\\/www.iuma.ulpgc.es\\\/el-profesor-antonio-nunez-premio-nt-2024\\\/\",\"url\":\"https:\\\/\\\/www.iuma.ulpgc.es\\\/el-profesor-antonio-nunez-premio-nt-2024\\\/\",\"name\":\"El Profesor Antonio N\u00fa\u00f1ez, Premio COIT\\\/ACIT - Instituto Universitario de Microelectr\u00f3nica Aplicada\",\"isPartOf\":{\"@id\":\"https:\\\/\\\/www.iuma.ulpgc.es\\\/en\\\/#website\"},\"primaryImageOfPage\":{\"@id\":\"https:\\\/\\\/www.iuma.ulpgc.es\\\/el-profesor-antonio-nunez-premio-nt-2024\\\/#primaryimage\"},\"image\":{\"@id\":\"https:\\\/\\\/www.iuma.ulpgc.es\\\/el-profesor-antonio-nunez-premio-nt-2024\\\/#primaryimage\"},\"thumbnailUrl\":\"https:\\\/\\\/www.iuma.ulpgc.es\\\/wp-content\\\/uploads\\\/2024\\\/11\\\/Antonio-Nunez-CarlosCouros-NI2024.jpg\",\"datePublished\":\"2024-11-18T12:03:07+00:00\",\"dateModified\":\"2024-11-27T10:42:15+00:00\",\"author\":{\"@id\":\"https:\\\/\\\/www.iuma.ulpgc.es\\\/en\\\/#\\\/schema\\\/person\\\/81a1859b6929a5c16615ff26e3b6e8ee\"},\"breadcrumb\":{\"@id\":\"https:\\\/\\\/www.iuma.ulpgc.es\\\/el-profesor-antonio-nunez-premio-nt-2024\\\/#breadcrumb\"},\"inLanguage\":\"en-US\",\"potentialAction\":[{\"@type\":\"ReadAction\",\"target\":[\"https:\\\/\\\/www.iuma.ulpgc.es\\\/el-profesor-antonio-nunez-premio-nt-2024\\\/\"]}]},{\"@type\":\"ImageObject\",\"inLanguage\":\"en-US\",\"@id\":\"https:\\\/\\\/www.iuma.ulpgc.es\\\/el-profesor-antonio-nunez-premio-nt-2024\\\/#primaryimage\",\"url\":\"https:\\\/\\\/www.iuma.ulpgc.es\\\/wp-content\\\/uploads\\\/2024\\\/11\\\/Antonio-Nunez-CarlosCouros-NI2024.jpg\",\"contentUrl\":\"https:\\\/\\\/www.iuma.ulpgc.es\\\/wp-content\\\/uploads\\\/2024\\\/11\\\/Antonio-Nunez-CarlosCouros-NI2024.jpg\",\"width\":1800,\"height\":1200},{\"@type\":\"BreadcrumbList\",\"@id\":\"https:\\\/\\\/www.iuma.ulpgc.es\\\/el-profesor-antonio-nunez-premio-nt-2024\\\/#breadcrumb\",\"itemListElement\":[{\"@type\":\"ListItem\",\"position\":1,\"name\":\"Home\",\"item\":\"https:\\\/\\\/www.iuma.ulpgc.es\\\/\"},{\"@type\":\"ListItem\",\"position\":2,\"name\":\"El Profesor Antonio N\u00fa\u00f1ez, Premio COIT\\\/ACIT\"}]},{\"@type\":\"WebSite\",\"@id\":\"https:\\\/\\\/www.iuma.ulpgc.es\\\/en\\\/#website\",\"url\":\"https:\\\/\\\/www.iuma.ulpgc.es\\\/en\\\/\",\"name\":\"Instituto Universitario de Microelectr\u00f3nica Aplicada\",\"description\":\"El IUMA es un centro de I+D+i de la ULPGC\",\"potentialAction\":[{\"@type\":\"SearchAction\",\"target\":{\"@type\":\"EntryPoint\",\"urlTemplate\":\"https:\\\/\\\/www.iuma.ulpgc.es\\\/en\\\/?s={search_term_string}\"},\"query-input\":{\"@type\":\"PropertyValueSpecification\",\"valueRequired\":true,\"valueName\":\"search_term_string\"}}],\"inLanguage\":\"en-US\"},{\"@type\":\"Person\",\"@id\":\"https:\\\/\\\/www.iuma.ulpgc.es\\\/en\\\/#\\\/schema\\\/person\\\/81a1859b6929a5c16615ff26e3b6e8ee\",\"name\":\"iuma_wp\",\"image\":{\"@type\":\"ImageObject\",\"inLanguage\":\"en-US\",\"@id\":\"https:\\\/\\\/secure.gravatar.com\\\/avatar\\\/ccbd849519410dccb67105c8cda7d394ddb5121b44d68e2ebfe71c5f7ce56b0a?s=96&d=mm&r=g\",\"url\":\"https:\\\/\\\/secure.gravatar.com\\\/avatar\\\/ccbd849519410dccb67105c8cda7d394ddb5121b44d68e2ebfe71c5f7ce56b0a?s=96&d=mm&r=g\",\"contentUrl\":\"https:\\\/\\\/secure.gravatar.com\\\/avatar\\\/ccbd849519410dccb67105c8cda7d394ddb5121b44d68e2ebfe71c5f7ce56b0a?s=96&d=mm&r=g\",\"caption\":\"iuma_wp\"},\"url\":\"https:\\\/\\\/www.iuma.ulpgc.es\\\/en\\\/author\\\/iuma_wp\\\/\"}]}<\/script>\n<!-- \/ Yoast SEO plugin. -->","yoast_head_json":{"title":"El Profesor Antonio N\u00fa\u00f1ez, Premio COIT\/ACIT - Instituto Universitario de Microelectr\u00f3nica Aplicada","robots":{"index":"index","follow":"follow","max-snippet":"max-snippet:-1","max-image-preview":"max-image-preview:large","max-video-preview":"max-video-preview:-1"},"canonical":"https:\/\/www.iuma.ulpgc.es\/en\/el-profesor-antonio-nunez-premio-nt-2024\/","og_locale":"en_US","og_type":"article","og_title":"El Profesor Antonio N\u00fa\u00f1ez, Premio COIT\/ACIT - Instituto Universitario de Microelectr\u00f3nica Aplicada","og_description":"La Asociaci\u00f3n Canaria de Ingenieros de Telecomunicaci\u00f3n (ACIT) y el Colegio Oficial de Ingenieros de Telecomunicaci\u00f3n (COIT) han otorgado una de sus distinciones anuales al Catedr\u00e1tico de la ULPGC Antonio N\u00fa\u00f1ez Ord\u00f3\u00f1ez, en el transcurso de la XVII edici\u00f3n de la Noche de las Telecomunicaciones, organizado por ambas entidades, que se re\u00fanen los principales agentes [&hellip;]","og_url":"https:\/\/www.iuma.ulpgc.es\/en\/el-profesor-antonio-nunez-premio-nt-2024\/","og_site_name":"Instituto Universitario de Microelectr\u00f3nica Aplicada","article_publisher":"https:\/\/www.facebook.com\/IUMA.ulpgc","article_published_time":"2024-11-18T12:03:07+00:00","article_modified_time":"2024-11-27T10:42:15+00:00","og_image":[{"width":1800,"height":1200,"url":"https:\/\/www.iuma.ulpgc.es\/wp-content\/uploads\/2024\/11\/Antonio-Nunez-CarlosCouros-NI2024.jpg","type":"image\/jpeg"}],"author":"iuma_wp","twitter_card":"summary_large_image","twitter_creator":"@iumanews","twitter_site":"@iumanews","twitter_misc":{"Written by":"iuma_wp","Est. reading time":"1 minute"},"schema":{"@context":"https:\/\/schema.org","@graph":[{"@type":"Article","@id":"https:\/\/www.iuma.ulpgc.es\/el-profesor-antonio-nunez-premio-nt-2024\/#article","isPartOf":{"@id":"https:\/\/www.iuma.ulpgc.es\/el-profesor-antonio-nunez-premio-nt-2024\/"},"author":{"name":"iuma_wp","@id":"https:\/\/www.iuma.ulpgc.es\/en\/#\/schema\/person\/81a1859b6929a5c16615ff26e3b6e8ee"},"headline":"El Profesor Antonio N\u00fa\u00f1ez, Premio COIT\/ACIT","datePublished":"2024-11-18T12:03:07+00:00","dateModified":"2024-11-27T10:42:15+00:00","mainEntityOfPage":{"@id":"https:\/\/www.iuma.ulpgc.es\/el-profesor-antonio-nunez-premio-nt-2024\/"},"wordCount":121,"image":{"@id":"https:\/\/www.iuma.ulpgc.es\/el-profesor-antonio-nunez-premio-nt-2024\/#primaryimage"},"thumbnailUrl":"https:\/\/www.iuma.ulpgc.es\/wp-content\/uploads\/2024\/11\/Antonio-Nunez-CarlosCouros-NI2024.jpg","keywords":["Antonio N\u00fa\u00f1ez","Premios"],"articleSection":["Noticias","Noticias Recientes"],"inLanguage":"en-US"},{"@type":"WebPage","@id":"https:\/\/www.iuma.ulpgc.es\/el-profesor-antonio-nunez-premio-nt-2024\/","url":"https:\/\/www.iuma.ulpgc.es\/el-profesor-antonio-nunez-premio-nt-2024\/","name":"El Profesor Antonio N\u00fa\u00f1ez, Premio COIT\/ACIT - Instituto Universitario de Microelectr\u00f3nica Aplicada","isPartOf":{"@id":"https:\/\/www.iuma.ulpgc.es\/en\/#website"},"primaryImageOfPage":{"@id":"https:\/\/www.iuma.ulpgc.es\/el-profesor-antonio-nunez-premio-nt-2024\/#primaryimage"},"image":{"@id":"https:\/\/www.iuma.ulpgc.es\/el-profesor-antonio-nunez-premio-nt-2024\/#primaryimage"},"thumbnailUrl":"https:\/\/www.iuma.ulpgc.es\/wp-content\/uploads\/2024\/11\/Antonio-Nunez-CarlosCouros-NI2024.jpg","datePublished":"2024-11-18T12:03:07+00:00","dateModified":"2024-11-27T10:42:15+00:00","author":{"@id":"https:\/\/www.iuma.ulpgc.es\/en\/#\/schema\/person\/81a1859b6929a5c16615ff26e3b6e8ee"},"breadcrumb":{"@id":"https:\/\/www.iuma.ulpgc.es\/el-profesor-antonio-nunez-premio-nt-2024\/#breadcrumb"},"inLanguage":"en-US","potentialAction":[{"@type":"ReadAction","target":["https:\/\/www.iuma.ulpgc.es\/el-profesor-antonio-nunez-premio-nt-2024\/"]}]},{"@type":"ImageObject","inLanguage":"en-US","@id":"https:\/\/www.iuma.ulpgc.es\/el-profesor-antonio-nunez-premio-nt-2024\/#primaryimage","url":"https:\/\/www.iuma.ulpgc.es\/wp-content\/uploads\/2024\/11\/Antonio-Nunez-CarlosCouros-NI2024.jpg","contentUrl":"https:\/\/www.iuma.ulpgc.es\/wp-content\/uploads\/2024\/11\/Antonio-Nunez-CarlosCouros-NI2024.jpg","width":1800,"height":1200},{"@type":"BreadcrumbList","@id":"https:\/\/www.iuma.ulpgc.es\/el-profesor-antonio-nunez-premio-nt-2024\/#breadcrumb","itemListElement":[{"@type":"ListItem","position":1,"name":"Home","item":"https:\/\/www.iuma.ulpgc.es\/"},{"@type":"ListItem","position":2,"name":"El Profesor Antonio N\u00fa\u00f1ez, Premio COIT\/ACIT"}]},{"@type":"WebSite","@id":"https:\/\/www.iuma.ulpgc.es\/en\/#website","url":"https:\/\/www.iuma.ulpgc.es\/en\/","name":"Institute for Applied Microelectronics","description":"El IUMA es un centro de I+D+i de la ULPGC","potentialAction":[{"@type":"SearchAction","target":{"@type":"EntryPoint","urlTemplate":"https:\/\/www.iuma.ulpgc.es\/en\/?s={search_term_string}"},"query-input":{"@type":"PropertyValueSpecification","valueRequired":true,"valueName":"search_term_string"}}],"inLanguage":"en-US"},{"@type":"Person","@id":"https:\/\/www.iuma.ulpgc.es\/en\/#\/schema\/person\/81a1859b6929a5c16615ff26e3b6e8ee","name":"iuma_wp","image":{"@type":"ImageObject","inLanguage":"en-US","@id":"https:\/\/secure.gravatar.com\/avatar\/ccbd849519410dccb67105c8cda7d394ddb5121b44d68e2ebfe71c5f7ce56b0a?s=96&d=mm&r=g","url":"https:\/\/secure.gravatar.com\/avatar\/ccbd849519410dccb67105c8cda7d394ddb5121b44d68e2ebfe71c5f7ce56b0a?s=96&d=mm&r=g","contentUrl":"https:\/\/secure.gravatar.com\/avatar\/ccbd849519410dccb67105c8cda7d394ddb5121b44d68e2ebfe71c5f7ce56b0a?s=96&d=mm&r=g","caption":"iuma_wp"},"url":"https:\/\/www.iuma.ulpgc.es\/en\/author\/iuma_wp\/"}]}},"post_mailing_queue_ids":[],"_links":{"self":[{"href":"https:\/\/www.iuma.ulpgc.es\/en\/wp-json\/wp\/v2\/posts\/8969","targetHints":{"allow":["GET"]}}],"collection":[{"href":"https:\/\/www.iuma.ulpgc.es\/en\/wp-json\/wp\/v2\/posts"}],"about":[{"href":"https:\/\/www.iuma.ulpgc.es\/en\/wp-json\/wp\/v2\/types\/post"}],"author":[{"embeddable":true,"href":"https:\/\/www.iuma.ulpgc.es\/en\/wp-json\/wp\/v2\/users\/2"}],"replies":[{"embeddable":true,"href":"https:\/\/www.iuma.ulpgc.es\/en\/wp-json\/wp\/v2\/comments?post=8969"}],"version-history":[{"count":2,"href":"https:\/\/www.iuma.ulpgc.es\/en\/wp-json\/wp\/v2\/posts\/8969\/revisions"}],"predecessor-version":[{"id":9014,"href":"https:\/\/www.iuma.ulpgc.es\/en\/wp-json\/wp\/v2\/posts\/8969\/revisions\/9014"}],"wp:featuredmedia":[{"embeddable":true,"href":"https:\/\/www.iuma.ulpgc.es\/en\/wp-json\/wp\/v2\/media\/8971"}],"wp:attachment":[{"href":"https:\/\/www.iuma.ulpgc.es\/en\/wp-json\/wp\/v2\/media?parent=8969"}],"wp:term":[{"taxonomy":"category","embeddable":true,"href":"https:\/\/www.iuma.ulpgc.es\/en\/wp-json\/wp\/v2\/categories?post=8969"},{"taxonomy":"post_tag","embeddable":true,"href":"https:\/\/www.iuma.ulpgc.es\/en\/wp-json\/wp\/v2\/tags?post=8969"}],"curies":[{"name":"wp","href":"https:\/\/api.w.org\/{rel}","templated":true}]}}