{"id":9061,"date":"2024-11-29T12:35:00","date_gmt":"2024-11-29T12:35:00","guid":{"rendered":"https:\/\/www.iuma.ulpgc.es\/?p=9061"},"modified":"2025-02-19T22:41:05","modified_gmt":"2025-02-19T22:41:05","slug":"el-proyecto-stratum-recibe-el-best-poster-award-en-los-brain-innovation-days-celebrado-en-bruselas","status":"publish","type":"post","link":"https:\/\/www.iuma.ulpgc.es\/en\/el-proyecto-stratum-recibe-el-best-poster-award-en-los-brain-innovation-days-celebrado-en-bruselas\/","title":{"rendered":"The STRATUM Project Wins Best Poster Award at the Brain Innovation Days in Brussels"},"content":{"rendered":"<div class=\"wp-block-image\">\n<figure class=\"alignleft size-full is-resized\"><img loading=\"lazy\" decoding=\"async\" width=\"1600\" height=\"1154\" src=\"https:\/\/www.iuma.ulpgc.es\/wp-content\/uploads\/2025\/02\/Stratum.jpg\" alt=\"\" class=\"wp-image-9063\" style=\"width:492px;height:auto\" srcset=\"https:\/\/www.iuma.ulpgc.es\/wp-content\/uploads\/2025\/02\/Stratum.jpg 1600w, https:\/\/www.iuma.ulpgc.es\/wp-content\/uploads\/2025\/02\/Stratum-300x216.jpg 300w, https:\/\/www.iuma.ulpgc.es\/wp-content\/uploads\/2025\/02\/Stratum-1024x739.jpg 1024w, https:\/\/www.iuma.ulpgc.es\/wp-content\/uploads\/2025\/02\/Stratum-768x554.jpg 768w, https:\/\/www.iuma.ulpgc.es\/wp-content\/uploads\/2025\/02\/Stratum-1536x1108.jpg 1536w, https:\/\/www.iuma.ulpgc.es\/wp-content\/uploads\/2025\/02\/Stratum-18x12.jpg 18w\" sizes=\"auto, (max-width: 1600px) 100vw, 1600px\" \/><\/figure>\n<\/div>\n\n\n<p class=\"has-text-align-left wp-block-paragraph\">STRATUM has been honoured with the Best Poster Award at the 4th edition of the <em>Brain Innovation Days<\/em>. This event, organized by the European Brain Council, took place on November 13 and 14, 2024, in Brussels, Belgium, under the theme \"Navigating the Brain Throughout Life.\" The European Brain Council is a network of key stakeholders in brain research, including scientific societies, patient organizations, professional associations, and industry partners.<\/p>\n\n\n\n<p class=\"wp-block-paragraph\">Over two days, the conference brought together leading researchers, professionals, and industry leaders to explore advancements in neuroscience. The program featured plenary sessions, inspiring talks, poster presentations, cutting-edge innovations in brain research, and networking opportunities. It also included competitions such as the <em>Brain Innovation Days Pitch Competition<\/em> and the <em>Brain Innovation Days Poster Competition<\/em>, where Dr. Raquel Le\u00f3n was recognized for her outstanding presentation.<\/p>\n\n\n\n<p class=\"wp-block-paragraph\">Dr. Raquel Le\u00f3n presented the European project titled <strong>\u201cSTRATUM: 3D Decision Support Tool for Brain Tumor Surgery\u201d<\/strong>. STRATUM is an ambitious initiative aimed at developing a clinically validated 3D tool for guiding and diagnosing brain tumors during surgery. Based on multimodal data processing using Artificial Intelligence algorithms, this tool will be integrated as low-power software at the point of care.<\/p>\n\n\n\n<p class=\"wp-block-paragraph\">The STRATUM consortium consists of 12 partners from across Europe, including academic institutions and companies. Coordinated by the ULPGC, the project was represented at the Brain Innovation Days by Dr. Raquel Le\u00f3n and Ms. Laura Quintana. Additionally, Ms. Chrysanthi Bairaktari represented the European Citizen Science Association (ECSA), which leads Work Package 7, focused on project dissemination, communication, and exploitation.  \nThis work package aims not only to maximize the visibility of the project's outcomes but also to define a roadmap for advancing STRATUM from Technology Readiness Level (TRL) 7 to TRL 9. Furthermore, it includes strategies to enhance impact and a business plan geared toward the commercialization of this innovative medical tool.<\/p>\n\n\n\n<figure class=\"wp-block-image size-full is-resized\"><img loading=\"lazy\" decoding=\"async\" width=\"380\" height=\"277\" src=\"https:\/\/www.iuma.ulpgc.es\/wp-content\/uploads\/2025\/02\/stratum2-1.jpg\" alt=\"\" class=\"wp-image-9065\" style=\"width:521px;height:auto\" srcset=\"https:\/\/www.iuma.ulpgc.es\/wp-content\/uploads\/2025\/02\/stratum2-1.jpg 380w, https:\/\/www.iuma.ulpgc.es\/wp-content\/uploads\/2025\/02\/stratum2-1-300x219.jpg 300w, https:\/\/www.iuma.ulpgc.es\/wp-content\/uploads\/2025\/02\/stratum2-1-16x12.jpg 16w\" sizes=\"auto, (max-width: 380px) 100vw, 380px\" \/><\/figure>\n\n\n\n<p class=\"wp-block-paragraph\">The remarkable presence of the STRATUM team at the <em>Brain Innovation Days<\/em> highlights the project's commitment to innovation and excellence in AI-assisted neurosurgery.<\/p>\n\n\n\n<p class=\"wp-block-paragraph\"><em>A tremendous success for STRATUM at the Brain Innovation Days!<\/em><\/p>\n\n\n\n<p class=\"wp-block-paragraph\"><\/p>\n\n\n\n<p class=\"wp-block-paragraph\"><\/p>","protected":false},"excerpt":{"rendered":"<p>El proyecto STRATUM ha sido galardonada con el Best Poster Award en la 4\u00aa edici\u00f3n del Brain Innovation Days. Este evento, organizado por el European Brain Council, tuvo lugar los d\u00edas 13 y 14 de noviembre de 2024 en Bruselas (B\u00e9lgica), bajo el lema \u00abNavegar por el cerebro a lo largo de la vida\u00bb. El [&hellip;]<\/p>\n","protected":false},"author":2,"featured_media":9063,"comment_status":"closed","ping_status":"open","sticky":false,"template":"","format":"standard","meta":{"_crdt_document":"","footnotes":""},"categories":[18,14],"tags":[83],"class_list":["post-9061","post","type-post","status-publish","format-standard","has-post-thumbnail","hentry","category-noticias","category-noticias-recientes","tag-premios"],"yoast_head":"<!-- This site is optimized with the Yoast SEO plugin v27.5 - https:\/\/yoast.com\/product\/yoast-seo-wordpress\/ -->\n<title>El proyecto STRATUM recibe el Best Poster Award en los Brain Innovation Days celebrado\u00a0en\u00a0Bruselas - Instituto Universitario de Microelectr\u00f3nica Aplicada<\/title>\n<meta name=\"robots\" content=\"index, follow, max-snippet:-1, max-image-preview:large, max-video-preview:-1\" \/>\n<link rel=\"canonical\" href=\"https:\/\/www.iuma.ulpgc.es\/en\/el-proyecto-stratum-recibe-el-best-poster-award-en-los-brain-innovation-days-celebrado-en-bruselas\/\" \/>\n<meta property=\"og:locale\" content=\"en_US\" \/>\n<meta property=\"og:type\" content=\"article\" \/>\n<meta property=\"og:title\" content=\"El proyecto STRATUM recibe el Best Poster Award en los Brain Innovation Days celebrado\u00a0en\u00a0Bruselas - Instituto Universitario de Microelectr\u00f3nica Aplicada\" \/>\n<meta property=\"og:description\" content=\"El proyecto STRATUM ha sido galardonada con el Best Poster Award en la 4\u00aa edici\u00f3n del Brain Innovation Days. Este evento, organizado por el European Brain Council, tuvo lugar los d\u00edas 13 y 14 de noviembre de 2024 en Bruselas (B\u00e9lgica), bajo el lema \u00abNavegar por el cerebro a lo largo de la vida\u00bb. El [&hellip;]\" \/>\n<meta property=\"og:url\" content=\"https:\/\/www.iuma.ulpgc.es\/en\/el-proyecto-stratum-recibe-el-best-poster-award-en-los-brain-innovation-days-celebrado-en-bruselas\/\" \/>\n<meta property=\"og:site_name\" content=\"Instituto Universitario de Microelectr\u00f3nica Aplicada\" \/>\n<meta property=\"article:publisher\" content=\"https:\/\/www.facebook.com\/IUMA.ulpgc\" \/>\n<meta property=\"article:published_time\" content=\"2024-11-29T12:35:00+00:00\" \/>\n<meta property=\"article:modified_time\" content=\"2025-02-19T22:41:05+00:00\" \/>\n<meta property=\"og:image\" content=\"https:\/\/www.iuma.ulpgc.es\/wp-content\/uploads\/2025\/02\/Stratum.jpg\" \/>\n\t<meta property=\"og:image:width\" content=\"1600\" \/>\n\t<meta property=\"og:image:height\" content=\"1154\" \/>\n\t<meta property=\"og:image:type\" content=\"image\/jpeg\" \/>\n<meta name=\"author\" content=\"iuma_wp\" \/>\n<meta name=\"twitter:card\" content=\"summary_large_image\" \/>\n<meta name=\"twitter:creator\" content=\"@iumanews\" \/>\n<meta name=\"twitter:site\" content=\"@iumanews\" \/>\n<meta name=\"twitter:label1\" content=\"Written by\" \/>\n\t<meta name=\"twitter:data1\" content=\"iuma_wp\" \/>\n\t<meta name=\"twitter:label2\" content=\"Est. reading time\" \/>\n\t<meta name=\"twitter:data2\" content=\"2 minutes\" \/>\n<script type=\"application\/ld+json\" class=\"yoast-schema-graph\">{\"@context\":\"https:\\\/\\\/schema.org\",\"@graph\":[{\"@type\":\"Article\",\"@id\":\"https:\\\/\\\/www.iuma.ulpgc.es\\\/el-proyecto-stratum-recibe-el-best-poster-award-en-los-brain-innovation-days-celebrado-en-bruselas\\\/#article\",\"isPartOf\":{\"@id\":\"https:\\\/\\\/www.iuma.ulpgc.es\\\/el-proyecto-stratum-recibe-el-best-poster-award-en-los-brain-innovation-days-celebrado-en-bruselas\\\/\"},\"author\":{\"name\":\"iuma_wp\",\"@id\":\"https:\\\/\\\/www.iuma.ulpgc.es\\\/en\\\/#\\\/schema\\\/person\\\/81a1859b6929a5c16615ff26e3b6e8ee\"},\"headline\":\"El proyecto STRATUM recibe el Best Poster Award en los Brain Innovation Days celebrado\u00a0en\u00a0Bruselas\",\"datePublished\":\"2024-11-29T12:35:00+00:00\",\"dateModified\":\"2025-02-19T22:41:05+00:00\",\"mainEntityOfPage\":{\"@id\":\"https:\\\/\\\/www.iuma.ulpgc.es\\\/el-proyecto-stratum-recibe-el-best-poster-award-en-los-brain-innovation-days-celebrado-en-bruselas\\\/\"},\"wordCount\":442,\"image\":{\"@id\":\"https:\\\/\\\/www.iuma.ulpgc.es\\\/el-proyecto-stratum-recibe-el-best-poster-award-en-los-brain-innovation-days-celebrado-en-bruselas\\\/#primaryimage\"},\"thumbnailUrl\":\"https:\\\/\\\/www.iuma.ulpgc.es\\\/wp-content\\\/uploads\\\/2025\\\/02\\\/Stratum.jpg\",\"keywords\":[\"Premios\"],\"articleSection\":[\"Noticias\",\"Noticias Recientes\"],\"inLanguage\":\"en-US\"},{\"@type\":\"WebPage\",\"@id\":\"https:\\\/\\\/www.iuma.ulpgc.es\\\/el-proyecto-stratum-recibe-el-best-poster-award-en-los-brain-innovation-days-celebrado-en-bruselas\\\/\",\"url\":\"https:\\\/\\\/www.iuma.ulpgc.es\\\/el-proyecto-stratum-recibe-el-best-poster-award-en-los-brain-innovation-days-celebrado-en-bruselas\\\/\",\"name\":\"El proyecto STRATUM recibe el Best Poster Award en los Brain Innovation Days celebrado\u00a0en\u00a0Bruselas - Instituto Universitario de Microelectr\u00f3nica Aplicada\",\"isPartOf\":{\"@id\":\"https:\\\/\\\/www.iuma.ulpgc.es\\\/en\\\/#website\"},\"primaryImageOfPage\":{\"@id\":\"https:\\\/\\\/www.iuma.ulpgc.es\\\/el-proyecto-stratum-recibe-el-best-poster-award-en-los-brain-innovation-days-celebrado-en-bruselas\\\/#primaryimage\"},\"image\":{\"@id\":\"https:\\\/\\\/www.iuma.ulpgc.es\\\/el-proyecto-stratum-recibe-el-best-poster-award-en-los-brain-innovation-days-celebrado-en-bruselas\\\/#primaryimage\"},\"thumbnailUrl\":\"https:\\\/\\\/www.iuma.ulpgc.es\\\/wp-content\\\/uploads\\\/2025\\\/02\\\/Stratum.jpg\",\"datePublished\":\"2024-11-29T12:35:00+00:00\",\"dateModified\":\"2025-02-19T22:41:05+00:00\",\"author\":{\"@id\":\"https:\\\/\\\/www.iuma.ulpgc.es\\\/en\\\/#\\\/schema\\\/person\\\/81a1859b6929a5c16615ff26e3b6e8ee\"},\"breadcrumb\":{\"@id\":\"https:\\\/\\\/www.iuma.ulpgc.es\\\/el-proyecto-stratum-recibe-el-best-poster-award-en-los-brain-innovation-days-celebrado-en-bruselas\\\/#breadcrumb\"},\"inLanguage\":\"en-US\",\"potentialAction\":[{\"@type\":\"ReadAction\",\"target\":[\"https:\\\/\\\/www.iuma.ulpgc.es\\\/el-proyecto-stratum-recibe-el-best-poster-award-en-los-brain-innovation-days-celebrado-en-bruselas\\\/\"]}]},{\"@type\":\"ImageObject\",\"inLanguage\":\"en-US\",\"@id\":\"https:\\\/\\\/www.iuma.ulpgc.es\\\/el-proyecto-stratum-recibe-el-best-poster-award-en-los-brain-innovation-days-celebrado-en-bruselas\\\/#primaryimage\",\"url\":\"https:\\\/\\\/www.iuma.ulpgc.es\\\/wp-content\\\/uploads\\\/2025\\\/02\\\/Stratum.jpg\",\"contentUrl\":\"https:\\\/\\\/www.iuma.ulpgc.es\\\/wp-content\\\/uploads\\\/2025\\\/02\\\/Stratum.jpg\",\"width\":1600,\"height\":1154},{\"@type\":\"BreadcrumbList\",\"@id\":\"https:\\\/\\\/www.iuma.ulpgc.es\\\/el-proyecto-stratum-recibe-el-best-poster-award-en-los-brain-innovation-days-celebrado-en-bruselas\\\/#breadcrumb\",\"itemListElement\":[{\"@type\":\"ListItem\",\"position\":1,\"name\":\"Home\",\"item\":\"https:\\\/\\\/www.iuma.ulpgc.es\\\/\"},{\"@type\":\"ListItem\",\"position\":2,\"name\":\"El proyecto STRATUM recibe el Best Poster Award en los Brain Innovation Days celebrado\u00a0en\u00a0Bruselas\"}]},{\"@type\":\"WebSite\",\"@id\":\"https:\\\/\\\/www.iuma.ulpgc.es\\\/en\\\/#website\",\"url\":\"https:\\\/\\\/www.iuma.ulpgc.es\\\/en\\\/\",\"name\":\"Instituto Universitario de Microelectr\u00f3nica Aplicada\",\"description\":\"El IUMA es un centro de I+D+i de la ULPGC\",\"potentialAction\":[{\"@type\":\"SearchAction\",\"target\":{\"@type\":\"EntryPoint\",\"urlTemplate\":\"https:\\\/\\\/www.iuma.ulpgc.es\\\/en\\\/?s={search_term_string}\"},\"query-input\":{\"@type\":\"PropertyValueSpecification\",\"valueRequired\":true,\"valueName\":\"search_term_string\"}}],\"inLanguage\":\"en-US\"},{\"@type\":\"Person\",\"@id\":\"https:\\\/\\\/www.iuma.ulpgc.es\\\/en\\\/#\\\/schema\\\/person\\\/81a1859b6929a5c16615ff26e3b6e8ee\",\"name\":\"iuma_wp\",\"image\":{\"@type\":\"ImageObject\",\"inLanguage\":\"en-US\",\"@id\":\"https:\\\/\\\/secure.gravatar.com\\\/avatar\\\/ccbd849519410dccb67105c8cda7d394ddb5121b44d68e2ebfe71c5f7ce56b0a?s=96&d=mm&r=g\",\"url\":\"https:\\\/\\\/secure.gravatar.com\\\/avatar\\\/ccbd849519410dccb67105c8cda7d394ddb5121b44d68e2ebfe71c5f7ce56b0a?s=96&d=mm&r=g\",\"contentUrl\":\"https:\\\/\\\/secure.gravatar.com\\\/avatar\\\/ccbd849519410dccb67105c8cda7d394ddb5121b44d68e2ebfe71c5f7ce56b0a?s=96&d=mm&r=g\",\"caption\":\"iuma_wp\"},\"url\":\"https:\\\/\\\/www.iuma.ulpgc.es\\\/en\\\/author\\\/iuma_wp\\\/\"}]}<\/script>\n<!-- \/ Yoast SEO plugin. -->","yoast_head_json":{"title":"El proyecto STRATUM recibe el Best Poster Award en los Brain Innovation Days celebrado\u00a0en\u00a0Bruselas - Instituto Universitario de Microelectr\u00f3nica Aplicada","robots":{"index":"index","follow":"follow","max-snippet":"max-snippet:-1","max-image-preview":"max-image-preview:large","max-video-preview":"max-video-preview:-1"},"canonical":"https:\/\/www.iuma.ulpgc.es\/en\/el-proyecto-stratum-recibe-el-best-poster-award-en-los-brain-innovation-days-celebrado-en-bruselas\/","og_locale":"en_US","og_type":"article","og_title":"El proyecto STRATUM recibe el Best Poster Award en los Brain Innovation Days celebrado\u00a0en\u00a0Bruselas - Instituto Universitario de Microelectr\u00f3nica Aplicada","og_description":"El proyecto STRATUM ha sido galardonada con el Best Poster Award en la 4\u00aa edici\u00f3n del Brain Innovation Days. Este evento, organizado por el European Brain Council, tuvo lugar los d\u00edas 13 y 14 de noviembre de 2024 en Bruselas (B\u00e9lgica), bajo el lema \u00abNavegar por el cerebro a lo largo de la vida\u00bb. El [&hellip;]","og_url":"https:\/\/www.iuma.ulpgc.es\/en\/el-proyecto-stratum-recibe-el-best-poster-award-en-los-brain-innovation-days-celebrado-en-bruselas\/","og_site_name":"Instituto Universitario de Microelectr\u00f3nica Aplicada","article_publisher":"https:\/\/www.facebook.com\/IUMA.ulpgc","article_published_time":"2024-11-29T12:35:00+00:00","article_modified_time":"2025-02-19T22:41:05+00:00","og_image":[{"width":1600,"height":1154,"url":"https:\/\/www.iuma.ulpgc.es\/wp-content\/uploads\/2025\/02\/Stratum.jpg","type":"image\/jpeg"}],"author":"iuma_wp","twitter_card":"summary_large_image","twitter_creator":"@iumanews","twitter_site":"@iumanews","twitter_misc":{"Written by":"iuma_wp","Est. reading time":"2 minutes"},"schema":{"@context":"https:\/\/schema.org","@graph":[{"@type":"Article","@id":"https:\/\/www.iuma.ulpgc.es\/el-proyecto-stratum-recibe-el-best-poster-award-en-los-brain-innovation-days-celebrado-en-bruselas\/#article","isPartOf":{"@id":"https:\/\/www.iuma.ulpgc.es\/el-proyecto-stratum-recibe-el-best-poster-award-en-los-brain-innovation-days-celebrado-en-bruselas\/"},"author":{"name":"iuma_wp","@id":"https:\/\/www.iuma.ulpgc.es\/en\/#\/schema\/person\/81a1859b6929a5c16615ff26e3b6e8ee"},"headline":"El proyecto STRATUM recibe el Best Poster Award en los Brain Innovation Days celebrado\u00a0en\u00a0Bruselas","datePublished":"2024-11-29T12:35:00+00:00","dateModified":"2025-02-19T22:41:05+00:00","mainEntityOfPage":{"@id":"https:\/\/www.iuma.ulpgc.es\/el-proyecto-stratum-recibe-el-best-poster-award-en-los-brain-innovation-days-celebrado-en-bruselas\/"},"wordCount":442,"image":{"@id":"https:\/\/www.iuma.ulpgc.es\/el-proyecto-stratum-recibe-el-best-poster-award-en-los-brain-innovation-days-celebrado-en-bruselas\/#primaryimage"},"thumbnailUrl":"https:\/\/www.iuma.ulpgc.es\/wp-content\/uploads\/2025\/02\/Stratum.jpg","keywords":["Premios"],"articleSection":["Noticias","Noticias Recientes"],"inLanguage":"en-US"},{"@type":"WebPage","@id":"https:\/\/www.iuma.ulpgc.es\/el-proyecto-stratum-recibe-el-best-poster-award-en-los-brain-innovation-days-celebrado-en-bruselas\/","url":"https:\/\/www.iuma.ulpgc.es\/el-proyecto-stratum-recibe-el-best-poster-award-en-los-brain-innovation-days-celebrado-en-bruselas\/","name":"El proyecto STRATUM recibe el Best Poster Award en los Brain Innovation Days celebrado\u00a0en\u00a0Bruselas - Instituto Universitario de Microelectr\u00f3nica Aplicada","isPartOf":{"@id":"https:\/\/www.iuma.ulpgc.es\/en\/#website"},"primaryImageOfPage":{"@id":"https:\/\/www.iuma.ulpgc.es\/el-proyecto-stratum-recibe-el-best-poster-award-en-los-brain-innovation-days-celebrado-en-bruselas\/#primaryimage"},"image":{"@id":"https:\/\/www.iuma.ulpgc.es\/el-proyecto-stratum-recibe-el-best-poster-award-en-los-brain-innovation-days-celebrado-en-bruselas\/#primaryimage"},"thumbnailUrl":"https:\/\/www.iuma.ulpgc.es\/wp-content\/uploads\/2025\/02\/Stratum.jpg","datePublished":"2024-11-29T12:35:00+00:00","dateModified":"2025-02-19T22:41:05+00:00","author":{"@id":"https:\/\/www.iuma.ulpgc.es\/en\/#\/schema\/person\/81a1859b6929a5c16615ff26e3b6e8ee"},"breadcrumb":{"@id":"https:\/\/www.iuma.ulpgc.es\/el-proyecto-stratum-recibe-el-best-poster-award-en-los-brain-innovation-days-celebrado-en-bruselas\/#breadcrumb"},"inLanguage":"en-US","potentialAction":[{"@type":"ReadAction","target":["https:\/\/www.iuma.ulpgc.es\/el-proyecto-stratum-recibe-el-best-poster-award-en-los-brain-innovation-days-celebrado-en-bruselas\/"]}]},{"@type":"ImageObject","inLanguage":"en-US","@id":"https:\/\/www.iuma.ulpgc.es\/el-proyecto-stratum-recibe-el-best-poster-award-en-los-brain-innovation-days-celebrado-en-bruselas\/#primaryimage","url":"https:\/\/www.iuma.ulpgc.es\/wp-content\/uploads\/2025\/02\/Stratum.jpg","contentUrl":"https:\/\/www.iuma.ulpgc.es\/wp-content\/uploads\/2025\/02\/Stratum.jpg","width":1600,"height":1154},{"@type":"BreadcrumbList","@id":"https:\/\/www.iuma.ulpgc.es\/el-proyecto-stratum-recibe-el-best-poster-award-en-los-brain-innovation-days-celebrado-en-bruselas\/#breadcrumb","itemListElement":[{"@type":"ListItem","position":1,"name":"Home","item":"https:\/\/www.iuma.ulpgc.es\/"},{"@type":"ListItem","position":2,"name":"El proyecto STRATUM recibe el Best Poster Award en los Brain Innovation Days celebrado\u00a0en\u00a0Bruselas"}]},{"@type":"WebSite","@id":"https:\/\/www.iuma.ulpgc.es\/en\/#website","url":"https:\/\/www.iuma.ulpgc.es\/en\/","name":"Institute for Applied Microelectronics","description":"El IUMA es un centro de I+D+i de la ULPGC","potentialAction":[{"@type":"SearchAction","target":{"@type":"EntryPoint","urlTemplate":"https:\/\/www.iuma.ulpgc.es\/en\/?s={search_term_string}"},"query-input":{"@type":"PropertyValueSpecification","valueRequired":true,"valueName":"search_term_string"}}],"inLanguage":"en-US"},{"@type":"Person","@id":"https:\/\/www.iuma.ulpgc.es\/en\/#\/schema\/person\/81a1859b6929a5c16615ff26e3b6e8ee","name":"iuma_wp","image":{"@type":"ImageObject","inLanguage":"en-US","@id":"https:\/\/secure.gravatar.com\/avatar\/ccbd849519410dccb67105c8cda7d394ddb5121b44d68e2ebfe71c5f7ce56b0a?s=96&d=mm&r=g","url":"https:\/\/secure.gravatar.com\/avatar\/ccbd849519410dccb67105c8cda7d394ddb5121b44d68e2ebfe71c5f7ce56b0a?s=96&d=mm&r=g","contentUrl":"https:\/\/secure.gravatar.com\/avatar\/ccbd849519410dccb67105c8cda7d394ddb5121b44d68e2ebfe71c5f7ce56b0a?s=96&d=mm&r=g","caption":"iuma_wp"},"url":"https:\/\/www.iuma.ulpgc.es\/en\/author\/iuma_wp\/"}]}},"post_mailing_queue_ids":[],"_links":{"self":[{"href":"https:\/\/www.iuma.ulpgc.es\/en\/wp-json\/wp\/v2\/posts\/9061","targetHints":{"allow":["GET"]}}],"collection":[{"href":"https:\/\/www.iuma.ulpgc.es\/en\/wp-json\/wp\/v2\/posts"}],"about":[{"href":"https:\/\/www.iuma.ulpgc.es\/en\/wp-json\/wp\/v2\/types\/post"}],"author":[{"embeddable":true,"href":"https:\/\/www.iuma.ulpgc.es\/en\/wp-json\/wp\/v2\/users\/2"}],"replies":[{"embeddable":true,"href":"https:\/\/www.iuma.ulpgc.es\/en\/wp-json\/wp\/v2\/comments?post=9061"}],"version-history":[{"count":4,"href":"https:\/\/www.iuma.ulpgc.es\/en\/wp-json\/wp\/v2\/posts\/9061\/revisions"}],"predecessor-version":[{"id":9072,"href":"https:\/\/www.iuma.ulpgc.es\/en\/wp-json\/wp\/v2\/posts\/9061\/revisions\/9072"}],"wp:featuredmedia":[{"embeddable":true,"href":"https:\/\/www.iuma.ulpgc.es\/en\/wp-json\/wp\/v2\/media\/9063"}],"wp:attachment":[{"href":"https:\/\/www.iuma.ulpgc.es\/en\/wp-json\/wp\/v2\/media?parent=9061"}],"wp:term":[{"taxonomy":"category","embeddable":true,"href":"https:\/\/www.iuma.ulpgc.es\/en\/wp-json\/wp\/v2\/categories?post=9061"},{"taxonomy":"post_tag","embeddable":true,"href":"https:\/\/www.iuma.ulpgc.es\/en\/wp-json\/wp\/v2\/tags?post=9061"}],"curies":[{"name":"wp","href":"https:\/\/api.w.org\/{rel}","templated":true}]}}